{"id":444978,"date":"2025-10-07T11:45:38","date_gmt":"2025-10-07T11:45:38","guid":{"rendered":"https:\/\/www.europesays.com\/fr\/444978\/"},"modified":"2025-10-07T11:45:38","modified_gmt":"2025-10-07T11:45:38","slug":"les-supporters-ont-elu-le-meilleur-joueur-parisien","status":"publish","type":"post","link":"https:\/\/www.europesays.com\/fr\/444978\/","title":{"rendered":"Les supporters ont \u00e9lu le meilleur joueur parisien"},"content":{"rendered":"<p><strong>Dimanche au <b>Stade Pierre Mauroy<\/b>, le Paris Saint-Germain a fait match nul 1-1 lors de la 1ere journ\u00e9e de la <b>7e journ\u00e9e de Ligue 1<\/b> 2025-2026 face \u00e0 <b>Lille<\/b> (<b><a href=\"https:\/\/www.parisfans.fr\/videos-psg\/resume-video-lille-psg-1-1-mbappe-repond-au-missile-de-mendes-865219.html\" target=\"_blank\" rel=\"noopener\">r\u00e9sum\u00e9 vid\u00e9o Lille\/PSG<\/a><\/b>). Nous avons ensuite demand\u00e9 \u00e0 nos lecteurs, comme apr\u00e8s chaque match dor\u00e9navant, de voter pour le meilleur parisien de la rencontre. Willian Pacho (d\u00e9fenseur de 23 ans), s\u2019est impos\u00e9.<\/strong><\/p>\n<p><img loading=\"lazy\" decoding=\"async\" class=\"aligncenter size-medium wp-image-881022 lazyload\" alt=\"\" width=\"469\" height=\"343\" data-eio=\"p\" src=\"https:\/\/www.europesays.com\/fr\/wp-content\/uploads\/2025\/10\/elu-4.png\"  data- data-eio-rwidth=\"469\" data-eio-rheight=\"343\"\/><\/p>\n<p>Un succ\u00e8s qui n\u2019est pas une surprise, car Pacho a \u00e9t\u00e9 un patron dans une d\u00e9fense longtemps tr\u00e8s solide. Et il n\u2019est pas responsable sur le but encaiss\u00e9. L\u2019Equatorien continue de s\u2019imposer comme un patron et on peut penser que cela continuera encore longtemps.<\/p>\n<p>Sur le podium, Lee Kang-In (milieu\/attaquant de 24 ans) et Lucas Hernandez (d\u00e9fenseur de 29 ans) semblent aussi assez logiques. Le Cor\u00e9en a mis une belle \u00e9nergie au milieu d\u00e9fensivement et a \u00e9t\u00e9 un bon organisateur. M\u00eame s\u2019il rate un contr\u00f4le sur le but encaiss\u00e9. Quant \u00e0 Hernandez, il confirme son retour en forme en \u00e9tant tr\u00e8s solide.<\/p>\n<p>Merci en tout cas pour vos votes. Pour rappel, le podium de chaque match est utilis\u00e9 ensuite pour l\u2019\u00e9lection du joueur du mois.<\/p>\n<p>\t\t\t\t\t\t\t\t\t\t\t\t\t\t\t\t\t\t\t\t\t\t\t<img loading=\"lazy\" src=\"https:\/\/www.europesays.com\/fr\/wp-content\/uploads\/2025\/04\/ParisFans_Logo.png\" decoding=\"async\" class=\"lazyload\" width=\"240\" height=\"54\" data-eio-rwidth=\"240\" data-eio-rheight=\"54\"\/><\/p>\n","protected":false},"excerpt":{"rendered":"Dimanche au Stade Pierre Mauroy, le Paris Saint-Germain a fait match nul 1-1 lors de la 1ere journ\u00e9e&hellip;\n","protected":false},"author":2,"featured_media":444979,"comment_status":"","ping_status":"","sticky":false,"template":"","format":"standard","meta":{"footnotes":""},"categories":[2815],"tags":[1111,11,1777,674,1011,27,811,1307,56358,12,25],"class_list":{"0":"post-444978","1":"post","2":"type-post","3":"status-publish","4":"format-standard","5":"has-post-thumbnail","7":"category-lille","8":"tag-actu","9":"tag-actualites","10":"tag-eu","11":"tag-europe","12":"tag-fr","13":"tag-france","14":"tag-hauts-de-france","15":"tag-lille","16":"tag-lille-psg","17":"tag-news","18":"tag-republique-francaise"},"share_on_mastodon":{"url":"https:\/\/pubeurope.com\/@fr\/115332718963923390","error":""},"_links":{"self":[{"href":"https:\/\/www.europesays.com\/fr\/wp-json\/wp\/v2\/posts\/444978","targetHints":{"allow":["GET"]}}],"collection":[{"href":"https:\/\/www.europesays.com\/fr\/wp-json\/wp\/v2\/posts"}],"about":[{"href":"https:\/\/www.europesays.com\/fr\/wp-json\/wp\/v2\/types\/post"}],"author":[{"embeddable":true,"href":"https:\/\/www.europesays.com\/fr\/wp-json\/wp\/v2\/users\/2"}],"replies":[{"embeddable":true,"href":"https:\/\/www.europesays.com\/fr\/wp-json\/wp\/v2\/comments?post=444978"}],"version-history":[{"count":0,"href":"https:\/\/www.europesays.com\/fr\/wp-json\/wp\/v2\/posts\/444978\/revisions"}],"wp:featuredmedia":[{"embeddable":true,"href":"https:\/\/www.europesays.com\/fr\/wp-json\/wp\/v2\/media\/444979"}],"wp:attachment":[{"href":"https:\/\/www.europesays.com\/fr\/wp-json\/wp\/v2\/media?parent=444978"}],"wp:term":[{"taxonomy":"category","embeddable":true,"href":"https:\/\/www.europesays.com\/fr\/wp-json\/wp\/v2\/categories?post=444978"},{"taxonomy":"post_tag","embeddable":true,"href":"https:\/\/www.europesays.com\/fr\/wp-json\/wp\/v2\/tags?post=444978"}],"curies":[{"name":"wp","href":"https:\/\/api.w.org\/{rel}","templated":true}]}}