{"id":444984,"date":"2025-10-07T11:48:12","date_gmt":"2025-10-07T11:48:12","guid":{"rendered":"https:\/\/www.europesays.com\/fr\/444984\/"},"modified":"2025-10-07T11:48:12","modified_gmt":"2025-10-07T11:48:12","slug":"au-sud-de-lyon-des-vitesses-regulees-entre-50-et-110-km-h-a-partir-du-8-octobre","status":"publish","type":"post","link":"https:\/\/www.europesays.com\/fr\/444984\/","title":{"rendered":"au sud de Lyon, des vitesses r\u00e9gul\u00e9es entre 50 et 110\u00a0km\/h \u00e0 partir du 8\u00a0octobre"},"content":{"rendered":"<p>Am\u00e9liorer le trafic de l\u2019autoroute A7 dans le sud lyonnais, c\u2019est l\u2019objectif de cette nouvelle r\u00e9gulation dynamique. Elle s\u2019applique d\u00e8s ce mercredi 8\u00a0octobre 2025 \u00e0 7 heures, dans le sens Sud-Nord sur les trois voies de l\u2019autoroute A7 entre l\u2019\u00e9changeur de Ternay et jusqu\u2019\u00e0 l\u2019\u00e9changeur du boulevard urbain sud (ex D 301) au niveau de Feyzin. Suivant les tron\u00e7ons et en fonction du trafic, la vitesse pourra varier entre 50\u00a0km\/h et 110\u00a0km\/h. Conform\u00e9ment au Code de la route, des panneaux de polices variables indiqueront, dynamiquement et en temps r\u00e9el, les vitesses r\u00e9glementaires \u00e0 respecter.<\/p>\n<p>  Pour plus de s\u00e9curit\u00e9<\/p>\n<p>En cas de fort trafic, la modulation des vitesses permettra de retarder l\u2019apparition des congestions, selon la Direction interd\u00e9partementale des routes centre-est (DIR Centre-Est). Habituellement fix\u00e9e \u00e0 70\u00a0km\/h sur toutes les voies, la r\u00e9gulation dynamique des vitesses permettra d\u2019abaisser cette vitesse jusqu\u2019\u00e0 50\u00a0km\/h en cas d\u2019apparition d\u2019embouteillages sur l\u2019autoroute et de saturation des voies, am\u00e9liorant ainsi la s\u00e9curit\u00e9 des usagers arrivant sur la congestion.<\/p>\n<p class=\"note\">Les d\u00e9tails relatifs \u00e0 cette r\u00e9gulation dynamique des vitesses sont consultables sur le site internet de la DIR Centre-Est\u00a0: <a href=\"https:\/\/www.dir.centre-est.developpement-durable.gouv.fr\/\" target=\"_blank\" rel=\"nofollow noopener\">https:\/\/www.dir.centre-est.developpement-durable.gouv.fr\/<\/a><\/p>\n","protected":false},"excerpt":{"rendered":"Am\u00e9liorer le trafic de l\u2019autoroute A7 dans le sud lyonnais, c\u2019est l\u2019objectif de cette nouvelle r\u00e9gulation dynamique. Elle&hellip;\n","protected":false},"author":2,"featured_media":444985,"comment_status":"","ping_status":"","sticky":false,"template":"","format":"standard","meta":{"footnotes":""},"categories":[1889],"tags":[1111,11,2430,3542,3152,2757,1777,674,29519,107,1011,27,2428,2756,12,25,2429,21447,2803],"class_list":{"0":"post-444984","1":"post","2":"type-post","3":"status-publish","4":"format-standard","5":"has-post-thumbnail","7":"category-lyon","8":"tag-actu","9":"tag-actualites","10":"tag-auvergne-rhone-alpes","11":"tag-circulation","12":"tag-edition-est-lyonnais","13":"tag-edition-lyon-villeurbanne","14":"tag-eu","15":"tag-europe","16":"tag-feyzin","17":"tag-fil-info","18":"tag-fr","19":"tag-france","20":"tag-lyon","21":"tag-lyon-bassin","22":"tag-news","23":"tag-republique-francaise","24":"tag-rhone","25":"tag-ternay","26":"tag-transport"},"share_on_mastodon":{"url":"https:\/\/pubeurope.com\/@fr\/115332730339015356","error":""},"_links":{"self":[{"href":"https:\/\/www.europesays.com\/fr\/wp-json\/wp\/v2\/posts\/444984","targetHints":{"allow":["GET"]}}],"collection":[{"href":"https:\/\/www.europesays.com\/fr\/wp-json\/wp\/v2\/posts"}],"about":[{"href":"https:\/\/www.europesays.com\/fr\/wp-json\/wp\/v2\/types\/post"}],"author":[{"embeddable":true,"href":"https:\/\/www.europesays.com\/fr\/wp-json\/wp\/v2\/users\/2"}],"replies":[{"embeddable":true,"href":"https:\/\/www.europesays.com\/fr\/wp-json\/wp\/v2\/comments?post=444984"}],"version-history":[{"count":0,"href":"https:\/\/www.europesays.com\/fr\/wp-json\/wp\/v2\/posts\/444984\/revisions"}],"wp:featuredmedia":[{"embeddable":true,"href":"https:\/\/www.europesays.com\/fr\/wp-json\/wp\/v2\/media\/444985"}],"wp:attachment":[{"href":"https:\/\/www.europesays.com\/fr\/wp-json\/wp\/v2\/media?parent=444984"}],"wp:term":[{"taxonomy":"category","embeddable":true,"href":"https:\/\/www.europesays.com\/fr\/wp-json\/wp\/v2\/categories?post=444984"},{"taxonomy":"post_tag","embeddable":true,"href":"https:\/\/www.europesays.com\/fr\/wp-json\/wp\/v2\/tags?post=444984"}],"curies":[{"name":"wp","href":"https:\/\/api.w.org\/{rel}","templated":true}]}}