{"id":444992,"date":"2025-10-07T11:52:13","date_gmt":"2025-10-07T11:52:13","guid":{"rendered":"https:\/\/www.europesays.com\/fr\/444992\/"},"modified":"2025-10-07T11:52:13","modified_gmt":"2025-10-07T11:52:13","slug":"des-polluants-eternels-ont-ete-retrouves-dans-le-sang-des-ministres-de-lenvironnement-de-lunion-europeenne","status":"publish","type":"post","link":"https:\/\/www.europesays.com\/fr\/444992\/","title":{"rendered":"des \u00ab\u00a0polluants \u00e9ternels\u00a0\u00bb ont \u00e9t\u00e9 retrouv\u00e9s dans le sang des ministres de l&rsquo;Environnement de l&rsquo;Union europ\u00e9enne"},"content":{"rendered":"\n<p class=\"c-chapo \">\n  Tous les responsables politiques europ\u00e9ens qui ont particip\u00e9 \u00e0 ce d\u00e9pistage, dont Agn\u00e8s Pannier-Runacher, sont contamin\u00e9s. La moiti\u00e9 d&rsquo;entre eux pr\u00e9sentent des taux qui peuvent faire craindre des cons\u00e9quences sur la sant\u00e9.\n<\/p>\n<p>      lire plus tard<\/p>\n<p id=\"dialog__title\" class=\"dialog__title\">Pour sauvegarder cet article, connectez-vous ou cr\u00e9ez un compte franceinfo<\/p>\n<p class=\"dialog__description\">Sans paiement. Sans abonnement.<\/p>\n<p>        Fermer la fen\u00eatre d\u2019activation des notifications France Info<\/p>\n<p>      cr\u00e9er votre compte<\/p>\n<p>      se connecter<\/p>\n<p>        Fermer la fen\u00eatre de pr\u00e9sentation<\/p>\n<p>    <img loading=\"lazy\" decoding=\"async\" class=\"signature__image lazyload\" width=\"100\" height=\"100\" data- alt=\"\" src=\"https:\/\/www.europesays.com\/fr\/wp-content\/uploads\/2025\/06\/64a55fd777de4_placeholder-36b69ec8.png\"\/><\/p>\n<p>    Publi\u00e9 le 07\/10\/2025 12:40<\/p>\n<p>        Temps de lecture : 4min<\/p>\n<p>    <img decoding=\"async\"  alt=\"La ministre de la Transition \u00e9cologique d\u00e9missionnaire, Agn\u00e8s Pannier-Runacher, le 29 juin 2025 \u00e0 Paris. (JULIE SEBADELHA \/ AFP)\" width=\"432\" height=\"243\" src=\"https:\/\/www.europesays.com\/fr\/wp-content\/uploads\/2025\/10\/000-648r3g8-68e4e2f790a06152892217.jpg\" fetchpriority=\"high\"\/><\/p>\n<p>      La ministre de la Transition \u00e9cologique d\u00e9missionnaire, Agn\u00e8s Pannier-Runacher, le 29 juin 2025 \u00e0 Paris. (JULIE SEBADELHA \/ AFP)<\/p>\n<p>Une pollution g\u00e9n\u00e9ralis\u00e9e&#8230; jusqu&rsquo;aux plus hautes sph\u00e8res de l&rsquo;Etat. Des <a href=\"https:\/\/www.franceinfo.fr\/environnement\/pollution\/pfas\/pfas-trois-infos-pour-comprendre-la-problematique-des-polluants-eternels_7016423.html\" rel=\"nofollow noopener\" target=\"_blank\">PFAS<\/a> ont \u00e9t\u00e9 retrouv\u00e9es dans le sang de 24\u00a0dirigeants de l&rsquo;Union europ\u00e9enne (UE) en charge des questions environnementales, issus de 19\u00a0pays diff\u00e9rents, ont annonc\u00e9 les ONG European Environmental Bureau et ChemSec dans <a href=\"https:\/\/eeb.org\/eu-leaders-contaminated-with-pfas-forever-chemicals\/\" target=\"_blank\" rel=\"noopener nofollow\">un communiqu\u00e9<\/a> publi\u00e9 mardi 7\u00a0octobre. Tous ces responsables politiques avaient particip\u00e9 \u00e0 une campagne de test en juillet dernier. Le r\u00e9sultat est sans appel\u00a0: tous ont \u00e9t\u00e9 contamin\u00e9s par <a href=\"https:\/\/www.franceinfo.fr\/environnement\/pollution\/pfas\/enquete-francetv-scandale-des-polluants-eternels-a-rumilly-les-habitants-et-tefal-face-a-l-ampleur-de-la-contamination-aux-pfas_7013885.html\" rel=\"nofollow noopener\" target=\"_blank\">ces polluants \u00e9ternels<\/a> et pour la moiti\u00e9 d&rsquo;entre eux, les niveaux de contamination d\u00e9passent les seuils de risque pour la sant\u00e9.<\/p>\n<p>Parmi ces 24\u00a0dirigeants, 18\u00a0ministres et secr\u00e9taires d&rsquo;Etat charg\u00e9 de l&rsquo;environnement dans l&rsquo;UE avaient particip\u00e9 \u00e0 cette campagne de d\u00e9pistage, dont la ministre d\u00e9missionnaire fran\u00e7aise Agn\u00e8s Pannier-Runacher. \u00ab\u00a0Les r\u00e9sultats de mon analyse sanguine illustrent un constat scientifique clair\u00a0: les PFAS touchent toute la population\u00a0\u00bb, a-t-elle r\u00e9agi \u00e0 l&rsquo;annonce des r\u00e9sultats. Or, \u00ab\u00a0ces substances n&rsquo;ont pas leur place dans notre environnement ni dans nos corps\u00a0\u00bb, affirme-t-elle.<\/p>\n<p>Derri\u00e8re ces quatre lettres, les PFAS \u2013 ou substances per-et polyfluoroalkyl\u00e9es \u2013 sont une famille de produits chimiques synth\u00e9tiques qui mettent \u00e9norm\u00e9ment de temps \u00e0 se d\u00e9composer. Ils sont utilis\u00e9s <a href=\"https:\/\/www.franceinfo.fr\/economie\/on-a-jete-toutes-nos-poeles-anti-adhesives-le-debat-sur-les-polluants-eternels-chamboule-nos-habitudes-et-nos-placards-de-cuisine_6950741.html\" rel=\"nofollow noopener\" target=\"_blank\">dans de nombreux objets<\/a> (textiles, emballages alimentaires, ustensiles de cuisine, cosm\u00e9tiques\u2026) pour leurs propri\u00e9t\u00e9s antiadh\u00e9sives, imperm\u00e9abilisantes ou leur r\u00e9sistance \u00e0 la chaleur. Mais ils peuvent avoir des effets d\u00e9l\u00e9t\u00e8res sur la sant\u00e9\u00a0: augmentation du taux de cholest\u00e9rol, cancers, effets sur la fertilit\u00e9 et le d\u00e9veloppement des f\u0153tus\u2026<\/p>\n<p>L&rsquo;Union europ\u00e9enne compte mettre sur la table en 2026 une proposition d&rsquo;interdiction des PFAS dans les produits de consommation courante, assortie d&rsquo;exceptions pour des secteurs jug\u00e9s indispensables, dans le domaine m\u00e9dical notamment. Mais la pr\u00e9sentation de cette proposition de loi, un temps \u00e9voqu\u00e9e pour la fin 2025, a pris du retard en raison des n\u00e9gociations difficiles avec les industriels. C\u00f4t\u00e9 fran\u00e7ais, <a href=\"https:\/\/www.franceinfo.fr\/environnement\/polluants-eternels-que-contient-la-proposition-de-loi-sur-l-interdiction-des-pfas-votee-a-l-assemblee_6468197.html\" rel=\"nofollow noopener\" target=\"_blank\">une loi a d\u00e9j\u00e0 \u00e9t\u00e9 vot\u00e9e en 2024<\/a> afin de restreindre la fabrication et la vente de produits contenant ces polluants, mais les ustensiles de cuisine ont \u00e9t\u00e9 exclus.<\/p>\n<p>Afin de mettre en avant l&rsquo;\u00e9tendue de cette pollution, les deux ONG et le ministre danois de l&rsquo;Environnement Magnus Heunicke ont lanc\u00e9 cette grande campagne de tests chez les responsables politiques de l&rsquo;UE durant l&rsquo;\u00e9t\u00e9 2025. Entre trois et huit substances PFAS (sur les 13\u00a0recherch\u00e9es) ont \u00e9t\u00e9 d\u00e9tect\u00e9es dans le sang de tous les dirigeants test\u00e9s. Et la moiti\u00e9 d&rsquo;entre eux pr\u00e9sentent des niveaux de PFAS sup\u00e9rieurs \u00e0 la valeur de r\u00e9f\u00e9rence sanitaire de 6,9 ng\/ml.<\/p>\n<blockquote class=\"ftvi_content_quote\">\n<p class=\"ftvi_citation_quote\">\u00ab\u00a0Comme pr\u00e9vu, on a retrouv\u00e9 des PFAS dans mon sang. Il est crucial que l\u2019UE prenne des mesures fortes pour \u00e9viter l\u2019exposition continue \u00e0 ces substances dangereuses.\u00a0\u00bb<\/p>\n<p>Magnus Heunicke, ministre danois de l\u2019Environnement<\/p>\n<p class=\"ftvi_citation_source\">dans un communiqu\u00e9<\/p>\n<\/blockquote>\n<p>Apr\u00e8s l&rsquo;annonce de ces r\u00e9sultats inqui\u00e9tants, les deux ONG insistent sur la possibilit\u00e9 d&rsquo;am\u00e9liorer la situation en mettant en place des l\u00e9gislations strictes. D&rsquo;ailleurs, les PFAS d\u00e9j\u00e0 soumises \u00e0 r\u00e9glementation ont \u00e9t\u00e9 retrouv\u00e9es en plus faible quantit\u00e9 qu&rsquo;auparavant chez certains responsables politiques, confirmant la tendance observ\u00e9e dans la population europ\u00e9enne. <a href=\"https:\/\/banpfasmanifesto.org\/en\/\" target=\"_blank\" rel=\"noopener nofollow\">Un manifeste a \u00e9t\u00e9 lanc\u00e9 par plus de 100\u00a0ONG<\/a> afin d&rsquo;appeler les dirigeants europ\u00e9ens \u00e0 soutenir l&rsquo;interdiction universelle des PFAS. \u00ab\u00a0Ces r\u00e9sultats prouvent deux choses\u00a0: personne n&rsquo;\u00e9chappe \u00e0 la contamination aux PFAS, et la r\u00e9glementation fonctionne\u00a0\u00bb, a d\u00e9clar\u00e9 Anne-Sofie B\u00e4ckar, directrice ex\u00e9cutive de ChemSec, avant d&rsquo;ajouter\u00a0: \u00ab\u00a0Nous avons d\u00e9sormais besoin que les dirigeants de l&rsquo;UE terminent le travail.\u00a0\u00bb<\/p>\n","protected":false},"excerpt":{"rendered":"Tous les responsables politiques europ\u00e9ens qui ont particip\u00e9 \u00e0 ce d\u00e9pistage, dont Agn\u00e8s Pannier-Runacher, sont contamin\u00e9s. La moiti\u00e9&hellip;\n","protected":false},"author":2,"featured_media":444993,"comment_status":"","ping_status":"","sticky":false,"template":"","format":"standard","meta":{"footnotes":""},"categories":[1888],"tags":[1111,1928,11,1927,1777,674,1011,27,12,1926,626,1925,25],"class_list":{"0":"post-444992","1":"post","2":"type-post","3":"status-publish","4":"format-standard","5":"has-post-thumbnail","7":"category-paris","8":"tag-actu","9":"tag-actu-paris","10":"tag-actualites","11":"tag-actualites-paris","12":"tag-eu","13":"tag-europe","14":"tag-fr","15":"tag-france","16":"tag-news","17":"tag-news-paris","18":"tag-paris","19":"tag-paris-news","20":"tag-republique-francaise"},"share_on_mastodon":{"url":"https:\/\/pubeurope.com\/@fr\/115332746662052379","error":""},"_links":{"self":[{"href":"https:\/\/www.europesays.com\/fr\/wp-json\/wp\/v2\/posts\/444992","targetHints":{"allow":["GET"]}}],"collection":[{"href":"https:\/\/www.europesays.com\/fr\/wp-json\/wp\/v2\/posts"}],"about":[{"href":"https:\/\/www.europesays.com\/fr\/wp-json\/wp\/v2\/types\/post"}],"author":[{"embeddable":true,"href":"https:\/\/www.europesays.com\/fr\/wp-json\/wp\/v2\/users\/2"}],"replies":[{"embeddable":true,"href":"https:\/\/www.europesays.com\/fr\/wp-json\/wp\/v2\/comments?post=444992"}],"version-history":[{"count":0,"href":"https:\/\/www.europesays.com\/fr\/wp-json\/wp\/v2\/posts\/444992\/revisions"}],"wp:featuredmedia":[{"embeddable":true,"href":"https:\/\/www.europesays.com\/fr\/wp-json\/wp\/v2\/media\/444993"}],"wp:attachment":[{"href":"https:\/\/www.europesays.com\/fr\/wp-json\/wp\/v2\/media?parent=444992"}],"wp:term":[{"taxonomy":"category","embeddable":true,"href":"https:\/\/www.europesays.com\/fr\/wp-json\/wp\/v2\/categories?post=444992"},{"taxonomy":"post_tag","embeddable":true,"href":"https:\/\/www.europesays.com\/fr\/wp-json\/wp\/v2\/tags?post=444992"}],"curies":[{"name":"wp","href":"https:\/\/api.w.org\/{rel}","templated":true}]}}