{"id":444994,"date":"2025-10-07T11:53:16","date_gmt":"2025-10-07T11:53:16","guid":{"rendered":"https:\/\/www.europesays.com\/fr\/444994\/"},"modified":"2025-10-07T11:53:16","modified_gmt":"2025-10-07T11:53:16","slug":"paris-douglas-kirkland-romance-a-la-galerie-durev","status":"publish","type":"post","link":"https:\/\/www.europesays.com\/fr\/444994\/","title":{"rendered":"Paris. Douglas Kirkland, Romance \u00e0 la galerie DUREV"},"content":{"rendered":"<p>            <a href=\"https:\/\/unidivers.fr\/wp-content\/uploads\/2025\/10\/exposition-douglas-kirkland.jpg\" data-caption=\"\" rel=\"nofollow noopener\" target=\"_blank\"><img decoding=\"async\" loading=\"eager\" fetchpriority=\"high\" width=\"696\" height=\"478\" class=\"entry-thumb td-modal-image\" src=\"https:\/\/www.europesays.com\/fr\/wp-content\/uploads\/2025\/10\/exposition-douglas-kirkland-696x478.jpg\"   alt=\"Douglas Kirkland\" title=\"Douglas Kirkland\" data-eio=\"p\"\/><\/a><\/p>\n<p>Du <strong>13 octobre au 13 novembre 2025<\/strong>, l\u2019espace galerie <strong>DUREV<\/strong> \u00e0 Paris pr\u00e9sentera une exposition in\u00e9dite consacr\u00e9e au photographe l\u00e9gendaire <strong>Douglas Kirkland<\/strong>. <\/p>\n<p><strong>Intitul\u00e9e Romance, elle r\u00e9unit une vingtaine de clich\u00e9s extraits du livre \u00e9ponyme, \u00e9dit\u00e9 par Fran\u00e7oise Kirkland et Sarah Menahem \u2014 un vibrant hommage \u00e0 la beaut\u00e9, \u00e0 la complicit\u00e9 et \u00e0 la tendresse capt\u00e9es par l\u2019\u0153il du photographe.<\/strong><\/p>\n<p>Un <strong>vernissage et une s\u00e9ance de signature<\/strong> auront lieu le <strong>jeudi 16 octobre 2025<\/strong>, en pr\u00e9sence de Fran\u00e7oise Kirkland.<\/p>\n<p>Con\u00e7u comme une v\u00e9ritable \u00ab love letter \u00bb de Fran\u00e7oise Kirkland \u00e0 son \u00e9poux disparu, le livre Romance rassemble des images \u00e0 la fois c\u00e9l\u00e8bres et m\u00e9connues, des portraits d\u2019acteurs mythiques et de couples anonymes. En filigrane, une m\u00eame pulsation : celle du romantisme lumineux et de la joie de vivre qui traversaient l\u2019\u0153uvre de Douglas Kirkland.<\/p>\n<p>On y croise les regards d\u2019<strong>Elizabeth Taylor et Richard Burton<\/strong>, de <strong>Meryl Streep<\/strong> ou encore de <strong>Nicole Kidman<\/strong>, mais aussi des fragments de tournage issus de films devenus cultes : Out of Africa, Moulin Rouge, ou encore Titanic. Certaines photographies, rest\u00e9es in\u00e9dites, d\u00e9voilent un autre versant de l\u2019artiste, plus intime et universel \u00e0 la fois.<\/p>\n<p>Comme le soulignait le r\u00e9alisateur <strong>Baz Luhrmann<\/strong>, avec qui Kirkland a collabor\u00e9 : \u00ab Les images de Douglas d\u00e9gagent une grande humanit\u00e9, cr\u00e9ant une certaine intimit\u00e9 ; they have romance. \u00bb<\/p>\n<p><img loading=\"lazy\" decoding=\"async\" width=\"1920\" height=\"772\" src=\"https:\/\/www.europesays.com\/fr\/wp-content\/uploads\/2025\/10\/douglas-kirkland-1920x772.jpg\" alt=\"Douglas Kirkland\" class=\"wp-image-3313415 lazy\"  data- data-eio=\"p\"\/><\/p>\n<p>N\u00e9 en 1934 et disparu en 2022, <strong>Douglas Kirkland<\/strong> a marqu\u00e9 durablement l\u2019histoire de la photographie contemporaine. Recrut\u00e9 d\u00e8s sa vingtaine par le magazine Look, puis par Life Magazine, il s\u2019impose dans les ann\u00e9es 1960-1970 comme l\u2019un des grands noms du photojournalisme et du portrait. Il r\u00e9alise des reportages en Gr\u00e8ce, au Liban et au Japon, tout en collaborant avec les plus grands studios de cin\u00e9ma et les maisons de couture.<\/p>\n<p>On lui doit des images devenues l\u00e9gendaires de <strong>Marilyn Monroe<\/strong>, <strong>Elizabeth Taylor<\/strong> ou <strong>Marlene Dietrich<\/strong>. Au fil de sa carri\u00e8re, il a couvert plus d\u2019une centaine de tournages, de Butch Cassidy and the Sundance Kid \u00e0 2001, l\u2019Odyss\u00e9e de l\u2019espace, en passant par La M\u00e9lodie du bonheur, Out of Africa, Titanic, Australia ou The Great Gatsby.<\/p>\n<p>Ses \u0153uvres figurent dans les collections du <strong>Smithsonian Institution<\/strong>, du <strong>National Portrait Gallery<\/strong> de Canberra et de Londres, de l\u2019<strong>Eastman House<\/strong> \u00e0 Rochester, du <strong>Houston Center for Photography<\/strong> et de l\u2019<strong>Annenberg Space for Photography<\/strong> \u00e0 Los Angeles. Laur\u00e9at du President\u2019s Award et du Lifetime Achievement Award de l\u2019American Society of Cinematographers, il a \u00e9galement re\u00e7u un Lucie Award for Outstanding Achievement in Entertainment Photography et un Award of Excellence du Consulat g\u00e9n\u00e9ral du Canada \u00e0 Los Angeles, saluant l\u2019ensemble d\u2019une carri\u00e8re exceptionnelle.<\/p>\n<p>Informations pratiques<\/p>\n<p><strong>Exposition :<\/strong> du 13 octobre au 13 novembre 2025<br \/><strong>Vernissage et signature :<\/strong> jeudi 16 octobre 2025<br \/><strong>Lieu :<\/strong> Espace DUREV \u2013 56, boulevard de La Tour-Maubourg \u2013 75007 Paris<\/p>\n<p><strong>Acc\u00e8s :<\/strong> M\u00e9tro La Tour-Maubourg (ligne 8) ou Invalides (lignes 8 et 13, RER C).<br \/><strong>Horaires :<\/strong> du mardi au samedi de 11h \u00e0 19h \u2013 entr\u00e9e libre.<\/p>\n<p><strong>Contact :<\/strong><br \/>Espace DUREV \u2013 Service communication<br \/><a href=\"https:\/\/unidivers.fr\/paris-douglas-kirkland-romance-galerie-durev\/mailto:contact@durev.fr\" rel=\"nofollow noopener\" target=\"_blank\">contact@durev.fr<\/a><br \/><a href=\"https:\/\/www.durev.fr\" target=\"_blank\" rel=\"noopener nofollow\">www.durev.fr<\/a><\/p>\n","protected":false},"excerpt":{"rendered":"Du 13 octobre au 13 novembre 2025, l\u2019espace galerie DUREV \u00e0 Paris pr\u00e9sentera une exposition in\u00e9dite consacr\u00e9e au&hellip;\n","protected":false},"author":2,"featured_media":444995,"comment_status":"","ping_status":"","sticky":false,"template":"","format":"standard","meta":{"footnotes":""},"categories":[1888],"tags":[1111,1928,11,1927,1777,674,1011,27,12,1926,626,1925,25],"class_list":{"0":"post-444994","1":"post","2":"type-post","3":"status-publish","4":"format-standard","5":"has-post-thumbnail","7":"category-paris","8":"tag-actu","9":"tag-actu-paris","10":"tag-actualites","11":"tag-actualites-paris","12":"tag-eu","13":"tag-europe","14":"tag-fr","15":"tag-france","16":"tag-news","17":"tag-news-paris","18":"tag-paris","19":"tag-paris-news","20":"tag-republique-francaise"},"share_on_mastodon":{"url":"https:\/\/pubeurope.com\/@fr\/115332750176992539","error":""},"_links":{"self":[{"href":"https:\/\/www.europesays.com\/fr\/wp-json\/wp\/v2\/posts\/444994","targetHints":{"allow":["GET"]}}],"collection":[{"href":"https:\/\/www.europesays.com\/fr\/wp-json\/wp\/v2\/posts"}],"about":[{"href":"https:\/\/www.europesays.com\/fr\/wp-json\/wp\/v2\/types\/post"}],"author":[{"embeddable":true,"href":"https:\/\/www.europesays.com\/fr\/wp-json\/wp\/v2\/users\/2"}],"replies":[{"embeddable":true,"href":"https:\/\/www.europesays.com\/fr\/wp-json\/wp\/v2\/comments?post=444994"}],"version-history":[{"count":0,"href":"https:\/\/www.europesays.com\/fr\/wp-json\/wp\/v2\/posts\/444994\/revisions"}],"wp:featuredmedia":[{"embeddable":true,"href":"https:\/\/www.europesays.com\/fr\/wp-json\/wp\/v2\/media\/444995"}],"wp:attachment":[{"href":"https:\/\/www.europesays.com\/fr\/wp-json\/wp\/v2\/media?parent=444994"}],"wp:term":[{"taxonomy":"category","embeddable":true,"href":"https:\/\/www.europesays.com\/fr\/wp-json\/wp\/v2\/categories?post=444994"},{"taxonomy":"post_tag","embeddable":true,"href":"https:\/\/www.europesays.com\/fr\/wp-json\/wp\/v2\/tags?post=444994"}],"curies":[{"name":"wp","href":"https:\/\/api.w.org\/{rel}","templated":true}]}}