{"id":445021,"date":"2025-10-07T12:11:11","date_gmt":"2025-10-07T12:11:11","guid":{"rendered":"https:\/\/www.europesays.com\/fr\/445021\/"},"modified":"2025-10-07T12:11:11","modified_gmt":"2025-10-07T12:11:11","slug":"motogp-dans-une-conjoncture-defavorable-tech3-descente-aux-enfers-classement-des-equipes","status":"publish","type":"post","link":"https:\/\/www.europesays.com\/fr\/445021\/","title":{"rendered":"MotoGP Dans une conjoncture d\u00e9favorable, Tech3, descente aux enfers (classement des \u00e9quipes) !"},"content":{"rendered":"<p>Et dire que, pendant plusieurs Grand-Prix, en d\u00e9but de saison MotoGP 2025, Tech3 (et Maverick Vinal\u00e8s) \u00e9tait la locomotive de KTM, alors que les pilotes officiels pataugeaient en deuxi\u00e8me partie de peloton ! Mais entre-temps, les choses ont bien chang\u00e9. En particulier en raison d\u2019un fait, la blessure de Maverick Vinal\u00e8s. Et m\u00eame si En\u00e9a Bastianini reprenait le flambeau, obtenant une s\u00e9rie de bons r\u00e9sultats, le vent finissait par tourner.<\/p>\n<p>MotoGP : Tech3, un manque de chance\u2026mais pas que ?<\/p>\n<p>Si bien que depuis plusieurs \u00e9preuves, Tech3 n\u2019inscrit quasiment plus de points. Class\u00e9e cinqui\u00e8me du championnat des \u00e9quipes, en d\u00e9but de campagne, la formation tricolore ne cesse de d\u00e9gringoler dans cette hi\u00e9rarchie. D\u00e9sormais, elle pointe \u00e0 la neuvi\u00e8me place puisque dans la foul\u00e9e du Grand-Prix d\u2019Indon\u00e9sie de MotoGP, Trackhouse a repris l\u2019avantage. A la faveur des excellentes performances sign\u00e9es par Raul Fernandez.<\/p>\n<\/p>\n<p>N\u00e9anmoins, bien au-del\u00e0 de l\u2019absence de Vinal\u00e8s, il semblerait que cette KTM \u00e9volu\u00e9e ne convienne qu\u2019\u00e0 un seul pilote : Pedro Acosta. Bien que Brad Binder ait r\u00e9alis\u00e9 une belle remont\u00e9e, dimanche dernier. En outre, <a href=\"https:\/\/lemagsportauto.ouest-france.fr\/tag\/enea-bastianini\/\" target=\"_blank\" rel=\"noopener\">En\u00e9a Bastianini<\/a> manque de constance, notamment en qualification et se retrouve souvent pris dans des accrochages. Une conjugaison de facteurs d\u00e9favorables, donc, qui ne laisse pas pr\u00e9sager du meilleur, pour la fin de l\u2019ann\u00e9e.<\/p>\n<blockquote>\n<p>\u00ab Ce fut un week-end difficile pour moi, du d\u00e9but \u00e0 la fin, malheureusement\u201c, rapportait En\u00e9a Bastianini, en proie \u00e0 un probl\u00e8me technique, dimanche. \u201cApr\u00e8s ma chute au sprint, les m\u00e9caniciens ont travaill\u00e9 d\u2019arrache-pied pour me proposer la meilleure moto possible aujourd\u2019hui, alors je tiens \u00e0 les remercier. Nous avons rencontr\u00e9 un probl\u00e8me technique pendant la course, mais nous n\u2019avons pas fait une course fantastique de toute fa\u00e7on. Les premiers tours ont \u00e9t\u00e9 difficiles, le rythme n\u2019\u00e9tait pas bon, les sensations \u00e9taient mauvaises, donc c\u2019est plus facile \u00e0 accepter, mais abandonner n\u2019est \u00e9videmment pas ce que nous recherchons. <\/p>\n<p>Nous devons continuer \u00e0 travailler pour faire mieux lors des prochaines \u00e9preuves. Nous avons cependant quelques points positifs, car nous \u00e9tions plus comp\u00e9titifs dans les virages rapides aujourd\u2019hui, aussi bien au warm-up qu\u2019en course, c\u2019est donc important pour nous, et nous avons compris quelques points \u00e0 am\u00e9liorer pour l\u2019avenir. \u00bb, temp\u00e9rait le pilote transalpin, pour conclure sur une bonne note.<\/p>\n<\/blockquote>\n<p>Ceci \u00e9tant dit, au classement des \u00e9quipes, Tech3 ne devrait pas tomber plus bas que cette neuvi\u00e8me place provisoire. A moins d\u2019un d\u00e9clic de Johann Zarco chez LCR, avec sa nouvelle Honda. Car, un num\u00e9ro 5 en confiance, avec une machine comp\u00e9titive, serait certainement un pr\u00e9tendant au podium. Voire, \u00e0 la victoire, en particulier \u00e0 Phillip Island. Mais ce cas de figure reste peu probable, pour le moment.<\/p>\n<blockquote>\n<p>Nicolas Goyon, Team Manager de l\u2019\u00e9curie tricolore Tech3 : \u00ab Il semble que la situation ait mal tourn\u00e9 pour l\u2019\u00e9quipe Red Bull KTM Tech3 en Indon\u00e9sie, du d\u00e9but \u00e0 la fin. Enea Bastianini n\u2019a jamais vraiment eu de bonnes sensations et n\u2019a pas pu aller vite. Nous savons qu\u2019une mauvaise qualification rend le week-end difficile, mais il se battait pour la 13e place \u00e0 un moment de la course, mais il a d\u00fb abandonner suite \u00e0 un probl\u00e8me technique sur la moto, sur lequel nous \u00e9tudions actuellement la situation. C\u2019est une situation d\u00e9cevante, mais il y a clairement une marge de progression, car Pedro Acosta et Brad Binder ont tous deux r\u00e9alis\u00e9 une excellente course. Nous devons progresser, comprendre la situation et apporter des solutions pour Phillip Island. Nous avons dix jours pour nous reposer et arriver \u00e0 Phillip Island en meilleure forme. Nous adressons \u00e9galement nos meilleurs v\u0153ux \u00e0 Maverick Vi\u00f1ales ; nous esp\u00e9rons qu\u2019il se r\u00e9tablira au plus vite et reviendra plus fort. \u00bb<\/p>\n<\/blockquote>\n<p>En outre, si Tech3 parvenait \u00e0 r\u00e9agir en Australie, une remont\u00e9e au classement serait encore possible. Trackhouse Aprilia, huiti\u00e8me, ne disposant que de cinq longueurs d\u2019avance. Tandis que Honda, septi\u00e8me, ne compte que huit unit\u00e9s d\u2019avantage. Mais concernant cette derni\u00e8re, avec deux pilotes (Joan Mir et Luca Marini) r\u00e9guli\u00e8rement en lutte pour le top six, difficile d\u2019imaginer une fin de championnat manqu\u00e9e. D\u2019autant que l\u2019un d\u2019entre eux, le demi-fr\u00e8re de Valentino Rossi en l\u2019occurrence, est r\u00e9put\u00e9 pour ne jamais chuter\u2026<\/p>\n<blockquote class=\"twitter-tweet\">\n<p dir=\"ltr\" lang=\"en\">Red Bull KTM Tech3 already looking ahead to Australia after chaotic Indonesian round \ud83c\uddee\ud83c\udde9<\/p>\n<p>\ud83d\udcf0 Sunday\u2019s recap \ud83d\udc49 <a href=\"https:\/\/t.co\/aiPyiltHAg\">https:\/\/t.co\/aiPyiltHAg<\/a><a href=\"https:\/\/twitter.com\/hashtag\/IndonesianGP?src=hash&amp;ref_src=twsrc%5Etfw\" target=\"_blank\" rel=\"noopener\">#IndonesianGP<\/a> <a href=\"https:\/\/twitter.com\/hashtag\/MotoGP?src=hash&amp;ref_src=twsrc%5Etfw\" target=\"_blank\" rel=\"noopener\">#MotoGP<\/a> <a href=\"https:\/\/t.co\/ztijlzbU2U\">pic.twitter.com\/ztijlzbU2U<\/a><\/p>\n<p>\u2014 Tech3 Racing (@Tech3Racing) <a href=\"https:\/\/twitter.com\/Tech3Racing\/status\/1974797329501950302?ref_src=twsrc%5Etfw\" target=\"_blank\" rel=\"noopener\">October 5, 2025<\/a><\/p>\n<\/blockquote>\n<p>Maverick Vinal\u00e8s joue-t-il avec le feu ?<\/p>\n<p>D\u2019autre part, le retour hypoth\u00e9tique d\u2019un Maverick Vinal\u00e8s \u00e0 100% de ses moyens jouerait tr\u00e8s favorablement, pour Tech3, qui disposerait alors de meilleurs chances de marquer de gros points. Cependant, son r\u00e9tablissement total d\u2019ici la fin de la saison en cours parait peu probable. La blessure dont l\u2019Espagnol ayant \u00e9t\u00e9 victime prenant beaucoup de temps \u00e0 se gu\u00e9rir. Mais, nous le savons, les pilotes MotoGP (et les athl\u00e8tes en g\u00e9n\u00e9ral) poss\u00e8dent des ressources ph\u00e9nom\u00e9nales, inaccessibles au commun des mortels.<\/p>\n<p>Toutefois, pour retrouver tous ses moyens, \u201cBat-Mav\u201d devra probablement cesser de tenter des retours trop pr\u00e9coces, comme ce fut le cas \u00e0 Motegi et \u00e0 Mandalika. Car, \u00e0 chaque fois, l\u2019int\u00e9ress\u00e9 d\u00e9clarait forfait en milieu de journ\u00e9e, le samedi. Pas id\u00e9al, en vie d\u2019une gu\u00e9rison rapide. Et surtout, dommageable \u00e0 Tech3 qui, en disposant des services d\u2019un Pol Espargaro ou d\u2019un Dani Pedrosa, maximiserait ses chances de marquer des points\u2026<\/p>\n<p>Concernant le podium final, les positions sont d\u00e9sormais fig\u00e9es. Par contre, si KTM dispose d\u2019un bel avantage comptable sur Aprilia Racing, la quatri\u00e8me place de cette hi\u00e9rarchie peut encore \u00eatre disput\u00e9e. Voici d\u2019ailleurs le classement g\u00e9n\u00e9ral complet du championnat des \u00e9quipes, apr\u00e8s Mandalika.<\/p>\n<tr class=\"standings-table__body-row\">\n<td class=\"standings-table__body-cell standings-table__body-cell--pos u-hide-tablet\">1<\/td>\n<td class=\"standings-table__body-cell standings-table__body-cell--team \">L\u2019\u00e9quipe Ducati Lenovo<\/td>\n<td class=\"standings-table__body-cell standings-table__body-cell--points\">819 points<\/td>\n<\/tr>\n<tr class=\"standings-table__body-row\">\n<td class=\"standings-table__body-cell standings-table__body-cell--pos u-hide-tablet\">2<\/td>\n<td class=\"standings-table__body-cell standings-table__body-cell--team \">BK8 Gresini Racing MotoGP<\/td>\n<td class=\"standings-table__body-cell standings-table__body-cell--points\">543 points<\/td>\n<\/tr>\n<tr class=\"standings-table__body-row\">\n<td class=\"standings-table__body-cell standings-table__body-cell--pos u-hide-tablet\">3<\/td>\n<td class=\"standings-table__body-cell standings-table__body-cell--team \">\u00c9quipe de course Pertamina Enduro VR46<\/td>\n<td class=\"standings-table__body-cell standings-table__body-cell--points\">398 points<\/td>\n<\/tr>\n<tr class=\"standings-table__body-row\">\n<td class=\"standings-table__body-cell standings-table__body-cell--pos u-hide-tablet\">4<\/td>\n<td class=\"standings-table__body-cell standings-table__body-cell--team \">Red Bull KTM Factory Racing<\/td>\n<td class=\"standings-table__body-cell standings-table__body-cell--points\">333 points<\/td>\n<\/tr>\n<tr class=\"standings-table__body-row\">\n<td class=\"standings-table__body-cell standings-table__body-cell--pos u-hide-tablet\">5<\/td>\n<td class=\"standings-table__body-cell standings-table__body-cell--team \">Aprilia Racing<\/td>\n<td class=\"standings-table__body-cell standings-table__body-cell--points\">296 points<\/td>\n<\/tr>\n<tr class=\"standings-table__body-row\">\n<td class=\"standings-table__body-cell standings-table__body-cell--pos u-hide-tablet\">6<\/td>\n<td class=\"standings-table__body-cell standings-table__body-cell--team \">Monster Energy Yamaha MotoGP Team<\/td>\n<td class=\"standings-table__body-cell standings-table__body-cell--points\">209 points<\/td>\n<\/tr>\n<tr class=\"standings-table__body-row\">\n<td class=\"standings-table__body-cell standings-table__body-cell--pos u-hide-tablet\">7<\/td>\n<td class=\"standings-table__body-cell standings-table__body-cell--team \">Honda HRC Castrol<\/td>\n<td class=\"standings-table__body-cell standings-table__body-cell--points\">185 points<\/td>\n<\/tr>\n<tr class=\"standings-table__body-row\">\n<td class=\"standings-table__body-cell standings-table__body-cell--pos u-hide-tablet\">8<\/td>\n<td class=\"standings-table__body-cell standings-table__body-cell--team \">Trackhouse MotoGP Team<\/td>\n<td class=\"standings-table__body-cell standings-table__body-cell--points\">182 points<\/td>\n<\/tr>\n<tr class=\"standings-table__body-row\">\n<td class=\"standings-table__body-cell standings-table__body-cell--pos u-hide-tablet\">9<\/td>\n<td class=\"standings-table__body-cell standings-table__body-cell--team \">Red Bull KTM Tech3<\/td>\n<td class=\"standings-table__body-cell standings-table__body-cell--points\">177 points<\/td>\n<\/tr>\n<tr class=\"standings-table__body-row\">\n<td class=\"standings-table__body-cell standings-table__body-cell--pos u-hide-tablet\">10<\/td>\n<td class=\"standings-table__body-cell standings-table__body-cell--team \">LCR Honda<\/td>\n<td class=\"standings-table__body-cell standings-table__body-cell--points\">134 points<\/td>\n<\/tr>\n<tr class=\"standings-table__body-row\">\n<td class=\"standings-table__body-cell standings-table__body-cell--pos u-hide-tablet\">11<\/td>\n<td class=\"standings-table__body-cell standings-table__body-cell--team \">Prima Pramac Yamaha MotoGP<\/td>\n<td class=\"standings-table__body-cell standings-table__body-cell--points\">95 points<\/td>\n<\/tr>\n<p>Petit point, \u00e9galement, sur le championnat du monde des constructeurs, archi-domin\u00e9 par Ducati, sacr\u00e9 champion cette ann\u00e9e encore :<\/p>\n<tr class=\"standings-table__body-row\">\n<td class=\"standings-table__body-cell standings-table__body-cell--pos u-hide-tablet\">1<\/td>\n<td class=\"standings-table__body-cell standings-table__body-cell--team \">Ducati<\/td>\n<td class=\"standings-table__body-cell standings-table__body-cell--points\">646 points<\/td>\n<\/tr>\n<tr class=\"standings-table__body-row\">\n<td class=\"standings-table__body-cell standings-table__body-cell--pos u-hide-tablet\">2<\/td>\n<td class=\"standings-table__body-cell standings-table__body-cell--team \">Aprilia<\/td>\n<td class=\"standings-table__body-cell standings-table__body-cell--points\">308 points<\/td>\n<\/tr>\n<tr class=\"standings-table__body-row\">\n<td class=\"standings-table__body-cell standings-table__body-cell--pos u-hide-tablet\">3<\/td>\n<td class=\"standings-table__body-cell standings-table__body-cell--team \">KTM<\/td>\n<td class=\"standings-table__body-cell standings-table__body-cell--points\">280 points<\/td>\n<\/tr>\n<tr class=\"standings-table__body-row\">\n<td class=\"standings-table__body-cell standings-table__body-cell--pos u-hide-tablet\">4<\/td>\n<td class=\"standings-table__body-cell standings-table__body-cell--team \">Honda<\/td>\n<td class=\"standings-table__body-cell standings-table__body-cell--points\">236 points<\/td>\n<\/tr>\n<tr class=\"standings-table__body-row\">\n<td class=\"standings-table__body-cell standings-table__body-cell--pos u-hide-tablet\">5<\/td>\n<td class=\"standings-table__body-cell standings-table__body-cell--team \">Yamaha<\/td>\n<td class=\"standings-table__body-cell standings-table__body-cell--points\">190 points<\/td>\n<\/tr>\n<p>Article publi\u00e9 le 07\/10\/2025 \u00e0 11h53<\/p>\n<p>                                                            <script async src=\"https:\/\/platform.twitter.com\/widgets.js\" charset=\"utf-8\"><\/script><\/p>\n","protected":false},"excerpt":{"rendered":"Et dire que, pendant plusieurs Grand-Prix, en d\u00e9but de saison MotoGP 2025, Tech3 (et Maverick Vinal\u00e8s) \u00e9tait la&hellip;\n","protected":false},"author":2,"featured_media":445022,"comment_status":"","ping_status":"","sticky":false,"template":"","format":"standard","meta":{"footnotes":""},"categories":[1413],"tags":[1981,1011,27,1457,1456,1458,60,1580],"class_list":{"0":"post-445021","1":"post","2":"type-post","3":"status-publish","4":"format-standard","5":"has-post-thumbnail","7":"category-moto","8":"tag-classement","9":"tag-fr","10":"tag-france","11":"tag-moto","12":"tag-motocycle","13":"tag-motogp","14":"tag-sports","15":"tag-tech3"},"share_on_mastodon":{"url":"https:\/\/pubeurope.com\/@fr\/115332820780941042","error":""},"_links":{"self":[{"href":"https:\/\/www.europesays.com\/fr\/wp-json\/wp\/v2\/posts\/445021","targetHints":{"allow":["GET"]}}],"collection":[{"href":"https:\/\/www.europesays.com\/fr\/wp-json\/wp\/v2\/posts"}],"about":[{"href":"https:\/\/www.europesays.com\/fr\/wp-json\/wp\/v2\/types\/post"}],"author":[{"embeddable":true,"href":"https:\/\/www.europesays.com\/fr\/wp-json\/wp\/v2\/users\/2"}],"replies":[{"embeddable":true,"href":"https:\/\/www.europesays.com\/fr\/wp-json\/wp\/v2\/comments?post=445021"}],"version-history":[{"count":0,"href":"https:\/\/www.europesays.com\/fr\/wp-json\/wp\/v2\/posts\/445021\/revisions"}],"wp:featuredmedia":[{"embeddable":true,"href":"https:\/\/www.europesays.com\/fr\/wp-json\/wp\/v2\/media\/445022"}],"wp:attachment":[{"href":"https:\/\/www.europesays.com\/fr\/wp-json\/wp\/v2\/media?parent=445021"}],"wp:term":[{"taxonomy":"category","embeddable":true,"href":"https:\/\/www.europesays.com\/fr\/wp-json\/wp\/v2\/categories?post=445021"},{"taxonomy":"post_tag","embeddable":true,"href":"https:\/\/www.europesays.com\/fr\/wp-json\/wp\/v2\/tags?post=445021"}],"curies":[{"name":"wp","href":"https:\/\/api.w.org\/{rel}","templated":true}]}}