{"id":445025,"date":"2025-10-07T12:14:11","date_gmt":"2025-10-07T12:14:11","guid":{"rendered":"https:\/\/www.europesays.com\/fr\/445025\/"},"modified":"2025-10-07T12:14:11","modified_gmt":"2025-10-07T12:14:11","slug":"une-grosse-claque-la-desillusion-digeree-place-a-la-confirmation-en-championnat-au-lannion-fc","status":"publish","type":"post","link":"https:\/\/www.europesays.com\/fr\/445025\/","title":{"rendered":"\u00ab\u00a0Une grosse claque\u00a0!\u00a0\u00bb\u00a0: la d\u00e9sillusion dig\u00e9r\u00e9e, place \u00e0 la confirmation en championnat au Lannion FC"},"content":{"rendered":"<p>N3 (5e journ\u00e9e) : Lannion FC &#8211; OC Cesson, ce samedi (18 h)<\/p>\n<p class=\"empty\">Dans une saison, il y a toujours des souvenirs douloureux et des regrets. Le mot est faible pour \u00e9voquer la d\u00e9convenue en Coupe de France tant l\u2019adversaire saint-agathonnais paraissait abordable sur le papier (2-3).<\/p>\n<p>Une s\u00e9ance d\u2019entra\u00eenement sp\u00e9ciale<\/p>\n<p class=\"empty\">\u00ab On a pris une grosse claque dans la gueule ! \u00bb, admet R\u00e9my Le Bourdoulous, le coach lannionnais. Il ajoute : \u00ab Il n\u2019y a eu, \u00e0 aucun moment, une volont\u00e9 de qui que ce soit de mal faire les choses. Simplement, c\u2019est un \u00e9chec collectif parce qu\u2019on n\u2019a pas su mettre les ingr\u00e9dients contre un adversaire surmotiv\u00e9 qui jouait sur ses terres, devant son public. \u00bb<\/p>\n<p class=\"empty\">De retour \u00e0 l\u2019entra\u00eenement cette semaine, l\u2019\u00e9quipe a essay\u00e9 de dig\u00e9rer sa d\u00e9ception. \u00ab Mardi, nous avons fait une s\u00e9ance un peu sp\u00e9ciale o\u00f9 on a pris le temps de beaucoup \u00e9changer, de comprendre les choses, et on a termin\u00e9 par une s\u00e9quence ludique pour d\u00e9dramatiser la situation. \u00bb<\/p>\n<p>De retour \u00e0 la maison<\/p>\n<p>Apr\u00e8s cinq d\u00e9placements en six matchs toutes comp\u00e9titions confondues, c\u2019est aussi l\u2019occasion pour le public de revoir son \u00e9quipe \u00e0 domicile. \u00ab On est content d\u2019y remettre les pieds, on souhaite envoyer un message fort \u00bb, affirme l\u2019entra\u00eeneur.<\/p>\n<p>Auteurs d\u2019un bon d\u00e9but de championnat (deux victoires, un nul, une d\u00e9faite), les Lannionnais voient ce match sonner \u00e0 la fois comme une r\u00e9action et une confirmation face \u00e0 un adversaire en forme qui ne laisse que tr\u00e8s peu de points en route (trois victoires, un nul).<\/p>\n<p>\u00ab L\u2019OC Cesson est l\u2019\u00e9quipe de ce d\u00e9but de saison pour moi, analyse R\u00e9my Le Bourdoulous. Ils ont fait venir de bons joueurs exp\u00e9riment\u00e9s \u00e0 des postes cl\u00e9s, ils d\u00e9gagent beaucoup de puissance. L\u2019aspect crucial de la rencontre va \u00eatre la lutte au milieu de terrain, il va nous falloir \u00eatre costauds dans ce secteur. \u00bb<\/p>\n","protected":false},"excerpt":{"rendered":"N3 (5e journ\u00e9e) : Lannion FC &#8211; OC Cesson, ce samedi (18 h) Dans une saison, il y&hellip;\n","protected":false},"author":2,"featured_media":445026,"comment_status":"","ping_status":"","sticky":false,"template":"","format":"standard","meta":{"footnotes":""},"categories":[1410],"tags":[328,63,1011,27,57138,60],"class_list":{"0":"post-445025","1":"post","2":"type-post","3":"status-publish","4":"format-standard","5":"has-post-thumbnail","7":"category-football","8":"tag-a-la-une","9":"tag-football","10":"tag-fr","11":"tag-france","12":"tag-lannion-fc","13":"tag-sports"},"share_on_mastodon":{"url":"https:\/\/pubeurope.com\/@fr\/115332832584429943","error":""},"_links":{"self":[{"href":"https:\/\/www.europesays.com\/fr\/wp-json\/wp\/v2\/posts\/445025","targetHints":{"allow":["GET"]}}],"collection":[{"href":"https:\/\/www.europesays.com\/fr\/wp-json\/wp\/v2\/posts"}],"about":[{"href":"https:\/\/www.europesays.com\/fr\/wp-json\/wp\/v2\/types\/post"}],"author":[{"embeddable":true,"href":"https:\/\/www.europesays.com\/fr\/wp-json\/wp\/v2\/users\/2"}],"replies":[{"embeddable":true,"href":"https:\/\/www.europesays.com\/fr\/wp-json\/wp\/v2\/comments?post=445025"}],"version-history":[{"count":0,"href":"https:\/\/www.europesays.com\/fr\/wp-json\/wp\/v2\/posts\/445025\/revisions"}],"wp:featuredmedia":[{"embeddable":true,"href":"https:\/\/www.europesays.com\/fr\/wp-json\/wp\/v2\/media\/445026"}],"wp:attachment":[{"href":"https:\/\/www.europesays.com\/fr\/wp-json\/wp\/v2\/media?parent=445025"}],"wp:term":[{"taxonomy":"category","embeddable":true,"href":"https:\/\/www.europesays.com\/fr\/wp-json\/wp\/v2\/categories?post=445025"},{"taxonomy":"post_tag","embeddable":true,"href":"https:\/\/www.europesays.com\/fr\/wp-json\/wp\/v2\/tags?post=445025"}],"curies":[{"name":"wp","href":"https:\/\/api.w.org\/{rel}","templated":true}]}}