{"id":445027,"date":"2025-10-07T12:15:19","date_gmt":"2025-10-07T12:15:19","guid":{"rendered":"https:\/\/www.europesays.com\/fr\/445027\/"},"modified":"2025-10-07T12:15:19","modified_gmt":"2025-10-07T12:15:19","slug":"je-lavais-vu-peu-de-temps-avant","status":"publish","type":"post","link":"https:\/\/www.europesays.com\/fr\/445027\/","title":{"rendered":"Je l&rsquo;avais vu peu de temps avant"},"content":{"rendered":"<p><strong>Adieu l&rsquo;ami.<\/strong>\u00a0Pour <a href=\"https:\/\/www.journaldesfemmes.fr\/people\/nagui\/\" title=\"Nagui\" rel=\"nofollow noopener\" target=\"_blank\">Nagui<\/a>, Thierry Ardisson a toujours appr\u00e9ci\u00e9 les artistes, mais n&rsquo;a jamais aim\u00e9 \u00ab\u00a0le ronron de la promo, la banalit\u00e9, le cirage de pompes\u00a0\u00bb, a-t-il d\u00e9clar\u00e9 dans C \u00e0 Vous. Le pr\u00e9sentateur de Taratata a \u00e9t\u00e9 \u00ab\u00a0touch\u00e9\u00a0\u00bb par la mort de l&rsquo;homme en noir, bien qu&rsquo;ils n&rsquo;\u00e9taient pas proches. \u00ab\u00a0Je n&rsquo;\u00e9tais absolument pas au courant de sa maladie et je l&rsquo;avais vu peu de temps avant. Je l&rsquo;avais re\u00e7u \u00e0 France Inter et je ne savais absolument pas le mal qui le rongeait\u00a0\u00bb, a-t-il expliqu\u00e9 avant de pr\u00e9ciser qu&rsquo;il avait \u00e9t\u00e9 \u00e9mu par le documentaire d&rsquo;Audrey Crespo-Mara dans lequel on d\u00e9couvrait l&rsquo;animateur \u00ab\u00a0hypersensible, et pas du tout violent ou agressif\u00a0\u00bb.<\/p>\n","protected":false},"excerpt":{"rendered":"Adieu l&rsquo;ami.\u00a0Pour Nagui, Thierry Ardisson a toujours appr\u00e9ci\u00e9 les artistes, mais n&rsquo;a jamais aim\u00e9 \u00ab\u00a0le ronron de la&hellip;\n","protected":false},"author":2,"featured_media":445028,"comment_status":"","ping_status":"","sticky":false,"template":"","format":"standard","meta":{"footnotes":""},"categories":[1359],"tags":[57139,51761,58,59,52292,1011,27,51766,1031,10477,973],"class_list":{"0":"post-445027","1":"post","2":"type-post","3":"status-publish","4":"format-standard","5":"has-post-thumbnail","7":"category-people","8":"tag-cms-journaldesfemmes-3243076","9":"tag-controller-content","10":"tag-divertissement","11":"tag-entertainment","12":"tag-format-reportage","13":"tag-fr","14":"tag-france","15":"tag-les-histoires-du-jdf","16":"tag-magazine","17":"tag-nagui","18":"tag-people"},"share_on_mastodon":{"url":"https:\/\/pubeurope.com\/@fr\/115332836395896109","error":""},"_links":{"self":[{"href":"https:\/\/www.europesays.com\/fr\/wp-json\/wp\/v2\/posts\/445027","targetHints":{"allow":["GET"]}}],"collection":[{"href":"https:\/\/www.europesays.com\/fr\/wp-json\/wp\/v2\/posts"}],"about":[{"href":"https:\/\/www.europesays.com\/fr\/wp-json\/wp\/v2\/types\/post"}],"author":[{"embeddable":true,"href":"https:\/\/www.europesays.com\/fr\/wp-json\/wp\/v2\/users\/2"}],"replies":[{"embeddable":true,"href":"https:\/\/www.europesays.com\/fr\/wp-json\/wp\/v2\/comments?post=445027"}],"version-history":[{"count":0,"href":"https:\/\/www.europesays.com\/fr\/wp-json\/wp\/v2\/posts\/445027\/revisions"}],"wp:featuredmedia":[{"embeddable":true,"href":"https:\/\/www.europesays.com\/fr\/wp-json\/wp\/v2\/media\/445028"}],"wp:attachment":[{"href":"https:\/\/www.europesays.com\/fr\/wp-json\/wp\/v2\/media?parent=445027"}],"wp:term":[{"taxonomy":"category","embeddable":true,"href":"https:\/\/www.europesays.com\/fr\/wp-json\/wp\/v2\/categories?post=445027"},{"taxonomy":"post_tag","embeddable":true,"href":"https:\/\/www.europesays.com\/fr\/wp-json\/wp\/v2\/tags?post=445027"}],"curies":[{"name":"wp","href":"https:\/\/api.w.org\/{rel}","templated":true}]}}