{"id":445039,"date":"2025-10-07T12:24:13","date_gmt":"2025-10-07T12:24:13","guid":{"rendered":"https:\/\/www.europesays.com\/fr\/445039\/"},"modified":"2025-10-07T12:24:13","modified_gmt":"2025-10-07T12:24:13","slug":"pliant-petit-prix-deux-smartphones-a-ne-pas-manquer-pendant-le-prime-day-damazon","status":"publish","type":"post","link":"https:\/\/www.europesays.com\/fr\/445039\/","title":{"rendered":"Pliant, petit prix : deux smartphones \u00e0 ne pas manquer pendant le Prime Day d\u2019Amazon"},"content":{"rendered":"<p class=\"ed__a-p ed__bdy__l\">Il ne vous aura pas \u00e9chapp\u00e9 que l&rsquo;op\u00e9ration Prime Day d\u2019Amazon battent leur plein, permettant aux plus attentifs de d\u00e9nicher de bonnes affaires dans l\u2019univers des produits tech ces 7 et 8 octobre. La t\u00e9l\u00e9phonie n\u2019y \u00e9chappe pas et cache quelques offres \u00e0 ne pas manquer, si toutefois vous cherchez un smartphone performant \u00e0 moindre co\u00fbt.<\/p>\n<p>CMF Phone 2 Pro<\/p>\n<p class=\"ed__a-p ed__bdy__l\">Dans la cat\u00e9gorie petit prix, on rel\u00e8ve notamment le Phone 2 Pro de CMF, la marque d\u00e9riv\u00e9e de Nothing. Ce terminal d\u2019entr\u00e9e de gamme s\u2019affiche \u00e0 219 \u20ac au lieu de 259 \u20ac, et propose pour ce prix un \u00e9cran Amoled de 6,77 pouces lumineux et correctement calibr\u00e9, des performances correctes gr\u00e2ce au Dimensity 7300 Pro de MediaTek, \u00e9paul\u00e9 par 8 Go de RAM, un volet photo correct pour son prix et, surtout, une bonne autonomie.<\/p>\n<p>            Publicit\u00e9, votre contenu continue ci-dessous<\/p>\n<p>        Publicit\u00e9<\/p>\n<p>Samsung Galaxy Z Flip 6<\/p>\n<p class=\"ed__a-p ed__bdy__l\">Les smartphones pliants repr\u00e9sentent le plus souvent d\u2019importants budgets, et mieux vaut patienter jusqu\u2019\u00e0 des p\u00e9riodes de promotion pour s\u2019en \u00e9quiper. Le Galaxy Z Flip 6 de Samsung, au format clapet, n\u2019est certes pas \u00e9quip\u00e9 d\u2019un \u00e9cran externe occupant la totalit\u00e9 de l\u2019espace disponible, comme c\u2019est le cas du Z Flip 7, mais il reste une excellente affaire, gr\u00e2ce \u00e0 ses deux beaux \u00e9crans et \u00e0 la puissance de la puce Snapdragon 8 Gen 3. Le Prime Day permet de l&rsquo;obtenir \u00e0 699 \u20ac, ce qui se classe dans les prix actuellement disponibles chez les revendeurs concurrents, \u00e0 un d\u00e9tail pr\u00e8s : le smartphone est ici dot\u00e9 de 512 Go de stockage et non de 256 Go. De quoi stocker nombre de vid\u00e9os et de photos sans craindre de saturer sa m\u00e9moire.<\/p>\n","protected":false},"excerpt":{"rendered":"Il ne vous aura pas \u00e9chapp\u00e9 que l&rsquo;op\u00e9ration Prime Day d\u2019Amazon battent leur plein, permettant aux plus attentifs&hellip;\n","protected":false},"author":2,"featured_media":445040,"comment_status":"","ping_status":"","sticky":false,"template":"","format":"standard","meta":{"footnotes":""},"categories":[7],"tags":[1011,27,43,40,41,39,42,44],"class_list":{"0":"post-445039","1":"post","2":"type-post","3":"status-publish","4":"format-standard","5":"has-post-thumbnail","7":"category-sciences-et-technologies","8":"tag-fr","9":"tag-france","10":"tag-science","11":"tag-science-and-technology","12":"tag-sciences","13":"tag-sciences-et-technologies","14":"tag-technologies","15":"tag-technology"},"share_on_mastodon":{"url":"https:\/\/pubeurope.com\/@fr\/115332871921808659","error":""},"_links":{"self":[{"href":"https:\/\/www.europesays.com\/fr\/wp-json\/wp\/v2\/posts\/445039","targetHints":{"allow":["GET"]}}],"collection":[{"href":"https:\/\/www.europesays.com\/fr\/wp-json\/wp\/v2\/posts"}],"about":[{"href":"https:\/\/www.europesays.com\/fr\/wp-json\/wp\/v2\/types\/post"}],"author":[{"embeddable":true,"href":"https:\/\/www.europesays.com\/fr\/wp-json\/wp\/v2\/users\/2"}],"replies":[{"embeddable":true,"href":"https:\/\/www.europesays.com\/fr\/wp-json\/wp\/v2\/comments?post=445039"}],"version-history":[{"count":0,"href":"https:\/\/www.europesays.com\/fr\/wp-json\/wp\/v2\/posts\/445039\/revisions"}],"wp:featuredmedia":[{"embeddable":true,"href":"https:\/\/www.europesays.com\/fr\/wp-json\/wp\/v2\/media\/445040"}],"wp:attachment":[{"href":"https:\/\/www.europesays.com\/fr\/wp-json\/wp\/v2\/media?parent=445039"}],"wp:term":[{"taxonomy":"category","embeddable":true,"href":"https:\/\/www.europesays.com\/fr\/wp-json\/wp\/v2\/categories?post=445039"},{"taxonomy":"post_tag","embeddable":true,"href":"https:\/\/www.europesays.com\/fr\/wp-json\/wp\/v2\/tags?post=445039"}],"curies":[{"name":"wp","href":"https:\/\/api.w.org\/{rel}","templated":true}]}}