{"id":445043,"date":"2025-10-07T12:26:11","date_gmt":"2025-10-07T12:26:11","guid":{"rendered":"https:\/\/www.europesays.com\/fr\/445043\/"},"modified":"2025-10-07T12:26:11","modified_gmt":"2025-10-07T12:26:11","slug":"la-nounou-part-faire-la-sieste-ses-deux-chiens-attaquent-et-tuent-un-petit-garcon-de-2-ans","status":"publish","type":"post","link":"https:\/\/www.europesays.com\/fr\/445043\/","title":{"rendered":"La nounou part faire la sieste, ses deux chiens attaquent et tuent un petit gar\u00e7on de 2 ans"},"content":{"rendered":"<p>Un <a href=\"https:\/\/www.20minutes.fr\/dossier\/enfant\" class=\"c-link c-link--is-underlined\" target=\"_blank\" rel=\"noopener\">enfant<\/a> de 2 ans a \u00e9t\u00e9 retrouv\u00e9 <a href=\"https:\/\/www.20minutes.fr\/dossier\/mort\" class=\"c-link c-link--is-underlined\" target=\"_blank\" rel=\"noopener\">mort<\/a> samedi apr\u00e8s-midi dans le jardin d\u2019une maison \u00e0 Valdosta, en G\u00e9orgie (<a href=\"https:\/\/www.20minutes.fr\/monde\/etats-unis\/\" class=\"c-link c-link--is-underlined\" target=\"_blank\" rel=\"noopener\">\u00c9tats-Unis<\/a>). Le petit gar\u00e7on a \u00e9t\u00e9 mortellement attaqu\u00e9 par deux des <a href=\"https:\/\/www.20minutes.fr\/dossier\/chien\" class=\"c-link c-link--is-underlined\" target=\"_blank\" rel=\"noopener\">chiens<\/a> de sa nounou, rapporte le\u00a0<a href=\"https:\/\/nypost.com\/2025\/10\/06\/us-news\/georgia-daycare-owner-arrested-after-her-dogs-killed-2-year-old-boy-while-she-took-a-nap\/\" target=\"_blank\" class=\"c-link c-link--is-underlined\" rel=\"noopener\">New York Post<\/a>.<\/p>\n<p>Selon les premiers \u00e9l\u00e9ments, la <a href=\"https:\/\/www.20minutes.fr\/dossier\/victime\" class=\"c-link c-link--is-underlined\" target=\"_blank\" rel=\"noopener\">victime<\/a> \u00e9tait le seul enfant accueilli chez cette femme de 48 ans qui tenait chez elle une garderie. Dans l\u2019apr\u00e8s-midi, la quadrag\u00e9naire est partie faire une <a href=\"https:\/\/www.20minutes.fr\/dossier\/sieste\" class=\"c-link c-link--is-underlined\" target=\"_blank\" rel=\"noopener\">sieste<\/a>, pensant que le gar\u00e7on dormait aussi. Mais pendant ce temps, il est sorti dans le jardin.<\/p>\n<p>Les deux chiens saisis et plac\u00e9s en fourri\u00e8re<\/p>\n<p>Il a ensuite r\u00e9ussi \u00e0 ouvrir la porte du chenil dans lequel \u00e9taient enferm\u00e9s les trois <a href=\"https:\/\/www.20minutes.fr\/planete\/animaux\/\" class=\"c-link c-link--is-underlined\" target=\"_blank\" rel=\"noopener\">chiens<\/a> de la femme. Deux Rottweilers sont alors sortis et ont attaqu\u00e9 le gar\u00e7on, le blessant mortellement. \u00c0 l\u2019arriv\u00e9e des <a href=\"https:\/\/www.20minutes.fr\/dossier\/secours\" class=\"c-link c-link--is-underlined\" target=\"_blank\" rel=\"noopener\">secours<\/a> et des forces de l\u2019ordre, la petite victime \u00e9tait d\u00e9j\u00e0 d\u00e9c\u00e9d\u00e9e, pr\u00e9cise un communiqu\u00e9 de la <a href=\"https:\/\/www.20minutes.fr\/dossier\/police\" class=\"c-link c-link--is-underlined\" target=\"_blank\" rel=\"noopener\">police<\/a> <a href=\"https:\/\/www.facebook.com\/photo\/?fbid=1249467420559095\" target=\"_blank\" class=\"c-link c-link--is-underlined\" rel=\"noopener\">publi\u00e9 sur Facebook<\/a> ce dimanche.<\/p>\n<p>La suspecte, qui pouvait accueillir jusqu\u2019\u00e0 10 enfants, n\u2019avait donc que ce gar\u00e7on en garde ce jour-l\u00e0. Elle a \u00e9t\u00e9 interpell\u00e9e, plac\u00e9e en garde \u00e0 vue puis mise en examen pour acte de cruaut\u00e9 sur un enfant et pour meurtre au second degr\u00e9. Selon les enqu\u00eateurs, elle ne disposait pas de licence pour garder des enfants.<\/p>\n<\/p>\n<p>Les Rottweilers et un troisi\u00e8me chien ont \u00e9t\u00e9 saisis et confi\u00e9s \u00e0 une fourri\u00e8re. \u00ab\u00a0C\u2019est un \u00e9v\u00e9nement horrible et tragique qui n\u2019aurait jamais d\u00fb arriver\u00a0\u00bb, a d\u00e9clar\u00e9 le chef de la police locale. \u00ab\u00a0Mais \u00e0 cause de la n\u00e9gligence de cette femme, une m\u00e8re a tragiquement perdu son enfant.\u00a0\u00bb<\/p>\n","protected":false},"excerpt":{"rendered":"Un enfant de 2 ans a \u00e9t\u00e9 retrouv\u00e9 mort samedi apr\u00e8s-midi dans le jardin d\u2019une maison \u00e0 Valdosta,&hellip;\n","protected":false},"author":2,"featured_media":445044,"comment_status":"","ping_status":"","sticky":false,"template":"","format":"standard","meta":{"footnotes":""},"categories":[5],"tags":[47,11,1867,4850,3983,847,1067,73,1011,27,14,74,12,1072,28],"class_list":{"0":"post-445043","1":"post","2":"type-post","3":"status-publish","4":"format-standard","5":"has-post-thumbnail","7":"category-international","8":"tag-actualite","9":"tag-actualites","10":"tag-animaux","11":"tag-chien","12":"tag-deces","13":"tag-enfant","14":"tag-enquete","15":"tag-etats-unis","16":"tag-fr","17":"tag-france","18":"tag-international","19":"tag-monde","20":"tag-news","21":"tag-police","22":"tag-world"},"share_on_mastodon":{"url":"https:\/\/pubeurope.com\/@fr\/115332879772575379","error":""},"_links":{"self":[{"href":"https:\/\/www.europesays.com\/fr\/wp-json\/wp\/v2\/posts\/445043","targetHints":{"allow":["GET"]}}],"collection":[{"href":"https:\/\/www.europesays.com\/fr\/wp-json\/wp\/v2\/posts"}],"about":[{"href":"https:\/\/www.europesays.com\/fr\/wp-json\/wp\/v2\/types\/post"}],"author":[{"embeddable":true,"href":"https:\/\/www.europesays.com\/fr\/wp-json\/wp\/v2\/users\/2"}],"replies":[{"embeddable":true,"href":"https:\/\/www.europesays.com\/fr\/wp-json\/wp\/v2\/comments?post=445043"}],"version-history":[{"count":0,"href":"https:\/\/www.europesays.com\/fr\/wp-json\/wp\/v2\/posts\/445043\/revisions"}],"wp:featuredmedia":[{"embeddable":true,"href":"https:\/\/www.europesays.com\/fr\/wp-json\/wp\/v2\/media\/445044"}],"wp:attachment":[{"href":"https:\/\/www.europesays.com\/fr\/wp-json\/wp\/v2\/media?parent=445043"}],"wp:term":[{"taxonomy":"category","embeddable":true,"href":"https:\/\/www.europesays.com\/fr\/wp-json\/wp\/v2\/categories?post=445043"},{"taxonomy":"post_tag","embeddable":true,"href":"https:\/\/www.europesays.com\/fr\/wp-json\/wp\/v2\/tags?post=445043"}],"curies":[{"name":"wp","href":"https:\/\/api.w.org\/{rel}","templated":true}]}}