{"id":445056,"date":"2025-10-07T12:33:11","date_gmt":"2025-10-07T12:33:11","guid":{"rendered":"https:\/\/www.europesays.com\/fr\/445056\/"},"modified":"2025-10-07T12:33:11","modified_gmt":"2025-10-07T12:33:11","slug":"le-match-des-legendes-sinvite-a-mayol","status":"publish","type":"post","link":"https:\/\/www.europesays.com\/fr\/445056\/","title":{"rendered":"Le Match des L\u00e9gendes s\u2019invite \u00e0 Mayol !"},"content":{"rendered":"<p>Le stade Mayol vibrera le <strong>lundi 10 novembre 2025<\/strong> \u00e0 <strong>19h<\/strong> \u00e0 l\u2019occasion du <strong>Match des L\u00e9gendes<\/strong>, un rendez-vous sportif et solidaire organis\u00e9 par <strong>Pascal Olmeta<\/strong> et son association \u00ab <strong>Un Sourire, un Espoir pour la Vie<\/strong> \u00bb\ud83c\udfdf\ufe0f<\/p>\n<p>Depuis de nombreuses ann\u00e9es, <strong>Pascal Olmeta<\/strong> mobilise le monde du sport pour soutenir les enfants atteints de cancer ou de maladies orphelines. Ses matchs caritatifs, devenus incontournables, r\u00e9unissent des milliers de spectateurs dans une ambiance festive et g\u00e9n\u00e9reuse.<\/p>\n<p>Apr\u00e8s, le succ\u00e8s des pr\u00e9c\u00e9dentes \u00e9ditions, il revient \u00ab aux sources \u00bb \u00e0 <strong>Toulon<\/strong> avec les premiers noms de joueurs d\u2019exception qui ont r\u00e9pondu pr\u00e9sent : <strong>Zin\u00e9dine Zidane, S\u00e9bastien Chabal, Olivier Brouzet, David Ginola, Ludovic Giuly, Fr\u00e9d\u00e9ric Piquionne, Jean-Pierre Papin et J\u00e9r\u00e9my Jeannot ainsi que certains joueurs du RCT<\/strong> \ud83c\udfc9\u26bd\ufe0f<\/p>\n<p>\ud83d\udcc610 Novembre 2025 \u2013 19h<br \/>\ud83d\udccdStade Mayol \u2013 Toulon <br \/>\ud83c\udf9f\ufe0f R\u00e9servez d\u00e8s maintenant vos places en <a href=\"https:\/\/zenith-toulon.com\/programmation\/match-des-legendes-stade-mayol\/\" rel=\"nofollow noopener\" target=\"_blank\"><strong>cliquant ICI<\/strong><\/a><br \/>\u2139\ufe0fRenseignements et r\u00e9servations au 04.94.22.66.77.<\/p>\n","protected":false},"excerpt":{"rendered":"Le stade Mayol vibrera le lundi 10 novembre 2025 \u00e0 19h \u00e0 l\u2019occasion du Match des L\u00e9gendes, un&hellip;\n","protected":false},"author":2,"featured_media":445057,"comment_status":"","ping_status":"","sticky":false,"template":"","format":"standard","meta":{"footnotes":""},"categories":[9619],"tags":[1111,11,1777,674,1011,27,12,882,25,2310],"class_list":{"0":"post-445056","1":"post","2":"type-post","3":"status-publish","4":"format-standard","5":"has-post-thumbnail","7":"category-toulon","8":"tag-actu","9":"tag-actualites","10":"tag-eu","11":"tag-europe","12":"tag-fr","13":"tag-france","14":"tag-news","15":"tag-provence-alpes-cote-dazur","16":"tag-republique-francaise","17":"tag-toulon"},"share_on_mastodon":{"url":"https:\/\/pubeurope.com\/@fr\/115332907223521200","error":""},"_links":{"self":[{"href":"https:\/\/www.europesays.com\/fr\/wp-json\/wp\/v2\/posts\/445056","targetHints":{"allow":["GET"]}}],"collection":[{"href":"https:\/\/www.europesays.com\/fr\/wp-json\/wp\/v2\/posts"}],"about":[{"href":"https:\/\/www.europesays.com\/fr\/wp-json\/wp\/v2\/types\/post"}],"author":[{"embeddable":true,"href":"https:\/\/www.europesays.com\/fr\/wp-json\/wp\/v2\/users\/2"}],"replies":[{"embeddable":true,"href":"https:\/\/www.europesays.com\/fr\/wp-json\/wp\/v2\/comments?post=445056"}],"version-history":[{"count":0,"href":"https:\/\/www.europesays.com\/fr\/wp-json\/wp\/v2\/posts\/445056\/revisions"}],"wp:featuredmedia":[{"embeddable":true,"href":"https:\/\/www.europesays.com\/fr\/wp-json\/wp\/v2\/media\/445057"}],"wp:attachment":[{"href":"https:\/\/www.europesays.com\/fr\/wp-json\/wp\/v2\/media?parent=445056"}],"wp:term":[{"taxonomy":"category","embeddable":true,"href":"https:\/\/www.europesays.com\/fr\/wp-json\/wp\/v2\/categories?post=445056"},{"taxonomy":"post_tag","embeddable":true,"href":"https:\/\/www.europesays.com\/fr\/wp-json\/wp\/v2\/tags?post=445056"}],"curies":[{"name":"wp","href":"https:\/\/api.w.org\/{rel}","templated":true}]}}