{"id":445062,"date":"2025-10-07T12:36:15","date_gmt":"2025-10-07T12:36:15","guid":{"rendered":"https:\/\/www.europesays.com\/fr\/445062\/"},"modified":"2025-10-07T12:36:15","modified_gmt":"2025-10-07T12:36:15","slug":"ce-que-les-policiers-ont-decouvert-dans-ce-coffre-a-de-quoi-surprendre","status":"publish","type":"post","link":"https:\/\/www.europesays.com\/fr\/445062\/","title":{"rendered":"ce que les policiers ont d\u00e9couvert dans ce coffre a de quoi surprendre"},"content":{"rendered":"<p>            Par<br \/>\n        <strong><br \/>\n            <a href=\"https:\/\/actu.fr\/auteur\/lea-pippinato\" title=\"Consulter tous les articles de L\u00e9a Pippinato\" target=\"_blank\" rel=\"noopener\">L\u00e9a Pippinato<\/a><br \/>\n        <\/strong><\/p>\n<p>        Publi\u00e9 le<\/p>\n<p>            7 oct. 2025 \u00e0 13h51        <\/p>\n<p><strong>Ce samedi 4 octobre 2025<\/strong>, en d\u00e9but de soir\u00e9e, les policiers nationaux interviennent route de Mende, \u00e0 <strong>Montpellier<\/strong>. Sur place, leur attention se porte sur un v\u00e9hicule stationn\u00e9. \u00c0 travers les vitres, ils distinguent des piles de v\u00eatements sur la banquette arri\u00e8re et dans le coffre. L\u2019image intrigue, et les agents d\u00e9cident de v\u00e9rifier de plus pr\u00e8s.<\/p>\n<p>    <a href=\"https:\/\/www.google.com\/maps\/embed?pb=!1m18!1m12!1m3!1d11547.213435458912!2d3.8634967019327426!3d43.65225815309537!2m3!1f0!2f0!3f0!3m2!1i1024!2i768!4f13.1!3m3!1m2!1s0x12b6a8d5e5d119c7%3A0x14525693b8d129fa!2sRte%20de%20Mende!5e0!3m2!1sen!2sfr!4v1759821012288!5m2!1sen!2sfr\" title=\"Ouvrie le lien\" target=\"_blank\" rel=\"noopener\">Cliquez ici pour visualiser le contenu<\/a><\/p>\n<p class=\" wall-content\">\u00c0 l\u2019int\u00e9rieur, ils d\u00e9couvrent non seulement des v\u00eatements, mais aussi des patchs et des \u00e9cussons repr\u00e9sentant diff\u00e9rentes marques. Les logos sont vari\u00e9s, parfois mal cousus, parfois grossi\u00e8rement reproduits. De quoi laisser planer un doute sur la provenance de cette marchandise.<\/p>\n<p>Une centaine de v\u00eatements achet\u00e9s \u00e0 Marseille<\/p>\n<p class=\" wall-content\">Non loin de la voiture, un petit groupe d\u2019individus attire leur attention. Les policiers s\u2019en approchent et identifient le propri\u00e9taire du v\u00e9hicule. Le jeune homme, \u00e2g\u00e9 de 19 ans, habite Montpellier et reconna\u00eet sans d\u00e9tour que tout le contenu du coffre lui appartient. Il explique avoir achet\u00e9 le lot \u00e0 Marseille pour la somme de 500 euros. En tout, pr\u00e8s d\u2019une centaine d\u2019articles : des sweat-shirts, des vestes, des pantalons.<\/p>\n<p class=\" wall-content\">Le jeune homme pr\u00e9cise qu\u2019il comptait les revendre dans son entourage, de mani\u00e8re informelle, par le bouche-\u00e0-oreille. La justice d\u00e9cide finalement de classer le dossier. La marchandise sera d\u00e9truite.\u00a0<\/p>\n<p class=\" wall-content\">Personnalisez votre actualit\u00e9 en ajoutant vos villes et m\u00e9dias en favori avec <a href=\"https:\/\/moncompte.actu.fr\" title=\"D\u00e9couvez Mon Actu\" rel=\"nofollow noopener\" data-trk=\"{&quot;cta&quot;:{&quot;action&quot;:&quot;https:\\\/\\\/moncompte.actu.fr&quot;,&quot;category&quot;:&quot;mon compte&quot;,&quot;from&quot;:&quot;article footer&quot;,&quot;name&quot;:&quot;Mon actu&quot;,&quot;type&quot;:&quot;cta&quot;}}\" target=\"_blank\">Mon Actu<\/a>.<\/p>\n","protected":false},"excerpt":{"rendered":"Par L\u00e9a Pippinato Publi\u00e9 le 7 oct. 2025 \u00e0 13h51 Ce samedi 4 octobre 2025, en d\u00e9but de&hellip;\n","protected":false},"author":2,"featured_media":445063,"comment_status":"","ping_status":"","sticky":false,"template":"","format":"standard","meta":{"footnotes":""},"categories":[9599],"tags":[1111,11,1777,674,118,1011,27,1006,303,2208,12,2680,1072,25],"class_list":{"0":"post-445062","1":"post","2":"type-post","3":"status-publish","4":"format-standard","5":"has-post-thumbnail","7":"category-montpellier","8":"tag-actu","9":"tag-actualites","10":"tag-eu","11":"tag-europe","12":"tag-faits-divers","13":"tag-fr","14":"tag-france","15":"tag-fraude","16":"tag-justice","17":"tag-montpellier","18":"tag-news","19":"tag-occitanie","20":"tag-police","21":"tag-republique-francaise"},"share_on_mastodon":{"url":"https:\/\/pubeurope.com\/@fr\/115332919137862431","error":""},"_links":{"self":[{"href":"https:\/\/www.europesays.com\/fr\/wp-json\/wp\/v2\/posts\/445062","targetHints":{"allow":["GET"]}}],"collection":[{"href":"https:\/\/www.europesays.com\/fr\/wp-json\/wp\/v2\/posts"}],"about":[{"href":"https:\/\/www.europesays.com\/fr\/wp-json\/wp\/v2\/types\/post"}],"author":[{"embeddable":true,"href":"https:\/\/www.europesays.com\/fr\/wp-json\/wp\/v2\/users\/2"}],"replies":[{"embeddable":true,"href":"https:\/\/www.europesays.com\/fr\/wp-json\/wp\/v2\/comments?post=445062"}],"version-history":[{"count":0,"href":"https:\/\/www.europesays.com\/fr\/wp-json\/wp\/v2\/posts\/445062\/revisions"}],"wp:featuredmedia":[{"embeddable":true,"href":"https:\/\/www.europesays.com\/fr\/wp-json\/wp\/v2\/media\/445063"}],"wp:attachment":[{"href":"https:\/\/www.europesays.com\/fr\/wp-json\/wp\/v2\/media?parent=445062"}],"wp:term":[{"taxonomy":"category","embeddable":true,"href":"https:\/\/www.europesays.com\/fr\/wp-json\/wp\/v2\/categories?post=445062"},{"taxonomy":"post_tag","embeddable":true,"href":"https:\/\/www.europesays.com\/fr\/wp-json\/wp\/v2\/tags?post=445062"}],"curies":[{"name":"wp","href":"https:\/\/api.w.org\/{rel}","templated":true}]}}