{"id":445070,"date":"2025-10-07T12:41:11","date_gmt":"2025-10-07T12:41:11","guid":{"rendered":"https:\/\/www.europesays.com\/fr\/445070\/"},"modified":"2025-10-07T12:41:11","modified_gmt":"2025-10-07T12:41:11","slug":"la-prefecture-serre-la-vis-et-augmente-les-controles","status":"publish","type":"post","link":"https:\/\/www.europesays.com\/fr\/445070\/","title":{"rendered":"la pr\u00e9fecture serre la vis et augmente les contr\u00f4les"},"content":{"rendered":"<p>            Par<br \/>\n        <strong><br \/>\n            <a href=\"https:\/\/actu.fr\/auteur\/redaction-grenoble\" title=\"Consulter tous les articles de R\u00e9daction Grenoble\" target=\"_blank\" rel=\"noopener\">R\u00e9daction Grenoble<\/a><br \/>\n        <\/strong><\/p>\n<p>        Publi\u00e9 le<\/p>\n<p>            7 oct. 2025 \u00e0 13h33        <\/p>\n<p>La pr\u00e9fecture a d\u00e9cid\u00e9 de s\u00e9vir. Le nombre d\u2019accidents de la circulation \u00e9tant en augmentation en <a href=\"https:\/\/actu.fr\/auvergne-rhone-alpes\/isere_38\" target=\"_blank\" rel=\"noopener\">Is\u00e8re<\/a>, les services de l\u2019\u00c9tat annoncent un <strong>renforcement des contr\u00f4les<\/strong> de police et de gendarmerie sur le territoire.<\/p>\n<p class=\" wall-content\">Une large op\u00e9ration a \u00e9t\u00e9 men\u00e9e dans ce cadre, vendredi 3 octobre, \u00e0 Voreppe par les gendarmes et sur le secteur de Porte de France, en entr\u00e9e de Grenoble, par la police nationale.<\/p>\n<p>15 exc\u00e8s de vitesse\u00a0<\/p>\n<p class=\" wall-content\">\u00c0 <a href=\"https:\/\/actu.fr\/auvergne-rhone-alpes\/grenoble_38185\" target=\"_blank\" rel=\"noopener\">Grenoble<\/a>, en peu de temps, \u00ab\u00a0les fonctionnaires de police ont contr\u00f4l\u00e9 15 v\u00e9hicules en exc\u00e8s de vitesse\u00a0\u00bb, indiquent par communiqu\u00e9 les services de la pr\u00e9fecture. Pour 14 d\u2019entre eux, un simple proc\u00e8s-verbal a \u00e9t\u00e9 dress\u00e9 pour la vitesse, les d\u00e9pistages d\u2019alcool\u00e9mie s\u2019\u00e9tant r\u00e9v\u00e9l\u00e9s n\u00e9gatifs.<\/p>\n<p class=\" wall-content\">En revanche, pour le dernier automobiliste, le palmar\u00e8s a \u00e9t\u00e9 plus fourni : il a \u00e9galement \u00e9t\u00e9 contr\u00f4l\u00e9 <strong>positif aux stup\u00e9fiants<\/strong> et le proc\u00e8s-verbal fait aussi mention d\u2019une d\u00e9tention de stup\u00e9fiants.<\/p>\n<p class=\" wall-content\">En cons\u00e9quence, son permis de conduire lui a \u00e9t\u00e9 retir\u00e9 et \u00ab\u00a0une immobilisation et une mise en fourri\u00e8re du v\u00e9hicule\u00a0\u00bb demand\u00e9.<\/p>\n<p>Hausse de 18% des accidents<\/p>\n<p class=\" wall-content\">\u00ab\u00a0Depuis le d\u00e9but de l\u2019ann\u00e9e, <strong>503 accidents de la circulation<\/strong> se sont produits sur les routes du d\u00e9partement, contre 423 en 2024, sur la m\u00eame p\u00e9riode\u00a0\u00bb, chiffre la pr\u00e9fecture de l\u2019Is\u00e8re. Soit une hausse d\u2019un peu plus de 18%.<\/p>\n<p class=\" wall-content\">Les contr\u00f4les routiers des forces de l\u2019ordre vont donc se multiplier sur les routes du d\u00e9partement \u00ab\u00a0durant plusieurs semaines\u00a0\u00bb.<\/p>\n<p class=\" wall-content\">Personnalisez votre actualit\u00e9 en ajoutant vos villes et m\u00e9dias en favori avec <a href=\"https:\/\/moncompte.actu.fr\" title=\"D\u00e9couvez Mon Actu\" rel=\"nofollow noopener\" data-trk=\"{&quot;cta&quot;:{&quot;action&quot;:&quot;https:\\\/\\\/moncompte.actu.fr&quot;,&quot;category&quot;:&quot;mon compte&quot;,&quot;from&quot;:&quot;article footer&quot;,&quot;name&quot;:&quot;Mon actu&quot;,&quot;type&quot;:&quot;cta&quot;}}\" target=\"_blank\">Mon Actu<\/a>.<\/p>\n","protected":false},"excerpt":{"rendered":"Par R\u00e9daction Grenoble Publi\u00e9 le 7 oct. 2025 \u00e0 13h33 La pr\u00e9fecture a d\u00e9cid\u00e9 de s\u00e9vir. Le nombre&hellip;\n","protected":false},"author":2,"featured_media":445071,"comment_status":"","ping_status":"","sticky":false,"template":"","format":"standard","meta":{"footnotes":""},"categories":[9566],"tags":[1111,11,2430,1777,674,5915,118,1011,27,2731,12,1072,25],"class_list":{"0":"post-445070","1":"post","2":"type-post","3":"status-publish","4":"format-standard","5":"has-post-thumbnail","7":"category-grenoble","8":"tag-actu","9":"tag-actualites","10":"tag-auvergne-rhone-alpes","11":"tag-eu","12":"tag-europe","13":"tag-exces-de-vitesse","14":"tag-faits-divers","15":"tag-fr","16":"tag-france","17":"tag-grenoble","18":"tag-news","19":"tag-police","20":"tag-republique-francaise"},"share_on_mastodon":{"url":"https:\/\/pubeurope.com\/@fr\/115332938669464926","error":""},"_links":{"self":[{"href":"https:\/\/www.europesays.com\/fr\/wp-json\/wp\/v2\/posts\/445070","targetHints":{"allow":["GET"]}}],"collection":[{"href":"https:\/\/www.europesays.com\/fr\/wp-json\/wp\/v2\/posts"}],"about":[{"href":"https:\/\/www.europesays.com\/fr\/wp-json\/wp\/v2\/types\/post"}],"author":[{"embeddable":true,"href":"https:\/\/www.europesays.com\/fr\/wp-json\/wp\/v2\/users\/2"}],"replies":[{"embeddable":true,"href":"https:\/\/www.europesays.com\/fr\/wp-json\/wp\/v2\/comments?post=445070"}],"version-history":[{"count":0,"href":"https:\/\/www.europesays.com\/fr\/wp-json\/wp\/v2\/posts\/445070\/revisions"}],"wp:featuredmedia":[{"embeddable":true,"href":"https:\/\/www.europesays.com\/fr\/wp-json\/wp\/v2\/media\/445071"}],"wp:attachment":[{"href":"https:\/\/www.europesays.com\/fr\/wp-json\/wp\/v2\/media?parent=445070"}],"wp:term":[{"taxonomy":"category","embeddable":true,"href":"https:\/\/www.europesays.com\/fr\/wp-json\/wp\/v2\/categories?post=445070"},{"taxonomy":"post_tag","embeddable":true,"href":"https:\/\/www.europesays.com\/fr\/wp-json\/wp\/v2\/tags?post=445070"}],"curies":[{"name":"wp","href":"https:\/\/api.w.org\/{rel}","templated":true}]}}