{"id":445078,"date":"2025-10-07T12:46:12","date_gmt":"2025-10-07T12:46:12","guid":{"rendered":"https:\/\/www.europesays.com\/fr\/445078\/"},"modified":"2025-10-07T12:46:12","modified_gmt":"2025-10-07T12:46:12","slug":"cest-inquietant-pour-la-securite","status":"publish","type":"post","link":"https:\/\/www.europesays.com\/fr\/445078\/","title":{"rendered":"C&rsquo;est inqui\u00e9tant pour la s\u00e9curit\u00e9"},"content":{"rendered":"<p>            Par<br \/>\n        <strong><br \/>\n            <a href=\"https:\/\/actu.fr\/auteur\/ugo-maillard\" title=\"Consulter tous les articles de Ugo Maillard\" rel=\"nofollow noopener\" target=\"_blank\">Ugo Maillard<\/a><br \/>\n        <\/strong><\/p>\n<p>        Publi\u00e9 le<\/p>\n<p>            7 oct. 2025 \u00e0 14h33        <\/p>\n<p>Un signalement des habitants du quartier port\u00e9 par une candidate aux \u00e9lections municipales de Nice en 2026. Selon des riverains de Cimiez, des<strong> trous d\u2019une profondeur de plusieurs dizaines de centim\u00e8tres<\/strong> se sont form\u00e9s sur les routes du secteur. En ce d\u00e9but de mois d\u2019octobre\u00a02025, les services de la mairie de Nice (<a href=\"https:\/\/actu.fr\/provence-alpes-cote-d-azur\/alpes-maritimes_06\" rel=\"nofollow noopener\" target=\"_blank\">Alpes-Maritimes<\/a>) ont proc\u00e9d\u00e9 \u00e0 des travaux pour reboucher ces cavit\u00e9s. Une bonne nouvelle pour les usagers de la route au regard du danger, mais qui n\u2019est en rien suffisant selon H\u00e9l\u00e8ne Granouillac, \u00e9lue \u00e9cologiste au conseil municipal.<\/p>\n<p class=\" wall-content\">L\u2019\u00e9cologiste <a href=\"https:\/\/actu.fr\/provence-alpes-cote-d-azur\/nice_06088\/municipales-2026-de-nice-cette-conseillere-ecolo-lance-une-nouvelle-candidature-a-gauche_63188705.html\" rel=\"nofollow noopener\" target=\"_blank\">candidate aux \u00e9lections municipales de Nice<\/a> en 2026, sans \u00e9tiquette politique, a demand\u00e9 une \u00e9tude g\u00e9otechnique sur les sols du quartier de Cimiez.<\/p>\n<p>\u00ab\u2009Tout le monde redoute l\u2019effondrement de trop\u2009\u00bb<\/p>\n<p class=\" wall-content\">Le point de d\u00e9part de cette demande provient des t\u00e9moignages de riverains alertant sur la situation sur l\u2019avenue Ratti. Selon les services de la mairie, cette cavit\u00e9 a \u00e9t\u00e9 rebouch\u00e9e quelques jours apr\u00e8s sa formation tandis que les habitants \u00e9voquent un probl\u00e8me pr\u00e9sent plusieurs semaines.<\/p>\n<p>    <a href=\"https:\/\/www.google.com\/maps\/embed?pb=!1m18!1m12!1m3!1d5936.927999915982!2d7.273832591963139!3d43.71142995861741!2m3!1f0!2f0!3f0!3m2!1i1024!2i768!4f13.1!3m3!1m2!1s0x12cddaad61410515%3A0x9e95b159c45e8031!2sAv.%20Ratti%2C%2006000%20Nice!5e0!3m2!1sfr!2sfr!4v1759832311526!5m2!1sfr!2sfr\" title=\"Ouvrie le lien\" rel=\"nofollow noopener\" target=\"_blank\">Cliquez ici pour visualiser le contenu<\/a><\/p>\n<p class=\" wall-content\">Si H\u00e9l\u00e8ne Granouillac juge ce d\u00e9lai de r\u00e9activit\u00e9 \u00ab\u2009pr\u00e9occupant\u2009\u00bb, elle pointe du doigt un <strong>probl\u00e8me beaucoup plus large<\/strong>\u2009: \u00ab\u2009\u00c0 l\u2019est de Nice, ces d\u00e9sordres ne sont pas que structurels. Ils sont \u00e0 pr\u00e9sent aussi conjoncturels, fragilisation du sous-sol associ\u00e9e \u00e0 des amplitudes thermiques intenses et brutales, le tout d\u00fb au climat.\u2009\u00bb<\/p>\n<blockquote class=\"ac-article-quote wall-content\">\n<p>Entre al\u00e9a affaissement, ou al\u00e9a effondrement, ou par ailleurs l\u2019inqui\u00e9tante r\u00e9currence de glissements de terrain dans notre territoire tr\u00e8s vuln\u00e9rable, la fronti\u00e8re est de moins en moins t\u00e9nue. Tout le monde redoute l\u2019effondrement de trop.<\/p>\n<p>    <strong>H\u00e9l\u00e8ne Granouillac<\/strong><br \/>\n        Candidate \u00e9cologiste aux \u00e9lections municipales de Nice    <\/p><\/blockquote>\n<p>    <img   decoding=\"async\" loading=\"lazy\" src=\"https:\/\/www.europesays.com\/fr\/wp-content\/uploads\/2025\/10\/annonce-960x640.png\" alt=\"Ce vendredi 19 ao\u00fbt, H\u00e9l\u00e8ne Granouillac a annonc\u00e9 \u00eatre candidate aux \u00e9lections municipales de Nice, en 2026.\" width=\"960\" height=\"640\"\/><br \/>\n    Le vendredi 19\u00a0ao\u00fbt, H\u00e9l\u00e8ne Granouillac a annonc\u00e9 \u00eatre candidate aux \u00e9lections municipales de Nice, en 2026. (\u00a9Florine Amenta \/ actu Nice)<\/p>\n<p>Votre r\u00e9gion, votre actu !<\/p>\n<p>Recevez chaque jour les infos qui comptent pour vous.<\/p>\n<p>\t<a href=\"https:\/\/actu.fr\/newsletter\" class=\"ac-btn ac-btn--corner ac-btn--medium ac-btn--blue800\" rel=\"nofollow noopener\" target=\"_blank\">S&rsquo;incrire<\/a><\/p>\n<p class=\" wall-content\">Ce ph\u00e9nom\u00e8ne d\u2019affaissement et d\u2019effondrement qui \u00ab\u2009tend \u00e0 s\u2019amplifier\u2009\u00bb est \u00ab\u2009un risque pour les b\u00e2timents et les lieux de vie\u2009\u00bb, selon l\u2019\u00e9lue.<\/p>\n<p class=\" wall-content\">En juillet dernier, la r\u00e9daction d\u2019<a href=\"https:\/\/actu.fr\/provence-alpes-cote-d-azur\/nice_06088\/nice-un-trou-se-forme-sur-cette-avenue-les-esprits-s-echauffent-la-campagne-des-municipales-en-fond_62877880.html\" rel=\"nofollow noopener\" target=\"_blank\">actu Nice \u00e9voquait un probl\u00e8me similaire<\/a>. Dans le quartier de La Madeleine, une route avait d\u00fb \u00eatre ferm\u00e9e \u00e0 cause d\u2019un trou b\u00e9ant qui s\u2019\u00e9tait progressivement form\u00e9 dans la chauss\u00e9e.<\/p>\n<p>Un manque de consid\u00e9ration\u2009?<\/p>\n<p class=\" wall-content\">Selon la candidate aux \u00e9lections municipales \u00e0 Nice, la mairie dirig\u00e9e par <a href=\"https:\/\/actu.fr\/tag\/christian-estrosi\" rel=\"nofollow noopener\" target=\"_blank\">Christian Estrosi<\/a> ne prend pas suffisamment en charge les probl\u00e8mes li\u00e9s aux sols.<\/p>\n<p class=\" wall-content\">\u00ab\u2009J\u2019ai \u00e9t\u00e9 censur\u00e9e pendant le dernier conseil municipal. Je n\u2019ai pas pu poser ma question qui \u00e9tait pourtant inscrite \u00e0 l\u2019ordre du jour\u2009\u00bb, d\u00e9plore la conseill\u00e8re municipale d\u2019opposition.<\/p>\n<p class=\" wall-content\">L\u2019\u00e9pisode datant du mercredi 1er\u00a0octobre est, selon H\u00e9l\u00e8ne Granouillac, repr\u00e9sentatif de la situation actuelle \u00e0 Nice\u2009: \u00ab\u2009Ma demande d\u2019\u00e9tude n\u2019a pas encore eu de r\u00e9ponse. La municipalit\u00e9 met une opacit\u00e9 quant \u00e0 ses probl\u00e8mes alors qu\u2019elle doit garantir une s\u00e9curit\u00e9 aux habitants. Pour l\u2019heure, c\u2019est inqui\u00e9tant.\u2009\u00bb<\/p>\n<p>La mairie r\u00e9pond<\/p>\n<p class=\" wall-content\">Face aux prises de parole d\u2019H\u00e9l\u00e8ne Granouillac, la municipalit\u00e9 ni\u00e7oise a d\u00e9cid\u00e9 de r\u00e9agir. Sur la cavit\u00e9 apparue avenue Ratti, elle explique dans les colonnes de <a href=\"https:\/\/www.nicematin.com\/societe\/urbanisme\/a-nice-ce-secteur-mine-par-des-trous-dans-la-chaussee-10649170\" rel=\"nofollow noopener\" target=\"_blank\">Nice-Matin<\/a>  que le trou serait la cons\u00e9quence \u00ab\u2009d\u2019un affouillement d\u00fb \u00e0 une fuite sur un r\u00e9seau priv\u00e9 d\u2019assainissement\u2009\u00bb.<\/p>\n<p class=\" wall-content\">Chez nos confr\u00e8res, Franck Martin, l\u2019adjoint d\u00e9l\u00e9gu\u00e9 au territoire Hauts de Nice, assure que \u00ab\u2009la Ville et la M\u00e9tropole suivent la situation de mani\u00e8re rigoureuse, avec instrumentation en continu et \u00e9tudes g\u00e9otechniques\u2009\u00bb.<\/p>\n<p class=\" wall-content\">Il conclut en indiquant que \u00ab\u2009tout est faux\u2009\u00bb dans les propos de l\u2019\u00e9lue \u00e9cologiste\u2009: \u00ab\u2009le diagnostic, les causes invoqu\u00e9es, et m\u00eame la localisation\u2009\u00bb.<\/p>\n<p class=\" wall-content\">Personnalisez votre actualit\u00e9 en ajoutant vos villes et m\u00e9dias en favori avec <a href=\"https:\/\/moncompte.actu.fr\" title=\"D\u00e9couvez Mon Actu\" rel=\"nofollow noopener\" data-trk=\"{&quot;cta&quot;:{&quot;action&quot;:&quot;https:\\\/\\\/moncompte.actu.fr&quot;,&quot;category&quot;:&quot;mon compte&quot;,&quot;from&quot;:&quot;article footer&quot;,&quot;name&quot;:&quot;Mon actu&quot;,&quot;type&quot;:&quot;cta&quot;}}\" target=\"_blank\">Mon Actu<\/a>.<\/p>\n","protected":false},"excerpt":{"rendered":"Par Ugo Maillard Publi\u00e9 le 7 oct. 2025 \u00e0 14h33 Un signalement des habitants du quartier port\u00e9 par&hellip;\n","protected":false},"author":2,"featured_media":445079,"comment_status":"","ping_status":"","sticky":false,"template":"","format":"standard","meta":{"footnotes":""},"categories":[2819],"tags":[1111,11,1777,674,1011,27,12,2401,882,25,104,2086],"class_list":{"0":"post-445078","1":"post","2":"type-post","3":"status-publish","4":"format-standard","5":"has-post-thumbnail","7":"category-nice","8":"tag-actu","9":"tag-actualites","10":"tag-eu","11":"tag-europe","12":"tag-fr","13":"tag-france","14":"tag-news","15":"tag-nice","16":"tag-provence-alpes-cote-dazur","17":"tag-republique-francaise","18":"tag-societe","19":"tag-travaux"},"share_on_mastodon":{"url":"https:\/\/pubeurope.com\/@fr\/115332959197385426","error":""},"_links":{"self":[{"href":"https:\/\/www.europesays.com\/fr\/wp-json\/wp\/v2\/posts\/445078","targetHints":{"allow":["GET"]}}],"collection":[{"href":"https:\/\/www.europesays.com\/fr\/wp-json\/wp\/v2\/posts"}],"about":[{"href":"https:\/\/www.europesays.com\/fr\/wp-json\/wp\/v2\/types\/post"}],"author":[{"embeddable":true,"href":"https:\/\/www.europesays.com\/fr\/wp-json\/wp\/v2\/users\/2"}],"replies":[{"embeddable":true,"href":"https:\/\/www.europesays.com\/fr\/wp-json\/wp\/v2\/comments?post=445078"}],"version-history":[{"count":0,"href":"https:\/\/www.europesays.com\/fr\/wp-json\/wp\/v2\/posts\/445078\/revisions"}],"wp:featuredmedia":[{"embeddable":true,"href":"https:\/\/www.europesays.com\/fr\/wp-json\/wp\/v2\/media\/445079"}],"wp:attachment":[{"href":"https:\/\/www.europesays.com\/fr\/wp-json\/wp\/v2\/media?parent=445078"}],"wp:term":[{"taxonomy":"category","embeddable":true,"href":"https:\/\/www.europesays.com\/fr\/wp-json\/wp\/v2\/categories?post=445078"},{"taxonomy":"post_tag","embeddable":true,"href":"https:\/\/www.europesays.com\/fr\/wp-json\/wp\/v2\/tags?post=445078"}],"curies":[{"name":"wp","href":"https:\/\/api.w.org\/{rel}","templated":true}]}}