{"id":445082,"date":"2025-10-07T12:48:53","date_gmt":"2025-10-07T12:48:53","guid":{"rendered":"https:\/\/www.europesays.com\/fr\/445082\/"},"modified":"2025-10-07T12:48:53","modified_gmt":"2025-10-07T12:48:53","slug":"ligne-8-du-busway-de-thouare-sur-loire-a-bouguenais","status":"publish","type":"post","link":"https:\/\/www.europesays.com\/fr\/445082\/","title":{"rendered":"Ligne 8 du busway de Thouar\u00e9-sur-Loire \u00e0 Bouguenais"},"content":{"rendered":"<p>                            <strong>Il y a du nouveau c\u00f4t\u00e9 transports dans l\u2019<a href=\"https:\/\/hellogazettenantes.fr\/la-gare-de-vertou-fresque-et-mobiliers-urbains\/\" rel=\"nofollow noopener\" target=\"_blank\">agglom\u00e9ration nantaise<\/a>. La ligne 8 du Busway sera mise en service d\u2019ici fin 2027. Elle reliera Thouar\u00e9-sur-Loire \u00e0 Bouguenais.<\/strong><\/p>\n<p>Le Conseil M\u00e9tropolitain a adopt\u00e9 son nouveau contrat de transport public vendredi dernier. La Ligne 8 du Busway remplacera la ligne C7 reliant Thouar\u00e9-sur-Loire \u00e0 Souillarderie. La nouvelle ligne s\u2019\u00e9tendra de Thouar\u00e9 \u00e0 Bouguenais et passera par Sainte-Luce-sur-Loire, le boulevard de Doulon, l\u2019\u00eele de Nantes et Rez\u00e9. Sa mise en service est pr\u00e9vue d\u2019ici \u00e0 fin 2027.<\/p>\n<p>Une d\u00e9cision salu\u00e9e par Martine Oger, Maire de Thouar\u00e9-sur-Loire et Anthony Descloziers, Maire de Sainte-Luce-sur-Loire. \u00ab\u00a0Cela permettra d\u2019am\u00e9liorer consid\u00e9rablement les d\u00e9placements des habitants de l\u2019est de la m\u00e9tropole, qui pourront ainsi se rendre \u00e0 Rez\u00e9, Bouguenais ou encore, au nouveau CHU, sans avoir \u00e0 descendre du bus\u00a0\u00bb ont-ils r\u00e9agi par voie de communiqu\u00e9 de presse.<\/p>\n<p>Photo : Hello Gazette Nantes, un busway \u00e0 Nantes            <\/p>\n<p><img decoding=\"async\" alt=\"Advertisement\" src=\"data:image\/svg+xml,%3Csvg%20xmlns=\" http:=\"\" data-lazy-src=\"https:\/\/www.europesays.com\/fr\/wp-content\/uploads\/2025\/04\/Application-mobile-hello-gazette-nantes.gif\"\/><\/p>\n","protected":false},"excerpt":{"rendered":"Il y a du nouveau c\u00f4t\u00e9 transports dans l\u2019agglom\u00e9ration nantaise. La ligne 8 du Busway sera mise en&hellip;\n","protected":false},"author":2,"featured_media":445083,"comment_status":"","ping_status":"","sticky":false,"template":"","format":"standard","meta":{"footnotes":""},"categories":[2818],"tags":[1111,11,1777,674,1011,27,766,12,2636,25],"class_list":{"0":"post-445082","1":"post","2":"type-post","3":"status-publish","4":"format-standard","5":"has-post-thumbnail","7":"category-nantes","8":"tag-actu","9":"tag-actualites","10":"tag-eu","11":"tag-europe","12":"tag-fr","13":"tag-france","14":"tag-nantes","15":"tag-news","16":"tag-pays-de-la-loire","17":"tag-republique-francaise"},"share_on_mastodon":{"url":"https:\/\/pubeurope.com\/@fr\/115332970145167465","error":""},"_links":{"self":[{"href":"https:\/\/www.europesays.com\/fr\/wp-json\/wp\/v2\/posts\/445082","targetHints":{"allow":["GET"]}}],"collection":[{"href":"https:\/\/www.europesays.com\/fr\/wp-json\/wp\/v2\/posts"}],"about":[{"href":"https:\/\/www.europesays.com\/fr\/wp-json\/wp\/v2\/types\/post"}],"author":[{"embeddable":true,"href":"https:\/\/www.europesays.com\/fr\/wp-json\/wp\/v2\/users\/2"}],"replies":[{"embeddable":true,"href":"https:\/\/www.europesays.com\/fr\/wp-json\/wp\/v2\/comments?post=445082"}],"version-history":[{"count":0,"href":"https:\/\/www.europesays.com\/fr\/wp-json\/wp\/v2\/posts\/445082\/revisions"}],"wp:featuredmedia":[{"embeddable":true,"href":"https:\/\/www.europesays.com\/fr\/wp-json\/wp\/v2\/media\/445083"}],"wp:attachment":[{"href":"https:\/\/www.europesays.com\/fr\/wp-json\/wp\/v2\/media?parent=445082"}],"wp:term":[{"taxonomy":"category","embeddable":true,"href":"https:\/\/www.europesays.com\/fr\/wp-json\/wp\/v2\/categories?post=445082"},{"taxonomy":"post_tag","embeddable":true,"href":"https:\/\/www.europesays.com\/fr\/wp-json\/wp\/v2\/tags?post=445082"}],"curies":[{"name":"wp","href":"https:\/\/api.w.org\/{rel}","templated":true}]}}