{"id":445084,"date":"2025-10-07T12:50:11","date_gmt":"2025-10-07T12:50:11","guid":{"rendered":"https:\/\/www.europesays.com\/fr\/445084\/"},"modified":"2025-10-07T12:50:11","modified_gmt":"2025-10-07T12:50:11","slug":"un-automobiliste-interpelle-apres-avoir-tente-de-berner-la-police-lors-dun-controle","status":"publish","type":"post","link":"https:\/\/www.europesays.com\/fr\/445084\/","title":{"rendered":"Un automobiliste interpell\u00e9 apr\u00e8s avoir tent\u00e9 de berner la police lors d\u2019un contr\u00f4le"},"content":{"rendered":"<p>L\u2019homme de 33 ans aurait pu passer \u00e0 la trappe, selon nos confr\u00e8res d\u2019<a href=\"https:\/\/actu.fr\/pays-de-la-loire\/nantes_44109\/nantes-apres-un-refus-d-obtemperer-il-se-fait-passer-pour-un-pieton-pour-berner-la-police_63262551.html\" target=\"_blank\" class=\"c-link c-link--is-underlined\" rel=\"noopener\">Actu Nantes<\/a>. Mais les policiers ont rapidement rattrap\u00e9 cet automobiliste transform\u00e9 en pi\u00e9ton le temps d\u2019un instant. Cette sc\u00e8ne surr\u00e9aliste s\u2019est produite \u00e0 <a href=\"https:\/\/www.20minutes.fr\/nantes\/\" class=\"c-link c-link--is-underlined\" target=\"_blank\" rel=\"noopener\">Nantes<\/a> (<a href=\"https:\/\/www.20minutes.fr\/societe\/loire-atlantique\/\" class=\"c-link c-link--is-underlined\" target=\"_blank\" rel=\"noopener\">Loire-Atlantique<\/a>), dans le quartier Janvraie dans la nuit du dimanche\u00a05 au lundi 6\u00a0octobre 2025.<\/p>\n<p>\u00c0 deux reprises, le conducteur de la voiture a grill\u00e9 un feu rouge. Un comportement inappropri\u00e9 qui a rapidement interpell\u00e9 les policiers alors en ronde. Ces derniers ont alors pris en chasse le v\u00e9hicule qui a \u00e9t\u00e9 contraint de stopper sa course rue des Fr\u00e8res-Amieux. \u00c0 leur grande surprise, lorsqu\u2019ils sont arriv\u00e9s \u00e0 sa hauteur, la voiture roulait\u2026 sans personne au volant. C\u2019est finalement au niveau du passage pi\u00e9ton que les forces de l\u2019ordre ont conclu que l\u2019homme traversant \u00e9tait en fait celui recherch\u00e9.<\/p>\n<p>Un traquenard vite rep\u00e9r\u00e9 par les policiers<\/p>\n<p>Alcoolis\u00e9 et drogu\u00e9 au moment des faits, l\u2019individu a r\u00e9ussi \u00e0 s\u2019extirper de son v\u00e9hicule encastr\u00e9 dans le muret d\u2019une maison. Il s\u2019est ensuite fait passer pour un pi\u00e9ton. \u00c9tant la seule personne \u00e0 proximit\u00e9 de la voiture, les policiers en ont d\u00e9duit qu\u2019il \u00e9tait l\u2019homme recherch\u00e9.<\/p>\n<p>\u00c0 l\u2019int\u00e9rieur de la voiture, ces derniers ont \u00e9galement retrouv\u00e9 une trottinette \u00e9lectrique et trois \u00ab\u00a0capsules de coca\u00efne\u00a0\u00bb. L\u2019automobiliste de 33 ans a \u00e9t\u00e9 mis en garde \u00e0 vue pour <a href=\"https:\/\/www.20minutes.fr\/faits_divers\/4177491-20251006-narbonne-apres-refus-obtemperer-conducteur-prend-tous-risques-volant-voiture-volee\" class=\"c-link c-link--is-underlined\" target=\"_blank\" rel=\"noopener\">refus d\u2019obtemp\u00e9rer<\/a>, d\u00e9faut de permis de conduire, d\u00e9faut d\u2019assurance, conduite sous l\u2019empire de l\u2019alcool et de stup\u00e9fiant, et d\u00e9tention de drogue.<\/p>\n","protected":false},"excerpt":{"rendered":"L\u2019homme de 33 ans aurait pu passer \u00e0 la trappe, selon nos confr\u00e8res d\u2019Actu Nantes. Mais les policiers&hellip;\n","protected":false},"author":2,"featured_media":445085,"comment_status":"","ping_status":"","sticky":false,"template":"","format":"standard","meta":{"footnotes":""},"categories":[2818],"tags":[1111,47,11,1777,674,118,6944,1011,27,3047,766,12,2636,1072,2852,25],"class_list":{"0":"post-445084","1":"post","2":"type-post","3":"status-publish","4":"format-standard","5":"has-post-thumbnail","7":"category-nantes","8":"tag-actu","9":"tag-actualite","10":"tag-actualites","11":"tag-eu","12":"tag-europe","13":"tag-faits-divers","14":"tag-faits-divers-nantes","15":"tag-fr","16":"tag-france","17":"tag-loire-atlantique","18":"tag-nantes","19":"tag-news","20":"tag-pays-de-la-loire","21":"tag-police","22":"tag-refus-dobtemperer","23":"tag-republique-francaise"},"share_on_mastodon":{"url":"https:\/\/pubeurope.com\/@fr\/115332974144280793","error":""},"_links":{"self":[{"href":"https:\/\/www.europesays.com\/fr\/wp-json\/wp\/v2\/posts\/445084","targetHints":{"allow":["GET"]}}],"collection":[{"href":"https:\/\/www.europesays.com\/fr\/wp-json\/wp\/v2\/posts"}],"about":[{"href":"https:\/\/www.europesays.com\/fr\/wp-json\/wp\/v2\/types\/post"}],"author":[{"embeddable":true,"href":"https:\/\/www.europesays.com\/fr\/wp-json\/wp\/v2\/users\/2"}],"replies":[{"embeddable":true,"href":"https:\/\/www.europesays.com\/fr\/wp-json\/wp\/v2\/comments?post=445084"}],"version-history":[{"count":0,"href":"https:\/\/www.europesays.com\/fr\/wp-json\/wp\/v2\/posts\/445084\/revisions"}],"wp:featuredmedia":[{"embeddable":true,"href":"https:\/\/www.europesays.com\/fr\/wp-json\/wp\/v2\/media\/445085"}],"wp:attachment":[{"href":"https:\/\/www.europesays.com\/fr\/wp-json\/wp\/v2\/media?parent=445084"}],"wp:term":[{"taxonomy":"category","embeddable":true,"href":"https:\/\/www.europesays.com\/fr\/wp-json\/wp\/v2\/categories?post=445084"},{"taxonomy":"post_tag","embeddable":true,"href":"https:\/\/www.europesays.com\/fr\/wp-json\/wp\/v2\/tags?post=445084"}],"curies":[{"name":"wp","href":"https:\/\/api.w.org\/{rel}","templated":true}]}}