{"id":445088,"date":"2025-10-07T12:52:13","date_gmt":"2025-10-07T12:52:13","guid":{"rendered":"https:\/\/www.europesays.com\/fr\/445088\/"},"modified":"2025-10-07T12:52:13","modified_gmt":"2025-10-07T12:52:13","slug":"une-femme-succombe-a-ses-blessures-apres-avoir-ete-frappee-par-son-compagnon","status":"publish","type":"post","link":"https:\/\/www.europesays.com\/fr\/445088\/","title":{"rendered":"une femme succombe \u00e0 ses blessures apr\u00e8s avoir \u00e9t\u00e9 frapp\u00e9e par son compagnon"},"content":{"rendered":"<p>Une quadrag\u00e9naire avait \u00e9t\u00e9 plac\u00e9e dans le coma apr\u00e8s des violences subies par son compagnon dans la nuit du 20 au 21 ao\u00fbt, \u00e0 La Teste-de-Buch. Elle est d\u00e9c\u00e9d\u00e9e jeudi 2 octobre.<\/p>\n<p class=\"fig-paragraph\">C\u2019est la troisi\u00e8me femme d\u00e9c\u00e9d\u00e9e en\u00a0<a href=\"http:\/\/www.lefigaro.fr\/bordeaux\/bassin-d-arcachon-menace-d-expulsion-a-85-ans-papi-gaston-va-finalement-pouvoir-rester-chez-lui-20251005\" data-fig-type=\"NewsFlash\" data-gtm-custom-categorie=\"navigation\" data-gtm-custom-action=\"crossclick\" data-gtm-custom-label=\"Contextuel\" data-gtm-event=\"customEventSPE\" data-fig-domain=\"LEFIGARO\" target=\"_blank\" rel=\"noopener\">Gironde<\/a>\u00a0sous les coups de son conjoint depuis le d\u00e9but de l\u2019ann\u00e9e. Une femme de 44 ans a succomb\u00e9 \u00e0 ses blessures, jeudi dernier. Elle avait \u00e9t\u00e9 plac\u00e9e dans un\u00a0<a href=\"https:\/\/video.lefigaro.fr\/figaro\/actualite-france\/jules-bianchi-sorti-du-coma-artificiel-et-rapatrie-en-france-1-20141119\" target=\"_blank\" data-fig-type=\"Video\" rel=\"sponsored noopener\" data-gtm-custom-categorie=\"navigation\" data-gtm-custom-action=\"crossclick\" data-gtm-custom-label=\"Contextuel\" data-gtm-event=\"customEventSPE\" data-fig-domain=\"LEFIGARO\">coma artificiel<\/a>\u00a0apr\u00e8s avoir \u00e9t\u00e9 frapp\u00e9e par son compagnon, un ostr\u00e9iculteur \u00e9galement \u00e2g\u00e9 de 44 ans, dans la nuit du 20 au 21 ao\u00fbt.<\/p>\n<p class=\"fig-paragraph\">Une violente\u00a0<a href=\"http:\/\/www.lefigaro.fr\/culture\/une-scene-de-dispute-entre-scarlett-johansson-et-d-adam-driver-utilisee-pour-faire-fuir-les-loups-aux-etats-unis-20250806\" target=\"_blank\" data-fig-type=\"Article\" rel=\"noopener\" data-gtm-custom-categorie=\"navigation\" data-gtm-custom-action=\"crossclick\" data-gtm-custom-label=\"Contextuel\" data-gtm-event=\"customEventSPE\" data-fig-domain=\"LEFIGARO\">dispute<\/a>\u00a0avait \u00e9clat\u00e9 entre eux, devant leur domicile, situ\u00e9 dans le quartier du port du Rocher, \u00e0 l\u2019issue d\u2019une soir\u00e9e. La femme aurait gifl\u00e9 son compagnon, qui lui aurait r\u00e9pondu par un coup de poing. Elle s\u2019\u00e9tait alors effondr\u00e9e au sol, inconsciente, sa t\u00eate heurtant violemment le bitume.<\/p>\n<p>                                    <a class=\"fig-a11y-skip a11y-hidden\" href=\"#fig-a11y-skip-main-inarticle\"><br \/>\n        Passer la publicit\u00e9<br \/>\n    <\/a><\/p>\n<p>Il indique l\u2019avoir seulement \u00abrepouss\u00e9\u00bb<\/p>\n<p class=\"fig-paragraph\">L\u2019auteur pr\u00e9sum\u00e9 des faits avait imm\u00e9diatement \u00e9t\u00e9 plac\u00e9 en garde \u00e0 vue. Il avait d\u2019abord \u00e9voqu\u00e9 un accident domestique, pr\u00e9cisant qu\u2019il avait simplement \u00abrepouss\u00e9\u00bb la victime. Mais le t\u00e9moignage d\u2019une jeune fille de 17 ans, amie de la fille du couple et t\u00e9moin direct de la sc\u00e8ne, a permis de faire la lumi\u00e8re sur les \u00e9v\u00e9nements. C\u2019est elle qui s\u2019est rendue au commissariat de Bordeaux pour raconter ce qu\u2019elle avait vu. L\u2019adolescente et la fille du mis en cause avaient toutes deux \u00e9voqu\u00e9 un coup de poing port\u00e9 au visage de la femme, la faisant lourdement chuter au sol. Un examen m\u00e9dico-l\u00e9gal avait confirm\u00e9 que les l\u00e9sions observ\u00e9es \u00e9taient compatibles avec un coup port\u00e9 \u00e0 la face, suivi d\u2019une chute en arri\u00e8re.<\/p>\n<p class=\"fig-paragraph\">\u00c0 l\u2019issue de sa garde \u00e0 vue, l\u2019homme avait \u00e9t\u00e9 mis en examen pour \u00abviolences volontaires ayant entra\u00een\u00e9 une infirmit\u00e9 permanente par conjoint\u00bb et plac\u00e9 sous contr\u00f4le judiciaire, malgr\u00e9 les r\u00e9quisitions du parquet qui avait demand\u00e9 son incarc\u00e9ration. Cette d\u00e9cision avait \u00e9t\u00e9 confirm\u00e9e par la chambre de l\u2019instruction le 9 septembre.<\/p>\n<p class=\"fig-paragraph\">Le d\u00e9c\u00e8s de la victime conduit d\u00e9sormais \u00e0 \u00abune requalification des faits en violences volontaires par conjoint ayant entra\u00een\u00e9 la mort\u00bb, selon le parquet de Bordeaux. Le procureur Renaud Gaudeul a rappel\u00e9 \u00abl\u2019ampleur du travail qu\u2019il reste \u00e0 accomplir sur ce sujet des violences au sein du couple\u00bb.<\/p>\n","protected":false},"excerpt":{"rendered":"Une quadrag\u00e9naire avait \u00e9t\u00e9 plac\u00e9e dans le coma apr\u00e8s des violences subies par son compagnon dans la nuit&hellip;\n","protected":false},"author":2,"featured_media":445089,"comment_status":"","ping_status":"","sticky":false,"template":"","format":"standard","meta":{"footnotes":""},"categories":[2817],"tags":[1111,11,1997,1777,674,1011,27,12,2219,25,2949,798],"class_list":{"0":"post-445088","1":"post","2":"type-post","3":"status-publish","4":"format-standard","5":"has-post-thumbnail","7":"category-bordeaux","8":"tag-actu","9":"tag-actualites","10":"tag-bordeaux","11":"tag-eu","12":"tag-europe","13":"tag-fr","14":"tag-france","15":"tag-news","16":"tag-nouvelle-aquitaine","17":"tag-republique-francaise","18":"tag-violences","19":"tag-violences-conjugales"},"share_on_mastodon":{"url":"https:\/\/pubeurope.com\/@fr\/115332982296259764","error":""},"_links":{"self":[{"href":"https:\/\/www.europesays.com\/fr\/wp-json\/wp\/v2\/posts\/445088","targetHints":{"allow":["GET"]}}],"collection":[{"href":"https:\/\/www.europesays.com\/fr\/wp-json\/wp\/v2\/posts"}],"about":[{"href":"https:\/\/www.europesays.com\/fr\/wp-json\/wp\/v2\/types\/post"}],"author":[{"embeddable":true,"href":"https:\/\/www.europesays.com\/fr\/wp-json\/wp\/v2\/users\/2"}],"replies":[{"embeddable":true,"href":"https:\/\/www.europesays.com\/fr\/wp-json\/wp\/v2\/comments?post=445088"}],"version-history":[{"count":0,"href":"https:\/\/www.europesays.com\/fr\/wp-json\/wp\/v2\/posts\/445088\/revisions"}],"wp:featuredmedia":[{"embeddable":true,"href":"https:\/\/www.europesays.com\/fr\/wp-json\/wp\/v2\/media\/445089"}],"wp:attachment":[{"href":"https:\/\/www.europesays.com\/fr\/wp-json\/wp\/v2\/media?parent=445088"}],"wp:term":[{"taxonomy":"category","embeddable":true,"href":"https:\/\/www.europesays.com\/fr\/wp-json\/wp\/v2\/categories?post=445088"},{"taxonomy":"post_tag","embeddable":true,"href":"https:\/\/www.europesays.com\/fr\/wp-json\/wp\/v2\/tags?post=445088"}],"curies":[{"name":"wp","href":"https:\/\/api.w.org\/{rel}","templated":true}]}}