{"id":445090,"date":"2025-10-07T12:53:12","date_gmt":"2025-10-07T12:53:12","guid":{"rendered":"https:\/\/www.europesays.com\/fr\/445090\/"},"modified":"2025-10-07T12:53:12","modified_gmt":"2025-10-07T12:53:12","slug":"les-nocturnes-des-marches-couverts-de-toulouse-font-leur-grand-retour-voici-quand","status":"publish","type":"post","link":"https:\/\/www.europesays.com\/fr\/445090\/","title":{"rendered":"Les nocturnes des march\u00e9s couverts de Toulouse font leur grand retour : voici quand"},"content":{"rendered":"<p><strong>Les nocturnes des march\u00e9s couverts de Toulouse reviennent en ce mois d\u2019octobre. Et c\u2019est \u00e0 Saint-Cyprien et Victor Hugo que \u00e7a se passe. On vous dit quand les prochaines nocturnes auront lieu. <\/strong><\/p>\n<p><img fetchpriority=\"high\" decoding=\"async\" width=\"1200\" height=\"900\" src=\"https:\/\/www.europesays.com\/fr\/wp-content\/uploads\/2025\/10\/Plateau-de-charcuterie.jpg\" alt=\"march\u00e9s\"  \/><\/p>\n<p>Les nocturnes sont l\u2019occasion de d\u00e9guster les produits des march\u00e9s dans une ambiance conviviale (illustration) \u00a9 Anaisia29 \/ Depositphotos.com<\/p>\n<p>Voil\u00e0 qui devrait r\u00e9jouir plus d\u2019un Toulousain. Les <strong><a href=\"https:\/\/www.lejournaltoulousain.fr\/occitanie\/haute-garonne\/toulouse\/nocturne-marche-victor-hugo-retour-321415\/\" rel=\"nofollow noopener\" target=\"_blank\">nocturnes sont de retour<\/a> en ce mois d\u2019octobre au sein des march\u00e9s couverts<\/strong> de la Ville rose. Et la premi\u00e8re se tiendra \u00e0 Saint-Cyprien. Normalement pr\u00e9vue ce jeudi 18 septembre, la nocturne a \u00e9t\u00e9 <strong>report\u00e9e au jeudi 9 octobre<\/strong>. Rendez-vous donc d\u00e8s 18h et jusqu\u2019\u00e0 23h pour d\u00e9guster les produits propos\u00e9s par les commer\u00e7ants du march\u00e9 de Saint-Cyprien dans une ambiance conviviale.<\/p>\n<p>Les 10 ans des nocturnes au march\u00e9 Victor Hugo<\/p>\n<p>La seconde nocturne de ce mois d\u2019octobre aura lieu \u00e0 Victor Hugo. Le march\u00e9 jouera les prolongations le mercredi 15 octobre de 18h30 \u00e0 22h30. Et cette 34e \u00e9dition de la nocturne de Victor Hugo sera particuli\u00e8rement sp\u00e9ciale. En effet, <strong>elle f\u00eate ses 10 ans<\/strong> ! Une d\u00e9cennie, d\u00e9j\u00e0, que des milliers de Toulousains se pressent au march\u00e9 pour profiter de cet \u00e9v\u00e9nement, prenant d\u2019assaut la place Victor Hugo et sa halle. Il est certain que cette \u00e9dition devrait encore attirer du monde. D\u2019autant que la derni\u00e8re remonte \u00e0 mai.<\/p>\n<p>Comme d\u2019habitude, les commer\u00e7ants promettent \u00ab une soir\u00e9e festive et chaleureuse, plac\u00e9e sous le signe de la convivialit\u00e9 \u00bb. Une chose est s\u00fbre, vous aurez de quoi vous r\u00e9galer. Le march\u00e9 Victor Hugo compte en effet <strong>un peu plus de 80 commer\u00e7ants<\/strong> qui <a href=\"https:\/\/www.marche-victor-hugo.fr\/nos-commercants\/\" target=\"_blank\" rel=\"noopener nofollow\">proposent toutes sortes de produits locaux<\/a>, notamment du fromage, de la charcuterie, du pain, des fruits et l\u00e9gumes, des crustac\u00e9s, mais \u00e9galement des plats traiteurs, des pizzas, du chocolat ou encore des p\u00e2tisseries. Sans oublier le vin, \u00e0 consommer avec mod\u00e9ration.<\/p>\n","protected":false},"excerpt":{"rendered":"Les nocturnes des march\u00e9s couverts de Toulouse reviennent en ce mois d\u2019octobre. Et c\u2019est \u00e0 Saint-Cyprien et Victor&hellip;\n","protected":false},"author":2,"featured_media":445091,"comment_status":"","ping_status":"","sticky":false,"template":"","format":"standard","meta":{"footnotes":""},"categories":[2816],"tags":[1111,11,1777,674,1011,27,57141,12,2680,25,2312],"class_list":{"0":"post-445090","1":"post","2":"type-post","3":"status-publish","4":"format-standard","5":"has-post-thumbnail","7":"category-toulouse","8":"tag-actu","9":"tag-actualites","10":"tag-eu","11":"tag-europe","12":"tag-fr","13":"tag-france","14":"tag-les-nocturnes-des-marchu00e9s-couverts-de-toulouse-font-leur-grand-retour-voici-quand","15":"tag-news","16":"tag-occitanie","17":"tag-republique-francaise","18":"tag-toulouse"},"share_on_mastodon":{"url":"https:\/\/pubeurope.com\/@fr\/115332986459468975","error":""},"_links":{"self":[{"href":"https:\/\/www.europesays.com\/fr\/wp-json\/wp\/v2\/posts\/445090","targetHints":{"allow":["GET"]}}],"collection":[{"href":"https:\/\/www.europesays.com\/fr\/wp-json\/wp\/v2\/posts"}],"about":[{"href":"https:\/\/www.europesays.com\/fr\/wp-json\/wp\/v2\/types\/post"}],"author":[{"embeddable":true,"href":"https:\/\/www.europesays.com\/fr\/wp-json\/wp\/v2\/users\/2"}],"replies":[{"embeddable":true,"href":"https:\/\/www.europesays.com\/fr\/wp-json\/wp\/v2\/comments?post=445090"}],"version-history":[{"count":0,"href":"https:\/\/www.europesays.com\/fr\/wp-json\/wp\/v2\/posts\/445090\/revisions"}],"wp:featuredmedia":[{"embeddable":true,"href":"https:\/\/www.europesays.com\/fr\/wp-json\/wp\/v2\/media\/445091"}],"wp:attachment":[{"href":"https:\/\/www.europesays.com\/fr\/wp-json\/wp\/v2\/media?parent=445090"}],"wp:term":[{"taxonomy":"category","embeddable":true,"href":"https:\/\/www.europesays.com\/fr\/wp-json\/wp\/v2\/categories?post=445090"},{"taxonomy":"post_tag","embeddable":true,"href":"https:\/\/www.europesays.com\/fr\/wp-json\/wp\/v2\/tags?post=445090"}],"curies":[{"name":"wp","href":"https:\/\/api.w.org\/{rel}","templated":true}]}}