{"id":445096,"date":"2025-10-07T12:56:19","date_gmt":"2025-10-07T12:56:19","guid":{"rendered":"https:\/\/www.europesays.com\/fr\/445096\/"},"modified":"2025-10-07T12:56:19","modified_gmt":"2025-10-07T12:56:19","slug":"a-lille-laudition-etait-au-coeur-des-debats","status":"publish","type":"post","link":"https:\/\/www.europesays.com\/fr\/445096\/","title":{"rendered":"\u00c0 Lille, l\u2019audition \u00e9tait au c\u0153ur des d\u00e9bats"},"content":{"rendered":"<p>\t\t\t\t\t\t\tLille, ville \u00e9tape <\/p>\n<p class=\"lineblock lb-u5ak\">Pour la deuxi\u00e8me fois, le congr\u00e8s de la SFORL a quitt\u00e9 ses terres parisiennes. Apr\u00e8s Marseille il y a 2 ans, c&rsquo;est Lille et son Grand Palais qui a accueilli la 131e \u00e9dition de la grand-messe de la sp\u00e9cialit\u00e9 m\u00e9dicale. En amont de cet \u00e9v\u00e8nement, la veille, se tenait la 4e \u00e9dition de la Journ\u00e9e de l&rsquo;audition.<\/p>\n<p class=\"lineblock lb-wasb\">La m\u00e9tropole lilloise b\u00e9n\u00e9ficie d&rsquo;un fort tropisme pour cette sp\u00e9cialit\u00e9 m\u00e9dicale, incarn\u00e9e aujourd&rsquo;hui par le Pr Dominique Chevalier, qui pr\u00e9sidait ce congr\u00e8s, et par le Pr Christophe Vincent, qui coorganisait la Journ\u00e9e de l&rsquo;audition. La nouvelle g\u00e9n\u00e9ration, avec la Dr Philippe Toulemonde notamment, perp\u00e9tue cette tradition.<\/p>\n<p> Une journ\u00e9e \u00ab\u00a0importante\u00a0\u00bb <\/p>\n<p class=\"lineblock lb-yujn\">La 4e Journ\u00e9e de l\u2019audition a \u00e9t\u00e9 inaugur\u00e9e par son trio fondateur\u00a0: le Pr Bernard Fraysse, le Pr Christophe Vincent et le Pr Hung Thai-Van. \u00ab\u00a0C\u2019est une journ\u00e9e importante car le parcours de soins en audition est complexe et multiple\u00a0\u00bb, ont-ils rappel\u00e9. \u00c0 l&rsquo;issue de son introduction, le Pr Fraysse a annonc\u00e9 qu\u2019il transmettait le flambeau de la pr\u00e9sidence de l\u2019\u00e9v\u00e8nement au Pr Vincent. \u00ab\u00a0Il en a \u00e0 la fois les comp\u00e9tences, l\u2019autorit\u00e9, mais ce qui est le plus important, il en a la vision\u00a0\u00bb, a-t-il soulign\u00e9.<\/p>\n<p> <img   alt=\"Fraysse web\" class=\"img-fluid lazy-content\"\/><\/p>\n<p>(c) LAK<\/p>\n<p> La surdit\u00e9, facteur de risque modifiable de chute et de d\u00e9clin cognitif <\/p>\n<p class=\"lineblock lb-cel9\">Th\u00e8me de la table ronde organis\u00e9e par la SFORL, le \u00ab\u00a0parcours de soin du sujet fragile\u00a0\u00bb a tenu une place toute particuli\u00e8re dans le programme de la Journ\u00e9e de l\u2019audition. Compte tenu du vieillissement de la population, la Dr Sophie Boucher, du service d\u2019ORL du CHU d\u2019Angers, a alert\u00e9\u00a0: \u00ab\u00a0Il va falloir que l\u2019on se mobilise tous car la presbyacousie co\u00fbte et va co\u00fbter cher \u00bb. Un appel \u00e0 la mobilisation r\u00e9it\u00e9r\u00e9 par le Pr Fran\u00e7ois Puisieux, pr\u00e9sident du g\u00e9rontopole des Hauts-de-France\u00a0: \u00ab Pour bien vieillir, \u00e0 domicile comme en Ehpad, [il est n\u00e9cessaire de] d\u00e9pister la presbyacousie et appareiller d\u00e8s que n\u00e9cessaire.\u00a0\u00bb Car, a-t-il confirm\u00e9, \u00ab\u00a0les troubles de l\u2019audition sont un facteur de risque modifiable de chute et de d\u00e9clin cognitif chez la personne \u00e2g\u00e9e \u00bb.<\/p>\n<p> <img   alt=\"Puisieux web\" class=\"img-fluid lazy-content\"\/><\/p>\n<p>(c) LAK<\/p>\n<p> Session SFA <\/p>\n<p class=\"lineblock lb-k2eu\">La session de la Soci\u00e9t\u00e9 fran\u00e7aise d&rsquo;audiologie s&rsquo;est tenue lors de la premi\u00e8re matin\u00e9e du congr\u00e8s de la SFORL. Elle \u00e9tait consacr\u00e9e \u00e0 l&rsquo;\u00e9valuation auditive et extra-auditive chez l&rsquo;adulte en 2025. La Pr Ariane Laplante-L\u00e9vesque, chercheuse canadienne qui a travaill\u00e9 ces derni\u00e8res ann\u00e9es pour l&rsquo;OMS, \u00e9tait l&rsquo;invit\u00e9e sp\u00e9ciale de cette session. Elle a notamment propos\u00e9 une r\u00e9flexion sur le parcours de soins du patient malentendant, afin qu&rsquo;il soit \u00ab\u00a0davantage centr\u00e9 sur le patient\u00a0\u00bb.<\/p>\n<p> <img   alt=\"Laplante web\" class=\"img-fluid lazy-content\"\/><\/p>\n<p>(c) LAK<\/p>\n<p> Time\u2019s up aux couleurs de la r\u00e9gion Est <\/p>\n<p class=\"lineblock lb-rmqr\">Le Time\u2019s up Audio figure d\u00e9sormais comme un incontournable du congr\u00e8s de la SFORL. L\u2019\u00e9dition 2025 de la session ludop\u00e9dagogique, organis\u00e9e par le Coll\u00e8ge d\u2019ORL et de CCF et anim\u00e9e par sa pr\u00e9sidente, la Pr C\u00e9cile Parietti-Winkler, a cl\u00f4tur\u00e9 la 4e Journ\u00e9e de l\u2019audition. Comme chaque ann\u00e9e, le jeu a oppos\u00e9 six \u00e9quipes pluridisciplinaires compos\u00e9es d\u2019\u00e9tudiants en audioproth\u00e8se et en m\u00e9decine. Apr\u00e8s deux ann\u00e9es domin\u00e9es par l\u2019\u00e9quipe M\u00e9diterran\u00e9e, ce sont les \u00e9tudiants de la r\u00e9gion Est qui ont remport\u00e9 la comp\u00e9tition sur le fil, au terme de deux manches pourtant longtemps men\u00e9es par l\u2019\u00e9quipe du Nord, qui a finalement d\u00e9croch\u00e9 la seconde place.<\/p>\n<p> <img   alt=\"Times web\" class=\"img-fluid lazy-content\"\/><\/p>\n<p>(c) BS<\/p>\n<p> Place \u00e0 l&rsquo;innovation <\/p>\n<p class=\"lineblock lb-m1aw\">La SFORL, en partenariat avec la Fondation pour l&rsquo;audition, organisait cette ann\u00e9e encore, une session d\u00e9di\u00e9e \u00e0 l&rsquo;innovation\u00a0: des industriels, en particulier des startups, sont invit\u00e9es \u00e0 venir \u00ab\u00a0pitcher\u00a0\u00bb leur projet. Le plus convaincant se voit attribuer le Prix innovation m\u00e9dicale audition. Cette ann\u00e9e, c&rsquo;est l&rsquo;entreprise Meludia qui a \u00e9t\u00e9 r\u00e9compens\u00e9e. Elle vise \u00e0 r\u00e9\u00e9duquer l&rsquo;audition des implant\u00e9s cochl\u00e9aires, gr\u00e2ce \u00e0 la musique. MED-EL propose l&rsquo;outil gratuitement \u00e0 ses utilisateurs depuis 2021.<\/p>\n<p class=\"lineblock lb-8w0j\">Le jury a \u00e9galement d\u00e9cern\u00e9 un prix coup de c\u0153ur \u00e0 la startup o-techno, qui propose un outil grand public de d\u00e9tection instantan\u00e9e des otites.<\/p>\n<p> <img   alt=\"Meludia web\" class=\"img-fluid lazy-content\"\/><\/p>\n<p>(c) LAK<\/p>\n","protected":false},"excerpt":{"rendered":"Lille, ville \u00e9tape Pour la deuxi\u00e8me fois, le congr\u00e8s de la SFORL a quitt\u00e9 ses terres parisiennes. Apr\u00e8s&hellip;\n","protected":false},"author":2,"featured_media":445097,"comment_status":"","ping_status":"","sticky":false,"template":"","format":"standard","meta":{"footnotes":""},"categories":[2815],"tags":[1111,11,1777,674,1011,27,811,1307,12,25],"class_list":{"0":"post-445096","1":"post","2":"type-post","3":"status-publish","4":"format-standard","5":"has-post-thumbnail","7":"category-lille","8":"tag-actu","9":"tag-actualites","10":"tag-eu","11":"tag-europe","12":"tag-fr","13":"tag-france","14":"tag-hauts-de-france","15":"tag-lille","16":"tag-news","17":"tag-republique-francaise"},"share_on_mastodon":{"url":"https:\/\/pubeurope.com\/@fr\/115332997791733416","error":""},"_links":{"self":[{"href":"https:\/\/www.europesays.com\/fr\/wp-json\/wp\/v2\/posts\/445096","targetHints":{"allow":["GET"]}}],"collection":[{"href":"https:\/\/www.europesays.com\/fr\/wp-json\/wp\/v2\/posts"}],"about":[{"href":"https:\/\/www.europesays.com\/fr\/wp-json\/wp\/v2\/types\/post"}],"author":[{"embeddable":true,"href":"https:\/\/www.europesays.com\/fr\/wp-json\/wp\/v2\/users\/2"}],"replies":[{"embeddable":true,"href":"https:\/\/www.europesays.com\/fr\/wp-json\/wp\/v2\/comments?post=445096"}],"version-history":[{"count":0,"href":"https:\/\/www.europesays.com\/fr\/wp-json\/wp\/v2\/posts\/445096\/revisions"}],"wp:featuredmedia":[{"embeddable":true,"href":"https:\/\/www.europesays.com\/fr\/wp-json\/wp\/v2\/media\/445097"}],"wp:attachment":[{"href":"https:\/\/www.europesays.com\/fr\/wp-json\/wp\/v2\/media?parent=445096"}],"wp:term":[{"taxonomy":"category","embeddable":true,"href":"https:\/\/www.europesays.com\/fr\/wp-json\/wp\/v2\/categories?post=445096"},{"taxonomy":"post_tag","embeddable":true,"href":"https:\/\/www.europesays.com\/fr\/wp-json\/wp\/v2\/tags?post=445096"}],"curies":[{"name":"wp","href":"https:\/\/api.w.org\/{rel}","templated":true}]}}