{"id":445098,"date":"2025-10-07T12:57:11","date_gmt":"2025-10-07T12:57:11","guid":{"rendered":"https:\/\/www.europesays.com\/fr\/445098\/"},"modified":"2025-10-07T12:57:11","modified_gmt":"2025-10-07T12:57:11","slug":"la-circulation-sera-perturbee-sur-une-partie-de-la-ligne-1-du-tram-a-marseille","status":"publish","type":"post","link":"https:\/\/www.europesays.com\/fr\/445098\/","title":{"rendered":"La circulation sera perturb\u00e9e sur une partie de la ligne 1 du tram \u00e0 Marseille"},"content":{"rendered":"<p>Dans un communiqu\u00e9, la <a href=\"https:\/\/www.rtm.fr\/infos-trafic\/6509265233834839696\" target=\"_blank\" rel=\"nofollow noopener\">R\u00e9gie des transports m\u00e9tropolitains (RTM)<\/a> annonce qu&rsquo;en raison de tests sur la mise en service du nouveau tramway, entre Saint-Pierre et Les Caillols, la ligne 1 du tram sera perturb\u00e9e entre 22h et la fin du service.\u00a0 Et ce les 7 et 9 octobre. <strong>Six stations seront ainsi\u00a0non-desservies :\u00a0La Parette, La Boiseraie, Air Bel, La Grognarde, William Booth, Les Caillols.<\/strong><\/p>\n<p><strong>Derniers d\u00e9parts parcours complets\u00a0<\/strong><\/p>\n<p>&#8211; Dernier d\u00e9part de Noailles pour Les Caillols : 21h30<\/p>\n<p>&#8211; Dernier d\u00e9part des Caillols pour Noailles : 21h56<\/p>\n<p>&#8211; Un service de Bus de substitution assure la desserte entre les stations de Tramway St Pierre et Les Caillols d\u00e8s 22h00 (premiers d\u00e9parts de Saint-Pierre et des Caillols) avec une fr\u00e9quence de 15 minutes.<\/p>\n<p><strong>Derniers d\u00e9parts parcours en bus de substitution :\u00a0<\/strong><\/p>\n<p>&#8211; Dernier d\u00e9part de St Pierre pour Les Caillols : 0h33<\/p>\n<p>&#8211; Dernier d\u00e9part des Caillols pour St Pierre : 0h15<\/p>\n","protected":false},"excerpt":{"rendered":"Dans un communiqu\u00e9, la R\u00e9gie des transports m\u00e9tropolitains (RTM) annonce qu&rsquo;en raison de tests sur la mise en&hellip;\n","protected":false},"author":2,"featured_media":445099,"comment_status":"","ping_status":"","sticky":false,"template":"","format":"standard","meta":{"footnotes":""},"categories":[2814],"tags":[17,1111,11,3542,1777,674,1011,27,3052,884,12,11695,7847,882,16,25,6690,3356,96],"class_list":{"0":"post-445098","1":"post","2":"type-post","3":"status-publish","4":"format-standard","5":"has-post-thumbnail","7":"category-marseille","8":"tag-17","9":"tag-actu","10":"tag-actualites","11":"tag-circulation","12":"tag-eu","13":"tag-europe","14":"tag-fr","15":"tag-france","16":"tag-ligne","17":"tag-marseille","18":"tag-news","19":"tag-partie","20":"tag-perturbee","21":"tag-provence-alpes-cote-dazur","22":"tag-region","23":"tag-republique-francaise","24":"tag-sera","25":"tag-sur","26":"tag-une"},"share_on_mastodon":{"url":"https:\/\/pubeurope.com\/@fr\/115333001780071521","error":""},"_links":{"self":[{"href":"https:\/\/www.europesays.com\/fr\/wp-json\/wp\/v2\/posts\/445098","targetHints":{"allow":["GET"]}}],"collection":[{"href":"https:\/\/www.europesays.com\/fr\/wp-json\/wp\/v2\/posts"}],"about":[{"href":"https:\/\/www.europesays.com\/fr\/wp-json\/wp\/v2\/types\/post"}],"author":[{"embeddable":true,"href":"https:\/\/www.europesays.com\/fr\/wp-json\/wp\/v2\/users\/2"}],"replies":[{"embeddable":true,"href":"https:\/\/www.europesays.com\/fr\/wp-json\/wp\/v2\/comments?post=445098"}],"version-history":[{"count":0,"href":"https:\/\/www.europesays.com\/fr\/wp-json\/wp\/v2\/posts\/445098\/revisions"}],"wp:featuredmedia":[{"embeddable":true,"href":"https:\/\/www.europesays.com\/fr\/wp-json\/wp\/v2\/media\/445099"}],"wp:attachment":[{"href":"https:\/\/www.europesays.com\/fr\/wp-json\/wp\/v2\/media?parent=445098"}],"wp:term":[{"taxonomy":"category","embeddable":true,"href":"https:\/\/www.europesays.com\/fr\/wp-json\/wp\/v2\/categories?post=445098"},{"taxonomy":"post_tag","embeddable":true,"href":"https:\/\/www.europesays.com\/fr\/wp-json\/wp\/v2\/tags?post=445098"}],"curies":[{"name":"wp","href":"https:\/\/api.w.org\/{rel}","templated":true}]}}