{"id":445193,"date":"2025-10-07T13:57:12","date_gmt":"2025-10-07T13:57:12","guid":{"rendered":"https:\/\/www.europesays.com\/fr\/445193\/"},"modified":"2025-10-07T13:57:12","modified_gmt":"2025-10-07T13:57:12","slug":"quatre-films-a-ne-pas-manquer-lors-du-festival-cinealma-a-carros-du-10-au-19-octobre","status":"publish","type":"post","link":"https:\/\/www.europesays.com\/fr\/445193\/","title":{"rendered":"Quatre films \u00e0 ne pas manquer lors du festival Cin\u00e9alma \u00e0 Carros du 10\u00a0au 19\u00a0octobre"},"content":{"rendered":"<p class=\"fs-5 \">\u00ab Mettre en lumi\u00e8re le cin\u00e9ma qui favorise le dialogue entre les cultures, la compr\u00e9hension mutuelle et la fraternit\u00e9 entre les peuples \u00bb, tel est l\u2019un des objectifs affich\u00e9s de Cin\u00e9alma. Pour sa 19e \u00e9dition qui se tient du 10 au 19 octobre \u00e0 la salle Juliette-Greco de Carros, le festival des cin\u00e9mas de la M\u00e9diterran\u00e9e propose la projection de 30 films, dont 18 in\u00e9dits en France et 11 avant-premi\u00e8res. Voici nos incontournables :<\/p>\n<p>                                                                                \u00ab Put Your Soul on Your Hand and Walk \u00bb de Sepideh Farsi<\/p>\n<p class=\"fs-5 \">Dans ce documentaire \u00e0 voir le 11 octobre \u00e0 10 h, Sepideh Farsi r\u00e9v\u00e8le ses \u00e9changes t\u00e9l\u00e9phoniques avec la photographe palestinienne Fatma Hassouna qui a document\u00e9 le quotidien dans Gaza, avant sa mort, en avril, victime d\u2019une attaque isra\u00e9lienne.<\/p>\n<p>                                                                                \u00ab Magellan \u00bb de Lav Diaz<\/p>\n<p class=\"fs-5 \">Le film du Philippin Lav Diaz, \u00e0 la puissante charge politique, se d\u00e9roule au XVIe si\u00e8cle et suit le c\u00e9l\u00e8bre navigateur portugais Ferdinand Magellan, jou\u00e9 par Gael Garc\u00eda Bernal. 19 octobre \u00e0 17h.<\/p>\n<p>                                                                                \u00ab Remember My Name \u00bb d\u2019Elena Molina<\/p>\n<p class=\"fs-5 \">La r\u00e9alisatrice (qui sera pr\u00e9sente lors de la projection le 16 octobre \u00e0 18 h 15) filme avec douceur les liens qui se tissent entre des mineurs isol\u00e9s r\u00e9fugi\u00e9s \u00e0 Melilla, membres d\u2019une troupe de danse.<\/p>\n<p>                                                                                \u00ab Diamanti \u00bb de Ferzan \u00d6zpetek<\/p>\n<p class=\"fs-5 \">Carton au box-office italien, ce film (\u00e0 voir le 15 octobre \u00e0 19 h 30) porte sur un atelier de cr\u00e9ation de costumes de cin\u00e9ma et de th\u00e9\u00e2tre, \u00e0 Rome, dans les ann\u00e9es 1970.<\/p>\n<p class=\"fs-5 \"><strong>3 euros la s\u00e9ance. Rens. www.cinealma.fr<\/strong><\/p>\n","protected":false},"excerpt":{"rendered":"\u00ab Mettre en lumi\u00e8re le cin\u00e9ma qui favorise le dialogue entre les cultures, la compr\u00e9hension mutuelle et la&hellip;\n","protected":false},"author":2,"featured_media":445194,"comment_status":"","ping_status":"","sticky":false,"template":"","format":"standard","meta":{"footnotes":""},"categories":[2819],"tags":[1111,11,1777,674,1011,27,12,2401,882,25],"class_list":{"0":"post-445193","1":"post","2":"type-post","3":"status-publish","4":"format-standard","5":"has-post-thumbnail","7":"category-nice","8":"tag-actu","9":"tag-actualites","10":"tag-eu","11":"tag-europe","12":"tag-fr","13":"tag-france","14":"tag-news","15":"tag-nice","16":"tag-provence-alpes-cote-dazur","17":"tag-republique-francaise"},"share_on_mastodon":{"url":"https:\/\/pubeurope.com\/@fr\/115333237637232483","error":""},"_links":{"self":[{"href":"https:\/\/www.europesays.com\/fr\/wp-json\/wp\/v2\/posts\/445193","targetHints":{"allow":["GET"]}}],"collection":[{"href":"https:\/\/www.europesays.com\/fr\/wp-json\/wp\/v2\/posts"}],"about":[{"href":"https:\/\/www.europesays.com\/fr\/wp-json\/wp\/v2\/types\/post"}],"author":[{"embeddable":true,"href":"https:\/\/www.europesays.com\/fr\/wp-json\/wp\/v2\/users\/2"}],"replies":[{"embeddable":true,"href":"https:\/\/www.europesays.com\/fr\/wp-json\/wp\/v2\/comments?post=445193"}],"version-history":[{"count":0,"href":"https:\/\/www.europesays.com\/fr\/wp-json\/wp\/v2\/posts\/445193\/revisions"}],"wp:featuredmedia":[{"embeddable":true,"href":"https:\/\/www.europesays.com\/fr\/wp-json\/wp\/v2\/media\/445194"}],"wp:attachment":[{"href":"https:\/\/www.europesays.com\/fr\/wp-json\/wp\/v2\/media?parent=445193"}],"wp:term":[{"taxonomy":"category","embeddable":true,"href":"https:\/\/www.europesays.com\/fr\/wp-json\/wp\/v2\/categories?post=445193"},{"taxonomy":"post_tag","embeddable":true,"href":"https:\/\/www.europesays.com\/fr\/wp-json\/wp\/v2\/tags?post=445193"}],"curies":[{"name":"wp","href":"https:\/\/api.w.org\/{rel}","templated":true}]}}