{"id":445224,"date":"2025-10-07T14:14:12","date_gmt":"2025-10-07T14:14:12","guid":{"rendered":"https:\/\/www.europesays.com\/fr\/445224\/"},"modified":"2025-10-07T14:14:12","modified_gmt":"2025-10-07T14:14:12","slug":"charlie-hebdo-et-la-famille-de-charb-demandent-que-le-dessinateur-entre-au-pantheon","status":"publish","type":"post","link":"https:\/\/www.europesays.com\/fr\/445224\/","title":{"rendered":"\u00ab\u00a0Charlie Hebdo\u00a0\u00bb et la famille de Charb demandent que le dessinateur entre au Panth\u00e9on"},"content":{"rendered":"\n<p class=\"article__paragraph  \">La r\u00e9daction de <a href=\"https:\/\/www.lemonde.fr\/charlie-hebdo\/\" rel=\"nofollow noopener\" target=\"_blank\">Charlie Hebdo<\/a> et les parents de Charb demandent que le dessinateur, tu\u00e9 dans l\u2019attaque djihadiste contre l\u2019hebdomadaire satirique il y a dix ans, entre au Panth\u00e9on, dans le journal \u00e0 para\u00eetre mercredi.<\/p>\n<p class=\"article__paragraph  \">\u00ab\u00a0Charb coche toutes les cases pour s\u2019y retrouver\u00a0\u00bb et ses \u00ab\u00a0valeurs\u00a0\u00bb \u00e9taient \u00ab\u00a0exactement celles de notre d\u00e9mocratie\u00a0\u00bb, d\u00e9fend ainsi Riss, qui lui a succ\u00e9d\u00e9 \u00e0 la t\u00eate de Charlie Hebdo, dans son \u00e9dito consult\u00e9 par l\u2019Agence France-Presse (AFP). Il est \u00ab\u00a0un journaliste ex\u00e9cut\u00e9 pour ses opinions par des terroristes sur le territoire national\u00a0\u00bb et l\u2019id\u00e9e d\u2019une panth\u00e9onisation n\u2019est ainsi \u00ab\u00a0pas si conne que cela\u00a0\u00bb, appuie-t-il.<\/p>\n<p class=\"article__paragraph  \">Charb l\u2019aurait-il valid\u00e9e\u00a0? Non, mais il n\u2019est pas question \u00ab\u00a0d\u2019une r\u00e9compense ou d\u2019un honneur\u00a0\u00bb, mais de \u00ab\u00a0valeurs\u00a0\u00bb qu\u2019il repr\u00e9sente, a r\u00e9pondu Riss \u00e0 l\u2019AFP. Selon lui, \u00ab\u00a0quelle que soit l\u2019issue de cette demande, l\u2019int\u00e9r\u00eat est aussi d\u2019entretenir, de r\u00e9veiller la r\u00e9flexion autour des valeurs de Charb et du journal\u00a0\u00bb.<\/p>\n<p class=\"article__paragraph  \">Une telle d\u00e9cision d\u2019entr\u00e9e au Panth\u00e9on \u00ab\u00a0graverait dans le marbre de notre R\u00e9publique l\u2019attachement visc\u00e9ral du peuple fran\u00e7ais \u00e0 la libert\u00e9 d\u2019expression\u00a0\u00bb, souligne aussi dans son \u00e9dito le directeur de la publication, qui avait \u00e9t\u00e9 lui-m\u00eame gri\u00e8vement bless\u00e9 le 7\u00a0janvier\u00a02015.<\/p>\n<p>                                 Lire la rencontre\u00a0:  Article r\u00e9serv\u00e9 \u00e0 nos abonn\u00e9s  <a href=\"https:\/\/www.lemonde.fr\/actualite-medias\/article\/2025\/01\/07\/riss-dix-annees-pour-garder-charlie-en-vie_6485374_3236.html\" class=\"js-article-read-also catcher--favoris__link\" data-premium=\"1\" id=\"article-title-3402985\" rel=\"nofollow noopener\" target=\"_blank\">Riss, dix ann\u00e9es pour garder \u00ab\u00a0Charlie\u00a0\u00bb en vie<\/a>    <\/p>\n<p>   Lire plus tard  <\/p>\n<p class=\"article__paragraph  \">L\u2019attentat avait fait douze morts, dont huit membres de la r\u00e9daction, parmi lesquels d\u2019autres figures de la caricature comme Cabu et Wolinski.<\/p>\n<p class=\"article__paragraph  \">\u00ab\u00a0Nous souhaiterions ancrer d\u00e9finitivement cet \u00e9v\u00e9nement dans l\u2019histoire du pays, par un acte fort et f\u00e9d\u00e9rateur\u00a0\u00bb, ont \u00e9galement \u00e9crit les parents de Charb et son fr\u00e8re dans une requ\u00eate au pr\u00e9sident de la R\u00e9publique, publi\u00e9e par Charlie Hebdo.<\/p>\n<p class=\"article__paragraph  \">Outre la libert\u00e9 d\u2019expression, ils \u00e9voquent \u00ab\u00a0l\u2019antiracisme\u00a0\u00bb, \u00ab\u00a0la justice sociale\u00a0\u00bb et \u00ab\u00a0la la\u00efcit\u00e9\u00a0\u00bb, \u00ab\u00a0valeurs \u00e9minemment r\u00e9publicaines pour lesquelles Charb s\u2019est battu toute sa vie et qui rassemblent la tr\u00e8s grande majorit\u00e9 des Fran\u00e7ais de toutes opinions et de toutes confessions\u00a0\u00bb.<\/p>\n<p>              Marquer \u00ab\u00a0l\u2019anniversaire d\u2019une manipulation internationale\u00a0\u00bb              <\/p>\n<p class=\"article__paragraph  \">La demande est faite \u00e0 l\u2019occasion des 20\u00a0ans de la publication de 12 caricatures de Mahomet dans le quotidien danois Jyllands-Posten, \u00e0 l\u2019origine de violentes manifestations dans certains pays musulmans. L\u2019hebdomadaire fran\u00e7ais avait repris ces dessins en\u00a02006, devenant une cible des jihadistes.<\/p>\n<p>                                 Lire aussi |  Article r\u00e9serv\u00e9 \u00e0 nos abonn\u00e9s  <a href=\"https:\/\/www.lemonde.fr\/le-monde-des-religions\/article\/2025\/01\/10\/dominique-avon-historien-les-savants-musulmans-ont-fait-du-prophete-de-l-islam-une-personnalite-intouchable_6490565_6038514.html\" class=\"js-article-read-also catcher--favoris__link\" data-premium=\"1\" id=\"article-title-3404464\" rel=\"nofollow noopener\" target=\"_blank\">Dominique Avon, historien\u00a0: \u00ab\u00a0Les savants musulmans ont fait du proph\u00e8te de l\u2019islam une personnalit\u00e9 intouchable\u00a0\u00bb<\/a>    <\/p>\n<p>   Lire plus tard  <\/p>\n<p class=\"article__paragraph  \">Republi\u00e9es \u00e0 plusieurs reprises, elles sont reproduites \u00e0 nouveau dans l\u2019\u00e9dition de mercredi, pour marquer \u00ab\u00a0l\u2019anniversaire d\u2019une manipulation internationale\u00a0\u00bb, titre Charlie Hebdo.<\/p>\n<p class=\"article__paragraph  \">\u00ab\u00a0Cette publication (en\u00a02005-2006) ainsi que l\u2019attentat du 7\u00a0janvier\u00a02015 furent des \u00e9v\u00e9nements consid\u00e9rables. Aujourd\u2019hui, ils sont devenus des faits historiques\u00a0\u00bb et des rues, des places portent des noms des victimes, constate Riss, qui a avanc\u00e9 cette id\u00e9e de panth\u00e9onisation aupr\u00e8s de la famille de son ami, mort \u00e0 47\u00a0ans.<\/p>\n<p class=\"article__paragraph  \">Avec d\u2019autres membres de la r\u00e9daction, il se rend r\u00e9guli\u00e8rement aupr\u00e8s de lyc\u00e9ens et d\u2019\u00e9tudiants. \u00ab\u00a0Ce n\u2019est pas aberrant de faire rentrer au Panth\u00e9on quelqu\u2019un de cette g\u00e9n\u00e9ration\u00a0\u00bb, un \u00ab\u00a0contemporain\u00a0\u00bb, a-t-il en outre soulign\u00e9 \u00e0 l\u2019AFP.<\/p>\n<p>                                 Lire le r\u00e9cit\u00a0(2025)\u00a0:  Article r\u00e9serv\u00e9 \u00e0 nos abonn\u00e9s  <a href=\"https:\/\/www.lemonde.fr\/societe\/article\/2025\/01\/07\/aux-origines-d-un-journal-quand-charlie-hebdo-naissait-des-cendres-de-l-hebdo-hara-kiri_6486998_3224.html\" class=\"js-article-read-also catcher--favoris__link\" data-premium=\"1\" id=\"article-title-3404147\" rel=\"nofollow noopener\" target=\"_blank\">Aux origines d\u2019un journal\u00a0: quand \u00ab\u00a0Charlie Hebdo\u00a0\u00bb naissait des cendres de \u00ab\u00a0L\u2019Hebdo Hara-Kiri\u00a0\u00bb<\/a>    <\/p>\n<p>   Lire plus tard  <\/p>\n<p class=\"author__detail\">  Le Monde avec AFP  <\/p>\n<p>                  <a href=\"https:\/\/www.lemonde.fr\/syndication\/\" class=\"reuse__content\" title=\"R\u00e9utiliser ce contenu\" target=\"_blank\" rel=\"nofollow noopener\">R\u00e9utiliser ce contenu<\/a>      <\/p>\n","protected":false},"excerpt":{"rendered":"La r\u00e9daction de Charlie Hebdo et les parents de Charb demandent que le dessinateur, tu\u00e9 dans l\u2019attaque djihadiste&hellip;\n","protected":false},"author":2,"featured_media":445225,"comment_status":"","ping_status":"","sticky":false,"template":"","format":"standard","meta":{"footnotes":""},"categories":[1888],"tags":[1111,1928,11,1927,1777,674,1011,27,12,1926,626,1925,25],"class_list":{"0":"post-445224","1":"post","2":"type-post","3":"status-publish","4":"format-standard","5":"has-post-thumbnail","7":"category-paris","8":"tag-actu","9":"tag-actu-paris","10":"tag-actualites","11":"tag-actualites-paris","12":"tag-eu","13":"tag-europe","14":"tag-fr","15":"tag-france","16":"tag-news","17":"tag-news-paris","18":"tag-paris","19":"tag-paris-news","20":"tag-republique-francaise"},"share_on_mastodon":{"url":"https:\/\/pubeurope.com\/@fr\/115333304522900962","error":""},"_links":{"self":[{"href":"https:\/\/www.europesays.com\/fr\/wp-json\/wp\/v2\/posts\/445224","targetHints":{"allow":["GET"]}}],"collection":[{"href":"https:\/\/www.europesays.com\/fr\/wp-json\/wp\/v2\/posts"}],"about":[{"href":"https:\/\/www.europesays.com\/fr\/wp-json\/wp\/v2\/types\/post"}],"author":[{"embeddable":true,"href":"https:\/\/www.europesays.com\/fr\/wp-json\/wp\/v2\/users\/2"}],"replies":[{"embeddable":true,"href":"https:\/\/www.europesays.com\/fr\/wp-json\/wp\/v2\/comments?post=445224"}],"version-history":[{"count":0,"href":"https:\/\/www.europesays.com\/fr\/wp-json\/wp\/v2\/posts\/445224\/revisions"}],"wp:featuredmedia":[{"embeddable":true,"href":"https:\/\/www.europesays.com\/fr\/wp-json\/wp\/v2\/media\/445225"}],"wp:attachment":[{"href":"https:\/\/www.europesays.com\/fr\/wp-json\/wp\/v2\/media?parent=445224"}],"wp:term":[{"taxonomy":"category","embeddable":true,"href":"https:\/\/www.europesays.com\/fr\/wp-json\/wp\/v2\/categories?post=445224"},{"taxonomy":"post_tag","embeddable":true,"href":"https:\/\/www.europesays.com\/fr\/wp-json\/wp\/v2\/tags?post=445224"}],"curies":[{"name":"wp","href":"https:\/\/api.w.org\/{rel}","templated":true}]}}