{"id":445226,"date":"2025-10-07T14:15:23","date_gmt":"2025-10-07T14:15:23","guid":{"rendered":"https:\/\/www.europesays.com\/fr\/445226\/"},"modified":"2025-10-07T14:15:23","modified_gmt":"2025-10-07T14:15:23","slug":"pourquoi-paris-pourrait-devenir-une-ville-eponge-dici-2050","status":"publish","type":"post","link":"https:\/\/www.europesays.com\/fr\/445226\/","title":{"rendered":"Pourquoi Paris pourrait devenir une ville \u00e9ponge d\u2019ici 2050"},"content":{"rendered":"<p><img decoding=\"async\" alt=\"vgtation absorbe pas seulement eau mais aussi pollution air fait arbres allis principaux contre flaux modernes pollution...\" loading=\"lazy\" class=\"ResponsiveImageContainer-eNxvmU cfBbTk responsive-image__image\"   src=\"https:\/\/www.europesays.com\/fr\/wp-content\/uploads\/2025\/10\/1501111322.jpeg\"\/><\/p>\n<p>La v\u00e9g\u00e9tation n&rsquo;absorbe pas seulement l&rsquo;eau, mais aussi la pollution de l&rsquo;air, ce qui fait des arbres nos alli\u00e9s principaux contre les fl\u00e9aux modernes que sont la pollution estivale et l&rsquo;inondation parisienne.<\/p>\n<p>\u00a9 Getty Images \/ legna69<\/p>\n<p>Pour commencer, la Ville de Paris a commenc\u00e9 par agir sur deux leviers, \u00ab la modernisation du r\u00e9seau d\u2019assainissement, engag\u00e9e depuis 1990, permettant de diviser par 10 les rejets en temps de pluie \u00bb, et \u00ab la r\u00e9duction du volume d\u2019eau envoy\u00e9e vers le r\u00e9seau d\u2019assainissement, en favorisant l\u2019infiltration, l\u2019\u00e9vapotranspiration et la r\u00e9cup\u00e9ration sur place de l\u2019eau de pluie \u00bb, d\u2019apr\u00e8s Coordination EAU \u00cele-de-France. Cela aura pris du temps, mais actuellement 26 % du territoire parisien a \u00e9t\u00e9 d\u00e9simperm\u00e9abilis\u00e9 par le remplacement du <a href=\"https:\/\/www.admagazine.fr\/article\/escaliers-beton-modeles-interieur-caractere\" target=\"_blank\" rel=\"noopener\">b\u00e9ton<\/a> et autres pav\u00e9s par de la terre nue, alors que l\u2019objectif est pass\u00e9 \u00e0 40 % du territoire en 2050 \u2014 pas mal comme bonne nouvelle en ces temps troubl\u00e9s. Tout cela a commenc\u00e9 par une r\u00e9introduction des espaces verts, de toitures v\u00e9g\u00e9talis\u00e9es, jardins et autres \u00ab zones tampon \u00bb qui favorisent l\u2019absorption et l\u2019\u00e9vaporation de l\u2019eau, mais aussi d\u2019espaces inondables destin\u00e9s \u00e0 accueillir les surplus, et de r\u00e9cup\u00e9rateurs d\u2019eau destin\u00e9s \u00e0 lui permettre d\u2019\u00eatre utilis\u00e9e \u00e0 des fins diverses \u2014 nettoyage, arrosage, etc.<\/p>\n<p><img decoding=\"async\" alt=\"Singapour une villes plus vertes en couleur et nergie du monde auparavant supprim 93 couverture arbore actuellement...\" loading=\"lazy\" class=\"ResponsiveImageContainer-eNxvmU cfBbTk responsive-image__image\"   src=\"https:\/\/www.europesays.com\/fr\/wp-content\/uploads\/2025\/10\/2225507242.jpeg\"\/><\/p>\n<p>Singapour est l&rsquo;une des villes les plus vertes en couleur et en \u00e9nergie du monde, et si elle avait auparavant supprim\u00e9 93% de sa couverture arbor\u00e9e, elle a actuellement rev\u00e9g\u00e9talis\u00e9 sa surface \u00e0 pr\u00e8s de 50%.\u00a9 Getty Images \/ Lim Weixiang &#8211; Zeitgeist Photos<\/p>\n<p>Un concept applicable, appliqu\u00e9, et \u00e9prouv\u00e9<\/p>\n<p>Ce principe d\u2019absorption de l\u2019eau dans l\u2019espace urbain, nomm\u00e9 villes \u00e9ponge, existe d\u00e9j\u00e0 dans plusieurs grandes m\u00e9tropoles du monde, notamment \u00e0 <a href=\"https:\/\/www.admagazine.fr\/article\/singapour-villes-plus-vertes-monde\" target=\"_blank\" rel=\"noopener\">Singapour<\/a>, avec sa surface v\u00e9g\u00e9talis\u00e9e jusqu\u2019\u00e0 pr\u00e8s de 50 %. Il a \u00e9t\u00e9 th\u00e9oris\u00e9 et mis en place dans les ann\u00e9es 2000 par l&rsquo;\u00e9minent architecte chinois Kongjian Yu, disparu dans un accident d\u2019avion ce 23 septembre dernier, en tant que strat\u00e9gie de r\u00e9silience urbaine dans des soci\u00e9t\u00e9s fragilis\u00e9es par le <a href=\"https:\/\/www.admagazine.fr\/article\/oeuvres-art-alertent-climat\" target=\"_blank\" rel=\"noopener\">d\u00e9r\u00e8glement climatique<\/a>. \u00c0 Paris, la mairie a exp\u00e9riment\u00e9 avec le concept dans le quartier de la Butte-aux-Cailles, dans le Sud-est de la ville, avec des parcelles v\u00e9g\u00e9talis\u00e9es sous forme de jardini\u00e8res ouvertes aux caniveaux pour permettre \u00e0 l\u2019eau de pluie de s\u2019\u00e9couler au pied de la <a href=\"https:\/\/www.admagazine.fr\/article\/maison-durable-vegetalisee-robotique\" target=\"_blank\" rel=\"noopener\">v\u00e9g\u00e9tation<\/a> et de \u00ab r\u00e9int\u00e9grer naturellement le cycle de l\u2019eau \u00bb, selon Cyril Doizelet, ing\u00e9nieur en gestion des eaux pluviales \u00e0 la mairie de Paris. D&rsquo;apr\u00e8s lui, ce serait pr\u00e8s de \u00ab 700 m2 de trottoirs et de chauss\u00e9e dont les eaux pluviales \u00bb qui seraient \u00ab g\u00e9r\u00e9es \u00e0 la source, soit environ 430 m2 d&rsquo;eau de pluie non rejet\u00e9es aux \u00e9gouts chaque ann\u00e9e \u00bb.<\/p>\n","protected":false},"excerpt":{"rendered":"La v\u00e9g\u00e9tation n&rsquo;absorbe pas seulement l&rsquo;eau, mais aussi la pollution de l&rsquo;air, ce qui fait des arbres nos&hellip;\n","protected":false},"author":2,"featured_media":445227,"comment_status":"","ping_status":"","sticky":false,"template":"","format":"standard","meta":{"footnotes":""},"categories":[1888],"tags":[1111,1928,11,1927,13382,1777,674,1011,27,12,1926,626,1925,25,1352],"class_list":{"0":"post-445226","1":"post","2":"type-post","3":"status-publish","4":"format-standard","5":"has-post-thumbnail","7":"category-paris","8":"tag-actu","9":"tag-actu-paris","10":"tag-actualites","11":"tag-actualites-paris","12":"tag-architecture-et-nature","13":"tag-eu","14":"tag-europe","15":"tag-fr","16":"tag-france","17":"tag-news","18":"tag-news-paris","19":"tag-paris","20":"tag-paris-news","21":"tag-republique-francaise","22":"tag-urbanisme"},"share_on_mastodon":{"url":"https:\/\/pubeurope.com\/@fr\/115333309092072168","error":""},"_links":{"self":[{"href":"https:\/\/www.europesays.com\/fr\/wp-json\/wp\/v2\/posts\/445226","targetHints":{"allow":["GET"]}}],"collection":[{"href":"https:\/\/www.europesays.com\/fr\/wp-json\/wp\/v2\/posts"}],"about":[{"href":"https:\/\/www.europesays.com\/fr\/wp-json\/wp\/v2\/types\/post"}],"author":[{"embeddable":true,"href":"https:\/\/www.europesays.com\/fr\/wp-json\/wp\/v2\/users\/2"}],"replies":[{"embeddable":true,"href":"https:\/\/www.europesays.com\/fr\/wp-json\/wp\/v2\/comments?post=445226"}],"version-history":[{"count":0,"href":"https:\/\/www.europesays.com\/fr\/wp-json\/wp\/v2\/posts\/445226\/revisions"}],"wp:featuredmedia":[{"embeddable":true,"href":"https:\/\/www.europesays.com\/fr\/wp-json\/wp\/v2\/media\/445227"}],"wp:attachment":[{"href":"https:\/\/www.europesays.com\/fr\/wp-json\/wp\/v2\/media?parent=445226"}],"wp:term":[{"taxonomy":"category","embeddable":true,"href":"https:\/\/www.europesays.com\/fr\/wp-json\/wp\/v2\/categories?post=445226"},{"taxonomy":"post_tag","embeddable":true,"href":"https:\/\/www.europesays.com\/fr\/wp-json\/wp\/v2\/tags?post=445226"}],"curies":[{"name":"wp","href":"https:\/\/api.w.org\/{rel}","templated":true}]}}