{"id":445275,"date":"2025-10-07T14:48:12","date_gmt":"2025-10-07T14:48:12","guid":{"rendered":"https:\/\/www.europesays.com\/fr\/445275\/"},"modified":"2025-10-07T14:48:12","modified_gmt":"2025-10-07T14:48:12","slug":"un-immeuble-seffondre-dans-le-centre-de-madrid-de-nombreux-blesses-et-plusieurs-disparus","status":"publish","type":"post","link":"https:\/\/www.europesays.com\/fr\/445275\/","title":{"rendered":"Un immeuble s\u2019effondre dans le centre de Madrid, de nombreux bless\u00e9s et plusieurs disparus"},"content":{"rendered":"<p>Un immeuble en travaux du centre de <a href=\"https:\/\/www.20minutes.fr\/dossier\/madrid\" class=\"c-link c-link--is-underlined\" target=\"_blank\" rel=\"noopener\">Madrid<\/a> s\u2019est partiellement effondr\u00e9 mardi en milieu de journ\u00e9e. Le bilan provisoire s\u2019\u00e9tablit \u00e0 quatre personnes disparues et une dizaine de bless\u00e9s, selon le pr\u00e9fet de la r\u00e9gion de Madrid, Francisco Mart\u00edn Aguirre. Mais il pourrait \u00eatre plus lourd.<\/p>\n<p class=\"mb-xxl@xs color-ultramarine font-weight-semi-bold@xs font-source-serif-pro heading-s@xs\">L\u2019acc\u00e8s \u00e0 ce contenu a \u00e9t\u00e9 bloqu\u00e9 afin de respecter votre choix de consentement<\/p>\n<p class=\"mb-m@xs text-l@xs\">En cliquant sur\u00ab J\u2019accepte \u00bb, vous acceptez le d\u00e9p\u00f4t de cookies par des services externes et aurez ainsi acc\u00e8s aux contenus de nos partenaires.<\/p>\n<p class=\"mb-xl@xs text-s@xs\">Plus d\u2019informations sur la page<a href=\"https:\/\/www.20minutes.fr\/gestion-cookies\" class=\"mx-xxs@xs color-ultramarine\" target=\"_blank\" rel=\"noopener\">Politique de gestion des cookies<\/a><\/p>\n<p>J\u2019accepte<\/p>\n<p>L\u2019accident s\u2019est produit rue des Hileras, entre la place de l\u2019Op\u00e9ra et la Puerta del Sol, dans le centre de la capitale <a href=\"https:\/\/www.20minutes.fr\/dossier\/espagne\" class=\"c-link c-link--is-underlined\" target=\"_blank\" rel=\"noopener\">espagnole<\/a>. Le b\u00e2timent \u00e9tait en cours de r\u00e9habilitation pour construire un h\u00f4tel quatre \u00e9toiles. Selon le t\u00e9moignage d\u2019un travailleur recueilli sur place par <a href=\"https:\/\/elpais.com\/espana\/madrid\/2025-10-07\/se-derrumba-un-edificio-en-el-centro-de-madrid-al-lado-de-opera-esta-lleno-de-ambulancias-y-policias-y-no-nos-dejan-entrar.html?ssm=TW_CM&amp;utm_source=tw&amp;utm_medium=social\" target=\"_blank\" class=\"c-link c-link--is-underlined\" rel=\"noopener\">El Pais<\/a>, \u00ab\u00a0jusqu\u2019\u00e0 40 personnes pouvaient se trouver \u00e0 l\u2019int\u00e9rieur au moment de l\u2019effondrement\u00a0\u00bb.<\/p>\n<p>\u00ab\u00a0Un terrible tremblement dans la rue\u00a0\u00bb<\/p>\n<p>Le b\u00e2timent \u00e9tait depuis longtemps abandonn\u00e9 et \u00e9tait en construction, selon le quotidien national. \u00ab\u00a0Il y a eu un terrible tremblement dans la rue et beaucoup de poussi\u00e8re s\u2019est \u00e9lev\u00e9e\u00a0\u00bb, explique une riveraine au journal. La fa\u00e7ade ne semble pas avoir \u00e9t\u00e9 touch\u00e9e, contrairement au reste de l\u2019\u00e9difice qui se serait \u00e9croul\u00e9. Les b\u00e2timents adjacents \u00e0 l\u2019immeuble touch\u00e9 \u00ab\u00a0sont en cours d\u2019\u00e9vacuation\u00a0\u00bb, pr\u00e9cisent les secours.<\/p>\n<\/p>\n<p>Onze \u00e9quipes de pompiers ont \u00e9t\u00e9 appel\u00e9es sur les lieux. \u00ab\u00a0La Protection civile a pris en charge jusqu\u2019\u00e0 pr\u00e9sent trois ouvriers, aucun dans un \u00e9tat grave. Il manque certains de leurs coll\u00e8gues\u00a0\u00bb, pr\u00e9cisent les secours, \u00e9voquant \u00ab\u00a0l\u2019effondrement de plusieurs niveaux dans un b\u00e2timent en travaux\u00a0\u00bb.<\/p>\n","protected":false},"excerpt":{"rendered":"Un immeuble en travaux du centre de Madrid s\u2019est partiellement effondr\u00e9 mardi en milieu de journ\u00e9e. Le bilan&hellip;\n","protected":false},"author":2,"featured_media":445276,"comment_status":"","ping_status":"","sticky":false,"template":"","format":"standard","meta":{"footnotes":""},"categories":[5],"tags":[47,11,7122,123,118,1011,27,5480,14,9471,12,28],"class_list":{"0":"post-445275","1":"post","2":"type-post","3":"status-publish","4":"format-standard","5":"has-post-thumbnail","7":"category-international","8":"tag-actualite","9":"tag-actualites","10":"tag-effondrement","11":"tag-espagne","12":"tag-faits-divers","13":"tag-fr","14":"tag-france","15":"tag-immeuble","16":"tag-international","17":"tag-madrid","18":"tag-news","19":"tag-world"},"share_on_mastodon":{"url":"https:\/\/pubeurope.com\/@fr\/115333438130468574","error":""},"_links":{"self":[{"href":"https:\/\/www.europesays.com\/fr\/wp-json\/wp\/v2\/posts\/445275","targetHints":{"allow":["GET"]}}],"collection":[{"href":"https:\/\/www.europesays.com\/fr\/wp-json\/wp\/v2\/posts"}],"about":[{"href":"https:\/\/www.europesays.com\/fr\/wp-json\/wp\/v2\/types\/post"}],"author":[{"embeddable":true,"href":"https:\/\/www.europesays.com\/fr\/wp-json\/wp\/v2\/users\/2"}],"replies":[{"embeddable":true,"href":"https:\/\/www.europesays.com\/fr\/wp-json\/wp\/v2\/comments?post=445275"}],"version-history":[{"count":0,"href":"https:\/\/www.europesays.com\/fr\/wp-json\/wp\/v2\/posts\/445275\/revisions"}],"wp:featuredmedia":[{"embeddable":true,"href":"https:\/\/www.europesays.com\/fr\/wp-json\/wp\/v2\/media\/445276"}],"wp:attachment":[{"href":"https:\/\/www.europesays.com\/fr\/wp-json\/wp\/v2\/media?parent=445275"}],"wp:term":[{"taxonomy":"category","embeddable":true,"href":"https:\/\/www.europesays.com\/fr\/wp-json\/wp\/v2\/categories?post=445275"},{"taxonomy":"post_tag","embeddable":true,"href":"https:\/\/www.europesays.com\/fr\/wp-json\/wp\/v2\/tags?post=445275"}],"curies":[{"name":"wp","href":"https:\/\/api.w.org\/{rel}","templated":true}]}}