{"id":445297,"date":"2025-10-07T15:02:12","date_gmt":"2025-10-07T15:02:12","guid":{"rendered":"https:\/\/www.europesays.com\/fr\/445297\/"},"modified":"2025-10-07T15:02:12","modified_gmt":"2025-10-07T15:02:12","slug":"ca-coince-toujours-au-rondeau-et-les-usagers-simpatientent","status":"publish","type":"post","link":"https:\/\/www.europesays.com\/fr\/445297\/","title":{"rendered":"\u00e7a coince toujours au Rondeau et les usagers s\u2019impatientent"},"content":{"rendered":"<p>En juin dernier, apr\u00e8s quatre ann\u00e9es de chantier et 153\u00a0millions d\u2019euros investis, la tranch\u00e9e couverte de <a href=\"https:\/\/www.ledauphine.com\/d\/echangeur-du-rondeau-ou-en-est-le-chantier-95a8e06d-60b2-410a-b4e4-3210965d68d5\" target=\"_blank\" rel=\"noopener\">l\u2019\u00e9changeur du Rondeau<\/a> \u00e9tait mise en service. Une bonne nouvelle, sur le papier, pour les 100\u00a0000 v\u00e9hicules empruntant quotidiennement ce n\u0153ud de circulation strat\u00e9gique de l\u2019agglom\u00e9ration grenobloise.<\/p>\n<p>Puis il y a eu de gros travaux <a href=\"https:\/\/www.ledauphine.com\/transport\/2025\/07\/28\/circulation-pourquoi-ca-va-coincer-pendant-15-jours-autour-du-rondeau\" target=\"_blank\" rel=\"noopener\">cet \u00e9t\u00e9,<\/a> avec des fermetures qui ont compliqu\u00e9 les choses. L\u2019heure de la rentr\u00e9e a ensuite sonn\u00e9, chacun a repris son rythme, ses trajets quotidiens et\u2026 ses longues minutes pass\u00e9es dans les bouchons. \u00ab\u00a0Je prends le Rondeau tous les matins et je ne comprends pas pourquoi \u00e7a bloque toujours autant.\u00a0\u00bb<\/p>\n<p>Cette r\u00e9flexion de Sylvia est partag\u00e9e par des milliers d\u2019usagers de la route. Et notre appel \u00e0 t\u00e9moins sur le sujet a suscit\u00e9 pas&#8230;<\/p>\n","protected":false},"excerpt":{"rendered":"En juin dernier, apr\u00e8s quatre ann\u00e9es de chantier et 153\u00a0millions d\u2019euros investis, la tranch\u00e9e couverte de l\u2019\u00e9changeur du&hellip;\n","protected":false},"author":2,"featured_media":445298,"comment_status":"","ping_status":"","sticky":false,"template":"","format":"standard","meta":{"footnotes":""},"categories":[9566],"tags":[1111,11,646,2430,4749,3542,9852,9853,33,112,113,1777,674,107,1011,27,2731,108,12,316,25,106,2803,800],"class_list":{"0":"post-445297","1":"post","2":"type-post","3":"status-publish","4":"format-standard","5":"has-post-thumbnail","7":"category-grenoble","8":"tag-actu","9":"tag-actualites","10":"tag-automobile","11":"tag-auvergne-rhone-alpes","12":"tag-btp-et-chantiers","13":"tag-circulation","14":"tag-echirolles","15":"tag-echirolles-bassin","16":"tag-economie","17":"tag-edition-grenoble-agglomeration","18":"tag-edition-gresivaudan-oisans","19":"tag-eu","20":"tag-europe","21":"tag-fil-info","22":"tag-fr","23":"tag-france","24":"tag-grenoble","25":"tag-isere","26":"tag-news","27":"tag-politique","28":"tag-republique-francaise","29":"tag-selection-de-la-redaction-38","30":"tag-transport","31":"tag-transports"},"share_on_mastodon":{"url":"https:\/\/pubeurope.com\/@fr\/115333493162304648","error":""},"_links":{"self":[{"href":"https:\/\/www.europesays.com\/fr\/wp-json\/wp\/v2\/posts\/445297","targetHints":{"allow":["GET"]}}],"collection":[{"href":"https:\/\/www.europesays.com\/fr\/wp-json\/wp\/v2\/posts"}],"about":[{"href":"https:\/\/www.europesays.com\/fr\/wp-json\/wp\/v2\/types\/post"}],"author":[{"embeddable":true,"href":"https:\/\/www.europesays.com\/fr\/wp-json\/wp\/v2\/users\/2"}],"replies":[{"embeddable":true,"href":"https:\/\/www.europesays.com\/fr\/wp-json\/wp\/v2\/comments?post=445297"}],"version-history":[{"count":0,"href":"https:\/\/www.europesays.com\/fr\/wp-json\/wp\/v2\/posts\/445297\/revisions"}],"wp:featuredmedia":[{"embeddable":true,"href":"https:\/\/www.europesays.com\/fr\/wp-json\/wp\/v2\/media\/445298"}],"wp:attachment":[{"href":"https:\/\/www.europesays.com\/fr\/wp-json\/wp\/v2\/media?parent=445297"}],"wp:term":[{"taxonomy":"category","embeddable":true,"href":"https:\/\/www.europesays.com\/fr\/wp-json\/wp\/v2\/categories?post=445297"},{"taxonomy":"post_tag","embeddable":true,"href":"https:\/\/www.europesays.com\/fr\/wp-json\/wp\/v2\/tags?post=445297"}],"curies":[{"name":"wp","href":"https:\/\/api.w.org\/{rel}","templated":true}]}}