{"id":445309,"date":"2025-10-07T15:09:13","date_gmt":"2025-10-07T15:09:13","guid":{"rendered":"https:\/\/www.europesays.com\/fr\/445309\/"},"modified":"2025-10-07T15:09:13","modified_gmt":"2025-10-07T15:09:13","slug":"letat-a-t-il-vraiment-abandonne-le-quartier-des-moulins-comme-le-sous-entend-christian-estrosi","status":"publish","type":"post","link":"https:\/\/www.europesays.com\/fr\/445309\/","title":{"rendered":"l\u2019\u00c9tat a-t-il vraiment \u00ababandonn\u00e9\u00bb le quartier des Moulins, comme le sous-entend Christian Estrosi\u00a0?"},"content":{"rendered":"<p><strong>D\u00c9CRYPTAGE &#8211;<\/strong> La liste des reproches \u00e0 l\u2019encontre de l\u2019\u00c9tat s\u2019alourdit depuis vendredi soir. Alors que la ville de Nice et son maire se plaignent d\u2019un \u00abmanque de moyens\u00bb, le pr\u00e9fet des Alpes-Maritimes se d\u00e9fend en s\u2019appuyant sur des chiffres pr\u00e9cis.<\/p>\n<p class=\"fig-paragraph\">Vendredi soir, dans le quartier des Moulins\u00a0: il est 23 heures pass\u00e9es lorsque\u00a0<a href=\"http:\/\/www.lefigaro.fr\/politique\/que-l-on-nous-envoie-des-policiers-ou-l-armee-apres-la-fusillade-a-nice-les-deux-rivaux-estrosi-et-ciotti-haussent-le-ton-20251004\" data-fig-type=\"NewsFlash\" data-gtm-custom-categorie=\"navigation\" data-gtm-custom-action=\"crossclick\" data-gtm-custom-label=\"Contextuel\" data-gtm-event=\"customEventSPE\" data-fig-domain=\"LEFIGARO\" target=\"_blank\" rel=\"noopener\">Christian Estrosi<\/a>, le maire de la ville de Nice, s\u2019exprime ; deux heures auparavant, une fusillade a \u00e9clat\u00e9 dans ce territoire sensible situ\u00e9 \u00e0 l\u2019ouest de la ville. Bilan\u00a0:\u00a0<a href=\"http:\/\/www.lefigaro.fr\/actualite-france\/derriere-la-fusillade-mortelle-de-nice-l-ombre-des-narcotrafiquants-marseillais-20251006\" data-fig-type=\"Article\" data-gtm-custom-categorie=\"navigation\" data-gtm-custom-action=\"crossclick\" data-gtm-custom-label=\"Contextuel\" data-gtm-event=\"customEventSPE\" data-fig-domain=\"LEFIGARO\" target=\"_blank\" rel=\"noopener\">deux morts et cinq bless\u00e9s<\/a>, dont trois graves. \u00abMa responsabilit\u00e9, c\u2019est de d\u00e9fendre mes concitoyens et d\u2019exiger en leur nom qu\u2019enfin les moyens n\u00e9cessaires nous soient mis \u00e0 disposition\u00bb, commence l\u2019\u00e9dile. \u00abQue les effectifs de la justice soient renforc\u00e9s, que les effectifs de la police nationale soient renforc\u00e9s (\u2026) pour que notre municipalit\u00e9 soit mieux soutenue par l\u2019\u00c9tat qu\u2019elle ne l\u2019est\u00bb, poursuit-il avant d\u2019enfoncer le clou\u00a0: \u00abL\u00e0 o\u00f9 nous avons le sentiment quelques fois d\u2019\u00eatre totalement abandonn\u00e9s\u00bb.<\/p>\n<p class=\"fig-body-link\">\n            \u00c0 lire aussi<br \/>\n        <a class=\"fig-body-link__link fig-premium-mark\" href=\"http:\/\/www.lefigaro.fr\/nice\/nice-au-moins-deux-morts-et-cinq-blesses-dans-une-fusillade-dans-le-quartier-des-moulins-20251003\" data-fig-type=\"NewsFlash\" data-gtm-custom-categorie=\"navigation\" data-gtm-custom-action=\"crossclick\" data-gtm-custom-label=\"Contextuel\" data-gtm-event=\"customEventSPE\" data-fig-domain=\"LEFIGARO\" target=\"_blank\" rel=\"noopener\">\u00abUn massacre, il n\u2019y a pas d\u2019autre mot\u00bb\u00a0: \u00e0 Nice, au moins deux morts et cinq bless\u00e9s lors d\u2019une fusillade dans le quartier des Moulins<br \/>\n    <\/a>\n<\/p>\n<p class=\"fig-paragraph\">Le quartier des Moulins, certes sensible, en passe d\u2019\u00eatre \u00ababandonn\u00e9\u00bb par l\u2019\u00c9tat\u00a0? Dans la foul\u00e9e, le premier adjoint au maire de Nice,\u00a0<a href=\"http:\/\/www.lefigaro.fr\/nice\/nice-face-au-trafic-de-drogue-aux-moulins-le-premier-adjoint-anthony-borre-demande-l-aide-de-l-armee-20230404\" data-fig-type=\"NewsFlash\" data-gtm-custom-categorie=\"navigation\" data-gtm-custom-action=\"crossclick\" data-gtm-custom-label=\"Contextuel\" data-gtm-event=\"customEventSPE\" data-fig-domain=\"LEFIGARO\" target=\"_blank\" rel=\"noopener\">Anthony Borr\u00e9<\/a>\u00a0exige \u00abune r\u00e9ponse ferme et imm\u00e9diate de l\u2019\u00c9tat\u00bb. L\u2019\u00e9dile s\u2019est ensuite\u2026<\/p>\n<p class=\"fig-premium-paywall__infos\">\n        Cet article est r\u00e9serv\u00e9 aux abonn\u00e9s.        Il vous reste 88% \u00e0 d\u00e9couvrir.\n    <\/p>\n<p>                <img  data- alt=\"Le Figaro\" class=\"fig-img--complete fig-img\"\/><\/p>\n<p class=\"fig-premium-paywall__title\">J-100, Le Figaro f\u00eate ses 200 ans<\/p>\n<p class=\"fig-premium-paywall__subtitle\">Offre anniversaire : 2\u20ac\/mois pendant 200 semaines<\/p>\n<p class=\"fig-premium-paywall__connect\">\n                D\u00e9j\u00e0 abonn\u00e9\u00a0?                <a class=\"fig-premium-paywall__connect-link\" href=\"https:\/\/connect.lefigaro.fr\/login?client=horizon_web&amp;type=main&amp;redirect_uri=https%3A%2F%2Fwww.lefigaro.fr%2Fnice%2Ffusillade-a-nice-l-etat-a-t-il-vraiment-abandonne-le-quartier-des-moulins-comme-le-sous-entend-christian-estrosi-20251007\" data-js-gtm=\"{&quot;customCategorie&quot;: &quot;conversion&quot;, &quot;customAction&quot;: &quot;before_Landing_Connexion_paywall_auto&quot;, &quot;customLabel&quot;: &quot;bGVmaWdhcm8uZnJfXzFmMGEyYzFmLThkMTAtNjlhOC1iNGRjLTQ3ZjYyYWM5ODI2Nl9fTmV3c0ZsYXNo_Fusillade \u00e0 Nice\u00a0: l\u2019\u00c9tat a-t-il vraiment \u00ababandonn\u00e9\u00bb le quartier des Moulins, comme le sous-entend Christian Estrosi\u00a0?_221&quot;, &quot;customIDSPE&quot;: &quot;bGVmaWdhcm8uZnJfXzFmMGEyYzFmLThkMTAtNjlhOC1iNGRjLTQ3ZjYyYWM5ODI2Nl9fTmV3c0ZsYXNo&quot;, &quot;event&quot;: &quot;customEventSPE&quot;}\" target=\"_blank\" rel=\"noopener\"><br \/>\n                    Connectez-vous<br \/>\n                <\/a>\n            <\/p>\n","protected":false},"excerpt":{"rendered":"D\u00c9CRYPTAGE &#8211; La liste des reproches \u00e0 l\u2019encontre de l\u2019\u00c9tat s\u2019alourdit depuis vendredi soir. Alors que la ville&hellip;\n","protected":false},"author":2,"featured_media":445310,"comment_status":"","ping_status":"","sticky":false,"template":"","format":"standard","meta":{"footnotes":""},"categories":[2819],"tags":[1111,11,2397,1777,674,1011,27,3832,12,2401,316,882,25],"class_list":{"0":"post-445309","1":"post","2":"type-post","3":"status-publish","4":"format-standard","5":"has-post-thumbnail","7":"category-nice","8":"tag-actu","9":"tag-actualites","10":"tag-christian-estrosi","11":"tag-eu","12":"tag-europe","13":"tag-fr","14":"tag-france","15":"tag-fusillade","16":"tag-news","17":"tag-nice","18":"tag-politique","19":"tag-provence-alpes-cote-dazur","20":"tag-republique-francaise"},"share_on_mastodon":{"url":"https:\/\/pubeurope.com\/@fr\/115333520716203952","error":""},"_links":{"self":[{"href":"https:\/\/www.europesays.com\/fr\/wp-json\/wp\/v2\/posts\/445309","targetHints":{"allow":["GET"]}}],"collection":[{"href":"https:\/\/www.europesays.com\/fr\/wp-json\/wp\/v2\/posts"}],"about":[{"href":"https:\/\/www.europesays.com\/fr\/wp-json\/wp\/v2\/types\/post"}],"author":[{"embeddable":true,"href":"https:\/\/www.europesays.com\/fr\/wp-json\/wp\/v2\/users\/2"}],"replies":[{"embeddable":true,"href":"https:\/\/www.europesays.com\/fr\/wp-json\/wp\/v2\/comments?post=445309"}],"version-history":[{"count":0,"href":"https:\/\/www.europesays.com\/fr\/wp-json\/wp\/v2\/posts\/445309\/revisions"}],"wp:featuredmedia":[{"embeddable":true,"href":"https:\/\/www.europesays.com\/fr\/wp-json\/wp\/v2\/media\/445310"}],"wp:attachment":[{"href":"https:\/\/www.europesays.com\/fr\/wp-json\/wp\/v2\/media?parent=445309"}],"wp:term":[{"taxonomy":"category","embeddable":true,"href":"https:\/\/www.europesays.com\/fr\/wp-json\/wp\/v2\/categories?post=445309"},{"taxonomy":"post_tag","embeddable":true,"href":"https:\/\/www.europesays.com\/fr\/wp-json\/wp\/v2\/tags?post=445309"}],"curies":[{"name":"wp","href":"https:\/\/api.w.org\/{rel}","templated":true}]}}