{"id":445329,"date":"2025-10-07T15:19:10","date_gmt":"2025-10-07T15:19:10","guid":{"rendered":"https:\/\/www.europesays.com\/fr\/445329\/"},"modified":"2025-10-07T15:19:10","modified_gmt":"2025-10-07T15:19:10","slug":"ambiance-pigalle-a-marseille-ou-le-cabaret-madame-arthur-sinstalle-pour-quatre-soirees","status":"publish","type":"post","link":"https:\/\/www.europesays.com\/fr\/445329\/","title":{"rendered":"Ambiance Pigalle \u00e0 Marseille, o\u00f9 le Cabaret Madame Arthur s&rsquo;installe pour quatre soir\u00e9es"},"content":{"rendered":"<p>On connaissait la polyvalence des cr\u00e9atures du Cabaret Madame Arthur, habitu\u00e9es \u00e0 jongler entre danse, chanson, humour, th\u00e9\u00e2tre\u2026 Mais pour leur s\u00e9rie de quatre dates hors les murs, du 8 au 11\u00a0octobre <a href=\"https:\/\/www.laprovence.com\/article\/culture-loisirs\/466805142920214\/cinq-operettes-des-nouveautes-pour-le-jeune-public-une-nouvelle-saison-a-lodeon-a-marseille\" target=\"_blank\" rel=\"noopener\">au th\u00e9\u00e2tre de l\u2019Od\u00e9on<\/a> \u00e0 Marseille, les artistes pr\u00e9senteront Madame Arthur fait son op\u00e9ra. Un spectacle dans lequel l\u2019extravagance du cabaret se met au service de l\u2019op\u00e9ra, pour en d\u00e9construire les st\u00e9r\u00e9otypes. Derri\u00e8re les grands airs interpr\u00e9t\u00e9s par les cinq artistes, le show rassemble \u00e0 la direction artistique Alexis Ochin, Arnaud Boursain et Mathieu Jedrazak. Ce dernier, alias Martin Poppins sur sc\u00e8ne, nous a d\u00e9voil\u00e9 cette semaine les coulisses de l\u2019\u00e9v\u00e9nement.<\/p>\n<p><strong>Comment est n\u00e9e l\u2019id\u00e9e d\u2019associer cabaret et op\u00e9ra\u00a0?<\/strong>&#13;\n<\/p>\n<p>J\u2019ai eu cette id\u00e9e en constatant qu\u2019on \u00e9tait quelques-unes chez Madame Arthur \u00e0 avoir un bagage lyrique et des \u00e9tudes de musique classique pouss\u00e9es, aussi instrumentale et en danse classique pour certaines. C\u2019est pourquoi j\u2019ai propos\u00e9 ce cadre de l\u2019op\u00e9ra incluant aussi bien le r\u00e9pertoire lyrique, la danse classique, que le lieu en lui-m\u00eame et son milieu. Le r\u00e9sultat se veut tout public tout en \u00e9tant pointu \u00e0 certains moments, il y avait la volont\u00e9 de faire entendre des r\u00e9per&#8230;<\/p>\n","protected":false},"excerpt":{"rendered":"On connaissait la polyvalence des cr\u00e9atures du Cabaret Madame Arthur, habitu\u00e9es \u00e0 jongler entre danse, chanson, humour, th\u00e9\u00e2tre\u2026&hellip;\n","protected":false},"author":2,"featured_media":445330,"comment_status":"","ping_status":"","sticky":false,"template":"","format":"standard","meta":{"footnotes":""},"categories":[2814],"tags":[17,1111,11,8894,14684,27985,251,1777,674,1011,27,977,884,12,57158,882,25,15804],"class_list":{"0":"post-445329","1":"post","2":"type-post","3":"status-publish","4":"format-standard","5":"has-post-thumbnail","7":"category-marseille","8":"tag-17","9":"tag-actu","10":"tag-actualites","11":"tag-ambiance","12":"tag-arthur","13":"tag-cabaret","14":"tag-culture","15":"tag-eu","16":"tag-europe","17":"tag-fr","18":"tag-france","19":"tag-madame","20":"tag-marseille","21":"tag-news","22":"tag-pigalle","23":"tag-provence-alpes-cote-dazur","24":"tag-republique-francaise","25":"tag-sinstalle"},"share_on_mastodon":{"url":"https:\/\/pubeurope.com\/@fr\/115333560023737695","error":""},"_links":{"self":[{"href":"https:\/\/www.europesays.com\/fr\/wp-json\/wp\/v2\/posts\/445329","targetHints":{"allow":["GET"]}}],"collection":[{"href":"https:\/\/www.europesays.com\/fr\/wp-json\/wp\/v2\/posts"}],"about":[{"href":"https:\/\/www.europesays.com\/fr\/wp-json\/wp\/v2\/types\/post"}],"author":[{"embeddable":true,"href":"https:\/\/www.europesays.com\/fr\/wp-json\/wp\/v2\/users\/2"}],"replies":[{"embeddable":true,"href":"https:\/\/www.europesays.com\/fr\/wp-json\/wp\/v2\/comments?post=445329"}],"version-history":[{"count":0,"href":"https:\/\/www.europesays.com\/fr\/wp-json\/wp\/v2\/posts\/445329\/revisions"}],"wp:featuredmedia":[{"embeddable":true,"href":"https:\/\/www.europesays.com\/fr\/wp-json\/wp\/v2\/media\/445330"}],"wp:attachment":[{"href":"https:\/\/www.europesays.com\/fr\/wp-json\/wp\/v2\/media?parent=445329"}],"wp:term":[{"taxonomy":"category","embeddable":true,"href":"https:\/\/www.europesays.com\/fr\/wp-json\/wp\/v2\/categories?post=445329"},{"taxonomy":"post_tag","embeddable":true,"href":"https:\/\/www.europesays.com\/fr\/wp-json\/wp\/v2\/tags?post=445329"}],"curies":[{"name":"wp","href":"https:\/\/api.w.org\/{rel}","templated":true}]}}