{"id":445399,"date":"2025-10-07T16:07:13","date_gmt":"2025-10-07T16:07:13","guid":{"rendered":"https:\/\/www.europesays.com\/fr\/445399\/"},"modified":"2025-10-07T16:07:13","modified_gmt":"2025-10-07T16:07:13","slug":"lasm-respire-un-coup-avant-le-defi-contre-toulon","status":"publish","type":"post","link":"https:\/\/www.europesays.com\/fr\/445399\/","title":{"rendered":"l&rsquo;ASM respire un coup avant le d\u00e9fi contre Toulon"},"content":{"rendered":"<p>Ils ont retrouv\u00e9 le vestiaire clermontois comme s\u2019ils n\u2019en \u00e9taient jamais partis. Marcos Kremer et Bautista Delguy, tout juste rentr\u00e9s du Rugby Championship, ont r\u00e9int\u00e9gr\u00e9 le groupe auvergnat en d\u00e9but de semaine. Fra\u00eechement d\u00e9barqu\u00e9s de la tourn\u00e9e estivale avec l\u2019Argentine, ils affichent une forme \u00e9clatante et postulent d\u00e9j\u00e0 pour la r\u00e9ception de Toulon.<\/p>\n<p>\u00a0<\/p>\n<p>Kremer, auteur de 97 plaquages sur la comp\u00e9tition, a \u00e9tabli un nouveau standard d\u00e9fensif. Quant \u00e0 Delguy, il revient aur\u00e9ol\u00e9 d\u2019un doubl\u00e9 contre les Springboks. Quoi qu&rsquo;il en soit, ce sont deux profils de haut niveau, aguerris aux joutes contre les All Blacks, les Wallabies et les Sud-Africains que Clermont compte bien int\u00e9grer sans d\u00e9lai.<\/p>\n<p>\u00a0<\/p>\n<p>Charrier mise sur l\u2019effet d\u2019entra\u00eenement<\/p>\n<p>Fr\u00e9d\u00e9ric Charrier ne cache pas son enthousiasme. \u00ab Ce sont des joueurs qui sortent de trois mois de tr\u00e8s haut niveau. Leur retour cr\u00e9e une stimulation dans le groupe, \u00e7a tire tout le monde vers le haut \u00bb, a-t-il d\u00e9clar\u00e9. Dans un contexte o\u00f9 l\u2019ASM cherche \u00e0 r\u00e9\u00e9quilibrer son bilan comptable, l\u2019apport des internationaux argentins tombe \u00e0 point nomm\u00e9.<\/p>\n<p>\u00a0<\/p>\n<p>Le staff clermontois pourrait rapidement relancer Delguy, notamment en raison des absences sur les ailes. Par exemple, Alivereti Raka est touch\u00e9 \u00e0 un ischio et est forfait. Yerim Fall est quant \u00e0 lui bless\u00e9 au pied et manquera \u00e9galement \u00e0 l\u2019appel. Deux coups durs qui ouvrent la voie \u00e0 une titularisation express pour l\u2019Argentin.<\/p>\n<p>\u00a0<\/p>\n<p>Simone incertain, la ligne arri\u00e8re sous tension<\/p>\n<p>L&rsquo;autre alerte en d\u00e9but de semaine concerne Irae Simone. Celui-ci a interrompu sa s\u00e9ance d\u2019opposition mardi, g\u00ean\u00e9 par des douleurs aux ischios. Depuis son arriv\u00e9e en Auvergne, l\u2019Australien n\u2019a pas \u00e9t\u00e9 \u00e9pargn\u00e9 par les p\u00e9pins physiques. Sa polyvalence (centre ou ouvreur) en fait pourtant un rouage essentiel du syst\u00e8me clermontois, notamment en sortie de camp.<\/p>\n<p>\u00a0<\/p>\n<p>Son \u00e9tat sera surveill\u00e9 de pr\u00e8s dans les prochaines heures, alors que Clermont s\u2019appr\u00eate \u00e0 d\u00e9fier un RCT en qu\u00eate de points. Si les retours de Kremer et Delguy offrent des garanties, l\u2019incertitude autour de Simone et les absences sur les ailes imposent une gestion fine des rotations.<\/p>\n<p>Partagez cette info avec vos amis et vos proches en cliquant ici<br \/>Pour r\u00e9sumer<\/p>\n<p>Kremer et Delguy, de retour du Rugby Championship, renforcent Clermont avant la r\u00e9ception de Toulon. Raka et Fall sont forfaits, Simone incertain. Le staff mise sur l\u2019impact des Pumas pour relancer un groupe en qu\u00eate d\u2019\u00e9quilibre.<\/p>\n<p> <img decoding=\"async\" width=\"76\" height=\"76\" loading=\"lazy\" src=\"https:\/\/www.europesays.com\/fr\/wp-content\/uploads\/2025\/04\/avatar-quinze.png\" alt=\"Voldi Fr\u00e9jus\u00a0Hounvio\"\/><\/p>\n","protected":false},"excerpt":{"rendered":"Ils ont retrouv\u00e9 le vestiaire clermontois comme s\u2019ils n\u2019en \u00e9taient jamais partis. Marcos Kremer et Bautista Delguy, tout&hellip;\n","protected":false},"author":2,"featured_media":445400,"comment_status":"","ping_status":"","sticky":false,"template":"","format":"standard","meta":{"footnotes":""},"categories":[9619],"tags":[1111,11,1777,674,1011,27,12,882,25,2310],"class_list":{"0":"post-445399","1":"post","2":"type-post","3":"status-publish","4":"format-standard","5":"has-post-thumbnail","7":"category-toulon","8":"tag-actu","9":"tag-actualites","10":"tag-eu","11":"tag-europe","12":"tag-fr","13":"tag-france","14":"tag-news","15":"tag-provence-alpes-cote-dazur","16":"tag-republique-francaise","17":"tag-toulon"},"share_on_mastodon":{"url":"https:\/\/pubeurope.com\/@fr\/115333749332200806","error":""},"_links":{"self":[{"href":"https:\/\/www.europesays.com\/fr\/wp-json\/wp\/v2\/posts\/445399","targetHints":{"allow":["GET"]}}],"collection":[{"href":"https:\/\/www.europesays.com\/fr\/wp-json\/wp\/v2\/posts"}],"about":[{"href":"https:\/\/www.europesays.com\/fr\/wp-json\/wp\/v2\/types\/post"}],"author":[{"embeddable":true,"href":"https:\/\/www.europesays.com\/fr\/wp-json\/wp\/v2\/users\/2"}],"replies":[{"embeddable":true,"href":"https:\/\/www.europesays.com\/fr\/wp-json\/wp\/v2\/comments?post=445399"}],"version-history":[{"count":0,"href":"https:\/\/www.europesays.com\/fr\/wp-json\/wp\/v2\/posts\/445399\/revisions"}],"wp:featuredmedia":[{"embeddable":true,"href":"https:\/\/www.europesays.com\/fr\/wp-json\/wp\/v2\/media\/445400"}],"wp:attachment":[{"href":"https:\/\/www.europesays.com\/fr\/wp-json\/wp\/v2\/media?parent=445399"}],"wp:term":[{"taxonomy":"category","embeddable":true,"href":"https:\/\/www.europesays.com\/fr\/wp-json\/wp\/v2\/categories?post=445399"},{"taxonomy":"post_tag","embeddable":true,"href":"https:\/\/www.europesays.com\/fr\/wp-json\/wp\/v2\/tags?post=445399"}],"curies":[{"name":"wp","href":"https:\/\/api.w.org\/{rel}","templated":true}]}}