{"id":445411,"date":"2025-10-07T16:13:11","date_gmt":"2025-10-07T16:13:11","guid":{"rendered":"https:\/\/www.europesays.com\/fr\/445411\/"},"modified":"2025-10-07T16:13:11","modified_gmt":"2025-10-07T16:13:11","slug":"grenoble-fixe-sur-son-calendrier","status":"publish","type":"post","link":"https:\/\/www.europesays.com\/fr\/445411\/","title":{"rendered":"Grenoble fix\u00e9 sur son calendrier"},"content":{"rendered":"<p>Le tirage au sort <a href=\"https:\/\/www.ledauphine.com\/sport\/2025\/10\/06\/grenoble-briancon-gap-chamonix-quels-adversaires-pour-nos-clubs-regionaux-en-16es-de-finale\" target=\"_blank\" rel=\"noopener\">de la Coupe de France de hockey s\u2019est d\u00e9roul\u00e9 ce lundi 6\u00a0octobre<\/a> \u00e0 l\u2019Aren\u2019Ice de Cergy-Pontoise et les Br\u00fbleurs de loups de Grenoble, finalistes de la comp\u00e9tition en 2025 contre <a href=\"https:\/\/www.ledauphine.com\/sport\/2025\/02\/16\/les-bruleurs-de-loups-veulent-marquer-histoire-suivez-la-finale-face-a-angers\" target=\"_blank\" rel=\"noopener\">Angers (2-3)<\/a>, se d\u00e9placeront en Haute-Savoie pour affronter l\u2019\u00e9quipe de Saint-Gervais Meg\u00e8ve Mont-Blanc, qui \u00e9volue en D1, la deuxi\u00e8me division.<\/p>\n<p>Les dates de la rencontre n\u2019avaient pas encore \u00e9t\u00e9 communiqu\u00e9es et le calendrier est maintenant connu en ce qui concerne les Br\u00fbleurs de loups. Les vainqueurs des \u00e9ditions 2023 et 2024 iront \u00e0 la patinoire du Palais de Meg\u00e8ve le mardi 21\u00a0octobre (19h30). Les autres rencontres des \u00e9quipes de la r\u00e9gion\u00a0; Villard-de-Lans (D1) &#8211; Chamonix (LM)\u00a0; Morzine-Avoriaz (D1) &#8211; Gap (LM) et Brian\u00e7on (LM) &#8211; Nice (LM), ne connaissent pas encore leur calendrier.<\/p>\n","protected":false},"excerpt":{"rendered":"Le tirage au sort de la Coupe de France de hockey s\u2019est d\u00e9roul\u00e9 ce lundi 6\u00a0octobre \u00e0 l\u2019Aren\u2019Ice&hellip;\n","protected":false},"author":2,"featured_media":445412,"comment_status":"","ping_status":"","sticky":false,"template":"","format":"standard","meta":{"footnotes":""},"categories":[9566],"tags":[1111,11,2430,112,1777,674,1701,1795,1011,27,2731,2732,4133,10145,108,12,25,517],"class_list":{"0":"post-445411","1":"post","2":"type-post","3":"status-publish","4":"format-standard","5":"has-post-thumbnail","7":"category-grenoble","8":"tag-actu","9":"tag-actualites","10":"tag-auvergne-rhone-alpes","11":"tag-edition-grenoble-agglomeration","12":"tag-eu","13":"tag-europe","14":"tag-fil-info-sport","15":"tag-fil-web","16":"tag-fr","17":"tag-france","18":"tag-grenoble","19":"tag-grenoble-bassin","20":"tag-hockey-sur-glace","21":"tag-hockey-sur-glace-grenoble","22":"tag-isere","23":"tag-news","24":"tag-republique-francaise","25":"tag-sport"},"share_on_mastodon":{"url":"https:\/\/pubeurope.com\/@fr\/115333772304351812","error":""},"_links":{"self":[{"href":"https:\/\/www.europesays.com\/fr\/wp-json\/wp\/v2\/posts\/445411","targetHints":{"allow":["GET"]}}],"collection":[{"href":"https:\/\/www.europesays.com\/fr\/wp-json\/wp\/v2\/posts"}],"about":[{"href":"https:\/\/www.europesays.com\/fr\/wp-json\/wp\/v2\/types\/post"}],"author":[{"embeddable":true,"href":"https:\/\/www.europesays.com\/fr\/wp-json\/wp\/v2\/users\/2"}],"replies":[{"embeddable":true,"href":"https:\/\/www.europesays.com\/fr\/wp-json\/wp\/v2\/comments?post=445411"}],"version-history":[{"count":0,"href":"https:\/\/www.europesays.com\/fr\/wp-json\/wp\/v2\/posts\/445411\/revisions"}],"wp:featuredmedia":[{"embeddable":true,"href":"https:\/\/www.europesays.com\/fr\/wp-json\/wp\/v2\/media\/445412"}],"wp:attachment":[{"href":"https:\/\/www.europesays.com\/fr\/wp-json\/wp\/v2\/media?parent=445411"}],"wp:term":[{"taxonomy":"category","embeddable":true,"href":"https:\/\/www.europesays.com\/fr\/wp-json\/wp\/v2\/categories?post=445411"},{"taxonomy":"post_tag","embeddable":true,"href":"https:\/\/www.europesays.com\/fr\/wp-json\/wp\/v2\/tags?post=445411"}],"curies":[{"name":"wp","href":"https:\/\/api.w.org\/{rel}","templated":true}]}}