{"id":445417,"date":"2025-10-07T16:16:13","date_gmt":"2025-10-07T16:16:13","guid":{"rendered":"https:\/\/www.europesays.com\/fr\/445417\/"},"modified":"2025-10-07T16:16:13","modified_gmt":"2025-10-07T16:16:13","slug":"bischheim-trois-de-ses-colis-egares-il-entreprend-un-chemin-de-croix-pour-les-retrouver","status":"publish","type":"post","link":"https:\/\/www.europesays.com\/fr\/445417\/","title":{"rendered":"Bischheim. Trois de ses colis \u00e9gar\u00e9s, il entreprend un chemin de croix pour les retrouver"},"content":{"rendered":"<p>Il y a eu d\u2019abord une croix, puis un collier, puis une pi\u00e8ce de monnaie. Ces trois objets ne sont jamais arriv\u00e9s entre les mains de leur acheteur, <a href=\"https:\/\/www.dna.fr\/defense-guerre-conflit\/2020\/10\/10\/on-va-aller-jusqu-au-bout\" target=\"_blank\" rel=\"noopener\">Hamlet Hovsepian<\/a>. Arm\u00e9nien de naissance, Bischheimois de r\u00e9sidence, l\u2019homme de 36 ans alerte d\u00e9sormais les DNA de la disparition de ces trois colis dans un laps de temps de d\u00e9cembre\u00a02024 \u00e0 avril\u00a02025.<\/p>\n<p>Hormis le fait de s\u2019\u00eatre \u00e9vapor\u00e9s, ces trois objets ont pour point commun de contenir des inscriptions dans sa langue maternelle, l\u2019arm\u00e9nien. Or, depuis dix ans, le jeune homme fouille chaque recoin des plateformes de revente, \u00e0 la recherche d\u2019objets et de bijoux de son pays natal. Une fois achet\u00e9s, ces objets rejoignent une vaste collection, diss\u00e9min\u00e9e entre un coffre de banque, des caves en France et son appartement&#8230;<\/p>\n","protected":false},"excerpt":{"rendered":"Il y a eu d\u2019abord une croix, puis un collier, puis une pi\u00e8ce de monnaie. Ces trois objets&hellip;\n","protected":false},"author":2,"featured_media":445418,"comment_status":"","ping_status":"","sticky":false,"template":"","format":"standard","meta":{"footnotes":""},"categories":[2820],"tags":[1111,11,2389,2649,13205,2880,1777,674,274,107,1011,27,775,12,25,640,3265],"class_list":{"0":"post-445417","1":"post","2":"type-post","3":"status-publish","4":"format-standard","5":"has-post-thumbnail","7":"category-strasbourg","8":"tag-actu","9":"tag-actualites","10":"tag-alsace","11":"tag-bas-rhin","12":"tag-bischheim","13":"tag-edition-strasbourg","14":"tag-eu","15":"tag-europe","16":"tag-faits-divers-justice","17":"tag-fil-info","18":"tag-fr","19":"tag-france","20":"tag-grand-est","21":"tag-news","22":"tag-republique-francaise","23":"tag-strasbourg","24":"tag-strasbourg-nord"},"share_on_mastodon":{"url":"https:\/\/pubeurope.com\/@fr\/115333784182953497","error":""},"_links":{"self":[{"href":"https:\/\/www.europesays.com\/fr\/wp-json\/wp\/v2\/posts\/445417","targetHints":{"allow":["GET"]}}],"collection":[{"href":"https:\/\/www.europesays.com\/fr\/wp-json\/wp\/v2\/posts"}],"about":[{"href":"https:\/\/www.europesays.com\/fr\/wp-json\/wp\/v2\/types\/post"}],"author":[{"embeddable":true,"href":"https:\/\/www.europesays.com\/fr\/wp-json\/wp\/v2\/users\/2"}],"replies":[{"embeddable":true,"href":"https:\/\/www.europesays.com\/fr\/wp-json\/wp\/v2\/comments?post=445417"}],"version-history":[{"count":0,"href":"https:\/\/www.europesays.com\/fr\/wp-json\/wp\/v2\/posts\/445417\/revisions"}],"wp:featuredmedia":[{"embeddable":true,"href":"https:\/\/www.europesays.com\/fr\/wp-json\/wp\/v2\/media\/445418"}],"wp:attachment":[{"href":"https:\/\/www.europesays.com\/fr\/wp-json\/wp\/v2\/media?parent=445417"}],"wp:term":[{"taxonomy":"category","embeddable":true,"href":"https:\/\/www.europesays.com\/fr\/wp-json\/wp\/v2\/categories?post=445417"},{"taxonomy":"post_tag","embeddable":true,"href":"https:\/\/www.europesays.com\/fr\/wp-json\/wp\/v2\/tags?post=445417"}],"curies":[{"name":"wp","href":"https:\/\/api.w.org\/{rel}","templated":true}]}}