{"id":445421,"date":"2025-10-07T16:18:12","date_gmt":"2025-10-07T16:18:12","guid":{"rendered":"https:\/\/www.europesays.com\/fr\/445421\/"},"modified":"2025-10-07T16:18:12","modified_gmt":"2025-10-07T16:18:12","slug":"menace-par-les-catastrophes-naturelles-une-demolition-a-ete-evoquee-pour-ce-grand-lycee-de-nice-la-region-a-tranche-sur-son-avenir","status":"publish","type":"post","link":"https:\/\/www.europesays.com\/fr\/445421\/","title":{"rendered":"Menac\u00e9 par les catastrophes naturelles ? Une d\u00e9molition a \u00e9t\u00e9 \u00e9voqu\u00e9e pour ce grand lyc\u00e9e de Nice, la R\u00e9gion a tranch\u00e9 sur son avenir"},"content":{"rendered":"<p><strong>Situ\u00e9 \u00e0\u00a0l\u2019Est de Nice, dans le secteur du Paillon, le lyc\u00e9e Guillaume-Apollinaire, am\u00e9nag\u00e9 au-dessus du fleuve, appara\u00eet expos\u00e9. C\u2019est en tous les cas l\u2019avis de la mairie\u00a0: depuis plusieurs ann\u00e9es, Christian Estrosi tire la sonnette d\u2019alarme, s\u2019inqui\u00e9tant des catastrophes naturelles.\u00a0<\/strong><\/p>\n<p>Cela fait trois ans que ce sujet revient avec parcimonie dans l\u2019actualit\u00e9 ni\u00e7oise. Une premi\u00e8re fois en octobre 2022, lorsque Christian Estrosi avait \u00e9voqu\u00e9 <a href=\"https:\/\/nicepresse.com\/nice-la-demolition-du-lycee-guillaume-apollinaire-en-reflexion-pour-eviter-une-catastrophe\/\" data-wpel-link=\"internal\" target=\"_blank\" rel=\"noopener noreferrer nofollow\">en conseil municipal<\/a> son \u00ab\u00a0inqui\u00e9tude\u00a0\u00bb quant \u00e0\u00a0la situation de l\u2019\u00e9tablissement. Localis\u00e9 \u00e0\u00a0l\u2019Est, dans le secteur du Paillon, l\u2019emplacement du lyc\u00e9e Guillaume-Apollinaire suscite les craintes du\u00a0maire.<\/p>\n<p>Ce dernier estime \u00ab\u00a0que c\u2019est une erreur de l\u2019avoir construit l\u00e0\u00a0\u00bb, am\u00e9nag\u00e9 au-dessus du fleuve, sur du b\u00e9ton. Or, en cas de grosse catastrophe naturelle, il n\u2019est pas interdit de penser que le fleuve pourrait d\u00e9border, emportant potentiellement tout sur son passage dans un \u00ab\u00a0effet canyon\u00a0\u00bb d\u00e9crit par l\u2019\u00e9lu azur\u00e9en.<\/p>\n<p>\u00c9tude des risques diligent\u00e9e\u00a0<\/p>\n<p>Or, plus d\u2019un millier de jeunes y\u00a0sont pr\u00e9sentement inscrits, avec toutes les questions de s\u00e9curit\u00e9 que cela engendre. Ce n\u2019est donc pas anodin si la R\u00e9gion Sud de Renaud Muselier, qui en a\u00a0la charge, <a href=\"https:\/\/nicepresse.com\/a-nice-le-lycee-apollinaire-devra-t-il-etre-detruit\/\" data-wpel-link=\"internal\" target=\"_blank\" rel=\"noopener noreferrer nofollow\">avait diligent\u00e9 une \u00e9tude<\/a> des risques en mars 2024. Tout cela n\u2019avait toutefois pas emp\u00each\u00e9 la collectivit\u00e9 de faire doter l\u2019\u00e9tablissement <a href=\"https:\/\/nicepresse.com\/en-region-sud-un-lycee-sur-trois-sera-bientot-equipe-de-panneaux-solaires\/\" data-wpel-link=\"internal\" target=\"_blank\" rel=\"noopener noreferrer nofollow\">de panneaux solaires<\/a>.<\/p>\n<p>Visiblement, le dossier de celui que l\u2019on d\u00e9signe aussi comme le \u00ab\u00a0Lyc\u00e9e de l\u2019Est\u00a0\u00bb n\u2019effraie pas les \u00e9quipes marseillaises. Dimanche, dans <a href=\"https:\/\/nicepresse.com\/nice-presse-dimanche-securisation-renovations-le-plan-de-la-region-sud-pour-les-lycees-de-nice-et-des-alpes-maritimes\/\" data-wpel-link=\"internal\" target=\"_blank\" rel=\"noopener noreferrer nofollow\">nos colonnes<\/a>, Marie-Florence Bulteau-Rambaud, qui est la vice-pr\u00e9sidente du conseil charg\u00e9e de l\u2019\u00e9ducation, \u00e9vacuait la frousse.<\/p>\n<p>Pas de probl\u00e8me de s\u00e9curit\u00e9\u00a0?<\/p>\n<p>Pour elle, il n\u2019est pas question de d\u00e9truire le b\u00e2timent du 29 boulevard Jean-Baptiste Verany.\u00a0<\/p>\n<p>\u00ab\u00a0Il n\u2019y a\u00a0pas de projet en ce sens aujourd\u2019hui, a-t-elle expliqu\u00e9 (Christian Estrosi a\u00a0tout de m\u00eame demand\u00e9 \u00e0\u00a0ses services de \u00ab\u00a0proposer des sites de substitution\u00a0\u00bb apr\u00e8s une \u00e9ventuelle d\u00e9molition, NDLR). \u00c9videmment, si un probl\u00e8me de s\u00e9curit\u00e9 venait \u00e0\u00a0appara\u00eetre, nous l\u2019\u00e9tudierions. Mais ce n\u2019est pas le\u00a0cas\u00a0\u00bb.\u00a0<\/p>\n<p>\u00ab\u00a0On ne met pas les \u00e9l\u00e8ves en danger\u00a0: quand un \u00e9tablissement est r\u00e9ellement menac\u00e9, comme le lyc\u00e9e du Golf H\u00f4tel d\u2019Hy\u00e8res, inondable, nous le reconstruisons ailleurs.\u00a0\u00bb<\/p>\n<p><a href=\"https:\/\/www.nicecotedazur.org\/actualites\/ensemble-face-aux-risques-majeurs\/\" data-wpel-link=\"external\" target=\"_blank\" rel=\"external noopener noreferrer nofollow\"><img loading=\"lazy\" decoding=\"async\" width=\"300\" height=\"300\" src=\"data:image\/svg+xml,%3Csvg%20xmlns=\" http:=\"\" alt=\"\" class=\"wp-image-252503\" data-lazy-src=\"https:\/\/www.europesays.com\/fr\/wp-content\/uploads\/2025\/10\/decli-web_risques-majeurs2025_nicepresse_300-x-300.jpg\"\/><\/a><\/p>\n","protected":false},"excerpt":{"rendered":"Situ\u00e9 \u00e0\u00a0l\u2019Est de Nice, dans le secteur du Paillon, le lyc\u00e9e Guillaume-Apollinaire, am\u00e9nag\u00e9 au-dessus du fleuve, appara\u00eet expos\u00e9.&hellip;\n","protected":false},"author":2,"featured_media":445422,"comment_status":"","ping_status":"","sticky":false,"template":"","format":"standard","meta":{"footnotes":""},"categories":[2819],"tags":[1111,11,1777,674,1011,27,12,2401,882,25],"class_list":{"0":"post-445421","1":"post","2":"type-post","3":"status-publish","4":"format-standard","5":"has-post-thumbnail","7":"category-nice","8":"tag-actu","9":"tag-actualites","10":"tag-eu","11":"tag-europe","12":"tag-fr","13":"tag-france","14":"tag-news","15":"tag-nice","16":"tag-provence-alpes-cote-dazur","17":"tag-republique-francaise"},"share_on_mastodon":{"url":"https:\/\/pubeurope.com\/@fr\/115333792140926021","error":""},"_links":{"self":[{"href":"https:\/\/www.europesays.com\/fr\/wp-json\/wp\/v2\/posts\/445421","targetHints":{"allow":["GET"]}}],"collection":[{"href":"https:\/\/www.europesays.com\/fr\/wp-json\/wp\/v2\/posts"}],"about":[{"href":"https:\/\/www.europesays.com\/fr\/wp-json\/wp\/v2\/types\/post"}],"author":[{"embeddable":true,"href":"https:\/\/www.europesays.com\/fr\/wp-json\/wp\/v2\/users\/2"}],"replies":[{"embeddable":true,"href":"https:\/\/www.europesays.com\/fr\/wp-json\/wp\/v2\/comments?post=445421"}],"version-history":[{"count":0,"href":"https:\/\/www.europesays.com\/fr\/wp-json\/wp\/v2\/posts\/445421\/revisions"}],"wp:featuredmedia":[{"embeddable":true,"href":"https:\/\/www.europesays.com\/fr\/wp-json\/wp\/v2\/media\/445422"}],"wp:attachment":[{"href":"https:\/\/www.europesays.com\/fr\/wp-json\/wp\/v2\/media?parent=445421"}],"wp:term":[{"taxonomy":"category","embeddable":true,"href":"https:\/\/www.europesays.com\/fr\/wp-json\/wp\/v2\/categories?post=445421"},{"taxonomy":"post_tag","embeddable":true,"href":"https:\/\/www.europesays.com\/fr\/wp-json\/wp\/v2\/tags?post=445421"}],"curies":[{"name":"wp","href":"https:\/\/api.w.org\/{rel}","templated":true}]}}