{"id":445427,"date":"2025-10-07T16:21:11","date_gmt":"2025-10-07T16:21:11","guid":{"rendered":"https:\/\/www.europesays.com\/fr\/445427\/"},"modified":"2025-10-07T16:21:11","modified_gmt":"2025-10-07T16:21:11","slug":"a-nantes-violente-altercation-entre-fideles-devant-la-mosquee-de-bellevue","status":"publish","type":"post","link":"https:\/\/www.europesays.com\/fr\/445427\/","title":{"rendered":"\u00c0 Nantes, violente altercation entre fid\u00e8les devant la mosqu\u00e9e de Bellevue"},"content":{"rendered":"<p>Il \u00e9tait 21\u00a0h\u00a010, lundi, lorsque des violences ont \u00e9clat\u00e9, \u00e0 600 m\u00e8tres environ de la mosqu\u00e9e de Bellevue, \u00e0 Nantes. Deux individus, arm\u00e9s de couteaux et d\u2019une hache, ont agress\u00e9 un homme, \u00e2g\u00e9 de 52 ans. Ce dernier a \u00e9t\u00e9 touch\u00e9 au niveau de l\u2019arri\u00e8re de la t\u00eate. Un troisi\u00e8me protagoniste aurait frapp\u00e9 le bras de la m\u00eame victime, \u00e0 l\u2019aide d\u2019une batte de base-ball.<\/p>\n<p>Des t\u00e9moins ayant assist\u00e9 \u00e0 la sc\u00e8ne vont \u00eatre entendus par les enqu\u00eateurs mais, selon les premiers \u00e9l\u00e9ments recueillis par la victime elle-m\u00eame, qui est hors de danger, il s\u2019agirait d\u2019un conflit portant sur les places occup\u00e9es dans la mosqu\u00e9e, lors des pri\u00e8res. Tous les protagonistes de cette violente bagarre seraient des fid\u00e8les de la mosqu\u00e9e de Bellevue. L\u2019enqu\u00eate se poursuivait ce mardi.<\/p>\n","protected":false},"excerpt":{"rendered":"Il \u00e9tait 21\u00a0h\u00a010, lundi, lorsque des violences ont \u00e9clat\u00e9, \u00e0 600 m\u00e8tres environ de la mosqu\u00e9e de Bellevue,&hellip;\n","protected":false},"author":2,"featured_media":445428,"comment_status":"","ping_status":"","sticky":false,"template":"","format":"standard","meta":{"footnotes":""},"categories":[2818],"tags":[1111,11,829,1777,674,118,1011,27,766,12,2636,25],"class_list":{"0":"post-445427","1":"post","2":"type-post","3":"status-publish","4":"format-standard","5":"has-post-thumbnail","7":"category-nantes","8":"tag-actu","9":"tag-actualites","10":"tag-bretagne","11":"tag-eu","12":"tag-europe","13":"tag-faits-divers","14":"tag-fr","15":"tag-france","16":"tag-nantes","17":"tag-news","18":"tag-pays-de-la-loire","19":"tag-republique-francaise"},"share_on_mastodon":{"url":"https:\/\/pubeurope.com\/@fr\/115333803906335123","error":""},"_links":{"self":[{"href":"https:\/\/www.europesays.com\/fr\/wp-json\/wp\/v2\/posts\/445427","targetHints":{"allow":["GET"]}}],"collection":[{"href":"https:\/\/www.europesays.com\/fr\/wp-json\/wp\/v2\/posts"}],"about":[{"href":"https:\/\/www.europesays.com\/fr\/wp-json\/wp\/v2\/types\/post"}],"author":[{"embeddable":true,"href":"https:\/\/www.europesays.com\/fr\/wp-json\/wp\/v2\/users\/2"}],"replies":[{"embeddable":true,"href":"https:\/\/www.europesays.com\/fr\/wp-json\/wp\/v2\/comments?post=445427"}],"version-history":[{"count":0,"href":"https:\/\/www.europesays.com\/fr\/wp-json\/wp\/v2\/posts\/445427\/revisions"}],"wp:featuredmedia":[{"embeddable":true,"href":"https:\/\/www.europesays.com\/fr\/wp-json\/wp\/v2\/media\/445428"}],"wp:attachment":[{"href":"https:\/\/www.europesays.com\/fr\/wp-json\/wp\/v2\/media?parent=445427"}],"wp:term":[{"taxonomy":"category","embeddable":true,"href":"https:\/\/www.europesays.com\/fr\/wp-json\/wp\/v2\/categories?post=445427"},{"taxonomy":"post_tag","embeddable":true,"href":"https:\/\/www.europesays.com\/fr\/wp-json\/wp\/v2\/tags?post=445427"}],"curies":[{"name":"wp","href":"https:\/\/api.w.org\/{rel}","templated":true}]}}