{"id":445433,"date":"2025-10-07T16:24:16","date_gmt":"2025-10-07T16:24:16","guid":{"rendered":"https:\/\/www.europesays.com\/fr\/445433\/"},"modified":"2025-10-07T16:24:16","modified_gmt":"2025-10-07T16:24:16","slug":"la-seule-ecole-de-theatre-en-langue-des-signes-de-france-menacee-de-disparaitre","status":"publish","type":"post","link":"https:\/\/www.europesays.com\/fr\/445433\/","title":{"rendered":"la seule \u00e9cole de th\u00e9\u00e2tre en langue des signes de France menac\u00e9e de dispara\u00eetre"},"content":{"rendered":"<p><strong>L\u2019Ecole de th\u00e9\u00e2tre universelle \u00e0 Toulouse, la seule \u00e0 dispenser des cours en langue des signes, est aujourd\u2019hui en difficult\u00e9. Elle a effectivement perdu des financements indispensables \u00e0 son bon fonctionnement.<\/strong><\/p>\n<p><img fetchpriority=\"high\" decoding=\"async\" width=\"1200\" height=\"900\" src=\"https:\/\/www.europesays.com\/fr\/wp-content\/uploads\/2025\/10\/Theatre-du-Grand-Rond.jpeg\" alt=\"langue des signes\"  \/><\/p>\n<p>L\u2019\u00c9cole de th\u00e9\u00e2tre universelle a \u00e9t\u00e9 int\u00e9gr\u00e9e au p\u00f4le de formation du Th\u00e9\u00e2tre du Grand Rond en mai dernier \u00a9 H\u00e9lo\u00efse Th\u00e9paut<\/p>\n<p>Elle est la seule \u00e9cole de <a href=\"https:\/\/www.lejournaltoulousain.fr\/occitanie\/haute-garonne\/toulouse\/sign-o-festival-langue-signes-180123\/\" rel=\"nofollow noopener\" target=\"_blank\">th\u00e9\u00e2tre en langue des signes<\/a> de France. Pourtant, <strong>elle risque de dispara\u00eetre<\/strong>. En effet, l\u2019ETU (\u00c9cole de th\u00e9\u00e2tre universelle), cr\u00e9\u00e9e par les artistes Martin Cros et Alexandre Bernhardt en 2018 \u00e0 Toulouse, se trouve actuellement dans une impasse. Et pour cause\u2026 Jusqu\u2019\u00e0 il y a peu, le co\u00fbt de formation de cette \u00e9cole, qui dispense des cours de th\u00e9\u00e2tre 100% en langue des signes pour les artistes sourds, \u00e9tait pris en charge par France Travail \u00e0 hauteur de 5 000 euros et par l\u2019Agefiph \u00e0 hauteur de 2 500 euros. Ce qui permettait de rendre \u00ab la formation accessible financi\u00e8rement \u00bb. \u00ab Son co\u00fbt s\u2019\u00e9l\u00e8ve \u00e0 environ 7 500 euros par \u00e9l\u00e8ve. Ce qui est tr\u00e8s \u00e9lev\u00e9 \u00bb, souligne Oc\u00e9ane Bretin, charg\u00e9e de mission sur l\u2019ETU et de la production de spectacle en LSF. Or, depuis le 10 juin 2024, l\u2019Agefiph ne finance plus \u00ab l\u2019aide \u00e0 la formation dans le cadre du parcours vers l\u2019emploi \u00bb pour les demandeurs d\u2019emploi en situation de handicap.<\/p>\n<p>Pourquoi l\u2019\u00e9cole de th\u00e9\u00e2tre universelle a perdu ses financements ?<\/p>\n<p>\u00ab L\u2019Agefiph\u00a0a d\u00e9cid\u00e9\u00a0qu\u2019elle <strong>orienterait ses financements vers la compensation des cons\u00e9quences du handicap<\/strong>\u00a0en milieu professionnel et non plus sur la formation. Ainsi, elle pourrait tout \u00e0 fait financer une formation de th\u00e9\u00e2tre professionnelle \u00e0 une personne sourde qui la suivrait avec un interpr\u00e8te. Mais cela n\u2019aurait absolument aucun sens, artistiquement parlant, parce que la langue des signes a son propre g\u00e9nie,\u00a0son propre art. Et puis, se former au sein d\u2019\u00e9coles\u00a0avec uniquement des entendants, c\u2019est compliqu\u00e9 pour une personne sourde \u00bb, explique la charg\u00e9e de mission qui poursuit : \u00ab En revanche, une formation directement accessible\u00a0en langue des signes,\u00a0comme celle de l\u2019ETU, ne pourrait pas recevoir d\u2019aides parce qu\u2019il n\u2019y a pas de compensation du handicap, selon l\u2019Agefiph. Ce qui est un non-sens total \u00bb.<\/p>\n<p><img loading=\"lazy\" decoding=\"async\" width=\"1200\" height=\"900\" src=\"https:\/\/www.europesays.com\/fr\/wp-content\/uploads\/2025\/10\/ETU.jpeg\" alt=\"\"  \/><\/p>\n<p>Chaque promotion compte en moyenne une douzaine d\u2019\u00e9l\u00e8ves \u00a9 Martin Cros<\/p>\n<p>Et ce retrait de l\u2019Agefiph a entra\u00een\u00e9, de facto, celui de France Travail. \u00ab Conform\u00e9ment \u00e0 la loi, il ne peut financer une formation seul \u00bb, d\u00e9plore Oc\u00e9ane Bretin. Depuis, l\u2019\u00e9cole est <strong>\u00e0 la recherche d\u2019un cofinanceur<\/strong>. \u00ab Cette situation a mis un coup d\u2019arr\u00eat \u00e0 l\u2019ETU \u00bb, rapporte la charg\u00e9e de mission. Elle s\u2019est alors tourn\u00e9e en mai dernier vers le Th\u00e9\u00e2tre du Grand Rond qui a particip\u00e9 \u00e0 la cr\u00e9ation de l\u2019\u00e9cole.\u00a0\u00ab L\u2019ETU a \u00e9t\u00e9 int\u00e9gr\u00e9e \u00e0 son p\u00f4le de formation en se disant que, le th\u00e9\u00e2tre ayant plus de poids, il serait alors plus facile de mobiliser des financements \u00bb, indique Oc\u00e9ane Bretin. Mais le probl\u00e8me persiste encore. \u00ab Pour l\u2019instant, c\u2019est toujours un peu compliqu\u00e9.\u00a0Mais nous ne sommes pas au point mort, les choses avancent \u00bb, affirme-t-elle avant d\u2019ajouter : \u00ab Nous avons rencontr\u00e9 la Drac (direction r\u00e9gionale des affaires culturelles, NDLR) tr\u00e8s r\u00e9cemment\u00a0qui nous a propos\u00e9 des solutions.\u00a0Nous allons donc d\u00e9poser des dossiers. Nous avons \u00e9galement une piste de m\u00e9c\u00e9nat \u00bb.<\/p>\n<p>Pas de formation sous sa forme initiale avant 2027<\/p>\n<p>Faute de financement, l\u2019\u00e9cole avait d\u00fb <strong>annuler la promotion 2024-2025<\/strong>. Elle en a fait de m\u00eame cette ann\u00e9e. \u00ab Nous avons annonc\u00e9 l\u2019annulation de <a href=\"https:\/\/e-t-u.org\/index.php\/formation\/\" target=\"_blank\" rel=\"noopener nofollow\">la formation sous sa forme initiale<\/a>.\u00a0Elle ne pourra en effet pas avoir lieu\u00a0de la fa\u00e7on dont nous l\u2019aurions voulu \u00bb, regrette Oc\u00e9ane Bretin. Elle poursuit : \u00ab Nous allons proposer un parcours de masterclass,\u00a0ce qui co\u00fbte moins cher. Elles se tiendront dans la salle du Tracteur \u00e0 Cintegabelle, de mars \u00e0 juin \u00bb. Normalement, pas moins de 600 heures de cours pratique et th\u00e9orique sur\u00a0l\u2019art du th\u00e9\u00e2tre en langue des signes sont donn\u00e9s lors de cette formation. \u00ab Il y a du jeu th\u00e9\u00e2tral en LSF,\u00a0de la technique \u00e9motionnelle,\u00a0chor\u00e9graphique et corporelle, d\u2019improvisation, mais aussi de l\u2019accompagnement \u00e0 la professionnalisation avec de la pr\u00e9paration aux auditions. Nous essayons de tout couvrir. C\u2019est vraiment une formation professionnelle intensive avec un dipl\u00f4me \u00e0 la cl\u00e9\u00a0pour devenir com\u00e9dien \u00bb, assure la charg\u00e9e de mission.<\/p>\n<p>Mais cette ann\u00e9e, elle ne sera donc pas dispens\u00e9e sous cette forme. La <strong>formation initiale, qui accepte une quinzaine d\u2019\u00e9l\u00e8ves par promotion, devrait faire son retour en 2027<\/strong>. Une bonne nouvelle pour les artistes sourds qui la pl\u00e9biscitent fortement. \u00ab Nos \u00e9l\u00e8ves viennent de partout. Et nous devons m\u00eame en refuser \u00bb, indique la charg\u00e9e de mission. Il faut dire que c\u2019est l\u2019unique formation th\u00e9\u00e2trale professionnelle en immersion totale en langue des signes de France et m\u00eame d\u2019Europe. \u00ab Cela n\u2019existe nulle part ailleurs \u00bb, appuie-t-elle. Probl\u00e8me, \u00ab administrativement parlant, l\u2019ETU ne rentre dans aucune case. Nous essayons justement de la cr\u00e9er pour que l\u2019\u00e9cole soit reconnue \u00bb, fait savoir Oc\u00e9ane Bretin. D\u2019autant qu\u2019elle a su faire ses preuves. \u00ab Nous avons un fort taux d\u2019insertion. 80% des \u00e9l\u00e8ves form\u00e9s deviennent com\u00e9diens professionnels \u00bb, informe-t-elle avant de conclure : \u00ab L\u2019\u00e9cole permet un vrai retour \u00e0 l\u2019emploi \u00bb.<\/p>\n","protected":false},"excerpt":{"rendered":"L\u2019Ecole de th\u00e9\u00e2tre universelle \u00e0 Toulouse, la seule \u00e0 dispenser des cours en langue des signes, est aujourd\u2019hui&hellip;\n","protected":false},"author":2,"featured_media":445434,"comment_status":"","ping_status":"","sticky":false,"template":"","format":"standard","meta":{"footnotes":""},"categories":[2816],"tags":[1111,11,1777,674,1011,27,57162,12,2680,25,2312,13137],"class_list":{"0":"post-445433","1":"post","2":"type-post","3":"status-publish","4":"format-standard","5":"has-post-thumbnail","7":"category-toulouse","8":"tag-actu","9":"tag-actualites","10":"tag-eu","11":"tag-europe","12":"tag-fr","13":"tag-france","14":"tag-la-seule-u00e9cole-de-thu00e9u00e2tre-en-langue-des-signes-de-france-menacu00e9e-de-disparau00eetre","15":"tag-news","16":"tag-occitanie","17":"tag-republique-francaise","18":"tag-toulouse","19":"tag-u00c0-toulouse"},"share_on_mastodon":{"url":"https:\/\/pubeurope.com\/@fr\/115333815770928617","error":""},"_links":{"self":[{"href":"https:\/\/www.europesays.com\/fr\/wp-json\/wp\/v2\/posts\/445433","targetHints":{"allow":["GET"]}}],"collection":[{"href":"https:\/\/www.europesays.com\/fr\/wp-json\/wp\/v2\/posts"}],"about":[{"href":"https:\/\/www.europesays.com\/fr\/wp-json\/wp\/v2\/types\/post"}],"author":[{"embeddable":true,"href":"https:\/\/www.europesays.com\/fr\/wp-json\/wp\/v2\/users\/2"}],"replies":[{"embeddable":true,"href":"https:\/\/www.europesays.com\/fr\/wp-json\/wp\/v2\/comments?post=445433"}],"version-history":[{"count":0,"href":"https:\/\/www.europesays.com\/fr\/wp-json\/wp\/v2\/posts\/445433\/revisions"}],"wp:featuredmedia":[{"embeddable":true,"href":"https:\/\/www.europesays.com\/fr\/wp-json\/wp\/v2\/media\/445434"}],"wp:attachment":[{"href":"https:\/\/www.europesays.com\/fr\/wp-json\/wp\/v2\/media?parent=445433"}],"wp:term":[{"taxonomy":"category","embeddable":true,"href":"https:\/\/www.europesays.com\/fr\/wp-json\/wp\/v2\/categories?post=445433"},{"taxonomy":"post_tag","embeddable":true,"href":"https:\/\/www.europesays.com\/fr\/wp-json\/wp\/v2\/tags?post=445433"}],"curies":[{"name":"wp","href":"https:\/\/api.w.org\/{rel}","templated":true}]}}