{"id":445435,"date":"2025-10-07T16:25:11","date_gmt":"2025-10-07T16:25:11","guid":{"rendered":"https:\/\/www.europesays.com\/fr\/445435\/"},"modified":"2025-10-07T16:25:11","modified_gmt":"2025-10-07T16:25:11","slug":"le-voisin-intervient-en-urgence","status":"publish","type":"post","link":"https:\/\/www.europesays.com\/fr\/445435\/","title":{"rendered":"le voisin intervient en urgence"},"content":{"rendered":"<p>            Par<br \/>\n        <strong><br \/>\n            <a href=\"https:\/\/actu.fr\/auteur\/mareva-laville-actu-fr\" title=\"Consulter tous les articles de Mar\u00e9va Laville\" target=\"_blank\" rel=\"noopener\">Mar\u00e9va Laville<\/a><br \/>\n        <\/strong><\/p>\n<p>        Publi\u00e9 le<\/p>\n<p>            7 oct. 2025 \u00e0 18h22        <\/p>\n<p>La tentative de renouer contact a \u00e9chou\u00e9. Pire, elle a vrill\u00e9, manquant de peu de provoquer un drame. En plein \u00e9t\u00e9, alors que <a href=\"https:\/\/actu.fr\/occitanie\/toulouse_31555\/meteo-quelles-seront-els-couleurs-du-ciel-a-toulouse-et-en-occitanie-ce-mardi_62965752.html\" target=\"_blank\" rel=\"noopener\">la m\u00e9t\u00e9o annon\u00e7ait une journ\u00e9e agr\u00e9able<\/a> \u00e0 <strong>Carbonne<\/strong>, \u00e0 environ 40\u00a0minutes de <a href=\"http:\/\/www.actu.fr\/toulouse\" target=\"_blank\" rel=\"noopener\">Toulouse<\/a>, la tournure en a \u00e9t\u00e9 autrement pour l\u2019ex-conjointe d\u2019un <strong>homme \u00e2g\u00e9 de 44\u00a0ans.<\/strong><\/p>\n<p class=\" wall-content\">Le quarantenaire et son ex se sont retrouv\u00e9s pour passer la journ\u00e9e ensemble, \u00ab\u2009alors qu\u2019il avait interdiction de la rencontrer suite \u00e0 une premi\u00e8re condamnation pour<strong> violences conjugales\u2009\u00bb<\/strong>, indique le parquet de Toulouse. Car on le sait, en mati\u00e8re de violences conjugales, le risque de r\u00e9cidive est \u00e9lev\u00e9. Et il n\u2019a pas manqu\u00e9\u2026<\/p>\n<p>Ivre, il poursuit son ex et tente de l\u2019\u00e9trangler<\/p>\n<p class=\" wall-content\">Ce 29\u00a0juillet-l\u00e0, l\u2019homme de 44\u00a0ans n\u2019a pas brill\u00e9 par sa sobri\u00e9t\u00e9. \u00ab\u2009Fortement\u2009\u00bb <strong>alcoolis\u00e9<\/strong>, il est devenu <strong>mena\u00e7ant<\/strong>, \u00ab<strong>\u2009poursuivant son ex-compagne<\/strong> \u00e0 l\u2019ext\u00e9rieur de son domicile alors qu\u2019elle cherchait \u00e0 lui \u00e9chapper\u2009\u00bb, explique le parquet de Toulouse.<\/p>\n<p class=\" wall-content\">D\u2019apr\u00e8s les informations rapport\u00e9es en comparution imm\u00e9diate, lundi 6\u00a0octobre 2025 devant les juges du tribunal correctionnel,<strong> le quadrag\u00e9naire a tent\u00e9 d\u2019\u00e9trangler son ex-conjointe.<\/strong><\/p>\n<p>Un voisin intervient<\/p>\n<p class=\" wall-content\">Sa vie a \u00e9t\u00e9 sauv\u00e9e par <strong>l\u2019intervention d\u2019un voisin,<\/strong> ne manquant pas <a href=\"https:\/\/actu.fr\/occitanie\/toulouse_31555\/toulouse-je-vais-vous-decouper-vous-egorger-violent-avec-sa-compagne-il-deverse-sa-haine-sur-la-police_62946468.html\" target=\"_blank\" rel=\"noopener\">d\u2019alerter les gendarmes<\/a>. Essuyant par ailleurs plusieurs outrages \u00e0 agents. \u00ab\u2009Il [le mis en cause] se rebellait.\u2009\u00bb<\/p>\n<p>Vid\u00e9os : en ce moment sur Actu6\u00a0mois d\u2019emprisonnement<\/p>\n<p class=\" wall-content\">Des faits qui alertent. Suite \u00e0 sa comparution imm\u00e9diate, ce lundi, l\u2019homme de 44 ans <strong>r\u00e9cidiviste<\/strong> \u00e9cope de<strong> six mois de prison<\/strong> avec le renvoi devant le juge d\u2019application des peines, pour envisager un <strong>am\u00e9nagement<\/strong> de peine.<\/p>\n<p>Votre r\u00e9gion, votre actu !<\/p>\n<p>Recevez chaque jour les infos qui comptent pour vous.<\/p>\n<p>\t<a href=\"https:\/\/actu.fr\/newsletter\" class=\"ac-btn ac-btn--corner ac-btn--medium ac-btn--blue800\" target=\"_blank\" rel=\"noopener\">S&rsquo;incrire<\/a><\/p>\n<p>    <a href=\"https:\/\/www.google.com\/maps\/embed?pb=!1m18!1m12!1m3!1d92908.01895430742!2d1.1495140823339793!3d43.30639632590065!2m3!1f0!2f0!3f0!3m2!1i1024!2i768!4f13.1!3m3!1m2!1s0x12aed2959bb9e0e7%3A0x406f69c2f412bf0!2s31390%20Carbonne!5e0!3m2!1sfr!2sfr!4v1759851754226!5m2!1sfr!2sfr\" title=\"Ouvrie le lien\" target=\"_blank\" rel=\"noopener\">Cliquez ici pour visualiser le contenu<\/a><\/p>\n<p class=\" wall-content\">Personnalisez votre actualit\u00e9 en ajoutant vos villes et m\u00e9dias en favori avec <a href=\"https:\/\/moncompte.actu.fr\" title=\"D\u00e9couvez Mon Actu\" rel=\"nofollow noopener\" data-trk=\"{&quot;cta&quot;:{&quot;action&quot;:&quot;https:\\\/\\\/moncompte.actu.fr&quot;,&quot;category&quot;:&quot;mon compte&quot;,&quot;from&quot;:&quot;article footer&quot;,&quot;name&quot;:&quot;Mon actu&quot;,&quot;type&quot;:&quot;cta&quot;}}\" target=\"_blank\">Mon Actu<\/a>.<\/p>\n","protected":false},"excerpt":{"rendered":"Par Mar\u00e9va Laville Publi\u00e9 le 7 oct. 2025 \u00e0 18h22 La tentative de renouer contact a \u00e9chou\u00e9. Pire,&hellip;\n","protected":false},"author":2,"featured_media":445436,"comment_status":"","ping_status":"","sticky":false,"template":"","format":"standard","meta":{"footnotes":""},"categories":[2816],"tags":[1111,11,1777,674,118,1011,27,3381,303,12,2680,25,2312,798],"class_list":{"0":"post-445435","1":"post","2":"type-post","3":"status-publish","4":"format-standard","5":"has-post-thumbnail","7":"category-toulouse","8":"tag-actu","9":"tag-actualites","10":"tag-eu","11":"tag-europe","12":"tag-faits-divers","13":"tag-fr","14":"tag-france","15":"tag-gendarmerie","16":"tag-justice","17":"tag-news","18":"tag-occitanie","19":"tag-republique-francaise","20":"tag-toulouse","21":"tag-violences-conjugales"},"share_on_mastodon":{"url":"https:\/\/pubeurope.com\/@fr\/115333819699606954","error":""},"_links":{"self":[{"href":"https:\/\/www.europesays.com\/fr\/wp-json\/wp\/v2\/posts\/445435","targetHints":{"allow":["GET"]}}],"collection":[{"href":"https:\/\/www.europesays.com\/fr\/wp-json\/wp\/v2\/posts"}],"about":[{"href":"https:\/\/www.europesays.com\/fr\/wp-json\/wp\/v2\/types\/post"}],"author":[{"embeddable":true,"href":"https:\/\/www.europesays.com\/fr\/wp-json\/wp\/v2\/users\/2"}],"replies":[{"embeddable":true,"href":"https:\/\/www.europesays.com\/fr\/wp-json\/wp\/v2\/comments?post=445435"}],"version-history":[{"count":0,"href":"https:\/\/www.europesays.com\/fr\/wp-json\/wp\/v2\/posts\/445435\/revisions"}],"wp:featuredmedia":[{"embeddable":true,"href":"https:\/\/www.europesays.com\/fr\/wp-json\/wp\/v2\/media\/445436"}],"wp:attachment":[{"href":"https:\/\/www.europesays.com\/fr\/wp-json\/wp\/v2\/media?parent=445435"}],"wp:term":[{"taxonomy":"category","embeddable":true,"href":"https:\/\/www.europesays.com\/fr\/wp-json\/wp\/v2\/categories?post=445435"},{"taxonomy":"post_tag","embeddable":true,"href":"https:\/\/www.europesays.com\/fr\/wp-json\/wp\/v2\/tags?post=445435"}],"curies":[{"name":"wp","href":"https:\/\/api.w.org\/{rel}","templated":true}]}}