{"id":445450,"date":"2025-10-07T16:33:16","date_gmt":"2025-10-07T16:33:16","guid":{"rendered":"https:\/\/www.europesays.com\/fr\/445450\/"},"modified":"2025-10-07T16:33:16","modified_gmt":"2025-10-07T16:33:16","slug":"la-region-passe-la-seconde-et-inaugure-le-nouvel-atelier-de-mecanique-de-ce-lycee","status":"publish","type":"post","link":"https:\/\/www.europesays.com\/fr\/445450\/","title":{"rendered":"la R\u00e9gion passe la seconde et inaugure le nouvel atelier de m\u00e9canique de ce lyc\u00e9e"},"content":{"rendered":"<p>            Par<br \/>\n        <strong><br \/>\n            <a href=\"https:\/\/actu.fr\/auteur\/vanessa-relouzat\" title=\"Consulter tous les articles de Vanessa Aspe\" target=\"_blank\" rel=\"noopener\">Vanessa Aspe<\/a><br \/>\n        <\/strong><\/p>\n<p>        Publi\u00e9 le<\/p>\n<p>            7 oct. 2025 \u00e0 16h09        <\/p>\n<p>Le <a href=\"https:\/\/www.campus-coulommiers.eu\/\" target=\"_blank\" rel=\"noopener\">campus de Coulommiers <\/a>a inaugur\u00e9 ce mardi 7 octobre son tout nouveau b\u00e2timent d\u00e9di\u00e9 \u00e0 l\u2019enseignement de la m\u00e9canique automobile, en pr\u00e9sence de<a href=\"https:\/\/fr.wikipedia.org\/wiki\/Val%C3%A9rie_P%C3%A9cresse\" target=\"_blank\" rel=\"noopener\"> Val\u00e9rie P\u00e9cresse,<\/a> pr\u00e9sidente de la <a href=\"https:\/\/www.iledefrance.fr\/\" target=\"_blank\" rel=\"noopener\">R\u00e9gion \u00cele-de-France,<\/a> des \u00e9lus locaux et de la communaut\u00e9 \u00e9ducative. Une \u00e9tape importante d\u2019un vaste chantier de r\u00e9novation, estim\u00e9 \u00e0 <b>pr\u00e8s de 140 millions d\u2019euros, <\/b>qui transformera le lyc\u00e9e en v\u00e9ritable campus d\u2019avenir.<\/p>\n<blockquote class=\"ac-article-quote wall-content\">\n<p>C\u2019est un investissement sans pr\u00e9c\u00e9dent pour redonner leur dignit\u00e9 aux \u00e9tablissements et aux \u00e9l\u00e8ves.<\/p>\n<p>Val\u00e9rie P\u00e9cresse, pr\u00e9sidente de la R\u00e9gion \u00cele-de-France<\/p><\/blockquote>\n<p class=\" wall-content\">Entre les murs du nouvel atelier, les moteurs ronronnent, les carrosseries brillent et les \u00e9l\u00e8ves s\u2019affairent autour des v\u00e9hicules de course. Le proviseur, Lucas David, tout juste nomm\u00e9 \u00e0 la t\u00eate de l\u2019\u00e9tablissement, se r\u00e9jouit de voir enfin livr\u00e9e \u00a0\u00bb la premi\u00e8re pierre d\u2019un projet de grande ampleur \u00ab\u00a0.<\/p>\n<p class=\" wall-content\">\u00a0\u00bb Ce nouvel atelier de m\u00e9canique est une tr\u00e8s belle illustration de la richesse de nos formations, remarque-t-il. Les personnels ont \u00e9t\u00e9 patients, les \u00e9l\u00e8ves aussi. Ce b\u00e2timent nous permet d\u00e9sormais d\u2019enseigner dans des conditions modernes et adapt\u00e9es aux m\u00e9tiers de demain. \u00a0\u00bb\u00a0<\/p>\n<p>Une fili\u00e8re d\u2019excellence<\/p>\n<p class=\" wall-content\">Le nouvel atelier automobile, inaugur\u00e9 ce jour, a \u00e9t\u00e9 enti\u00e8rement construit sur un site de 11 hectares, qui accueille pr\u00e8s de 2 100 \u00e9l\u00e8ves et une centaine d\u2019apprentis. Le campus, n\u00e9 de la fusion des lyc\u00e9es Jules-Ferry et Ren\u00e9-Cormier, compte parmi les plus grands \u00e9tablissements d\u2019\u00cele-de-France.<\/p>\n<p>    <img   decoding=\"async\" loading=\"lazy\" class=\"size-large\" src=\"https:\/\/www.europesays.com\/fr\/wp-content\/uploads\/2025\/10\/d1b9b6cd15e86d5b9b6cd15e8b9b9bv-960x640.jpeg\" alt=\"En tout, la R\u00e9gion consacre 138,7 millions d'euros \u00e0 la r\u00e9novation du lyc\u00e9e de Coulommiers.\" width=\"960\" height=\"640\"\/><br \/>\n    En tout, la R\u00e9gion consacre 138,7 millions d\u2019euros \u00e0 la r\u00e9novation du lyc\u00e9e de Coulommiers. \u00a9VA\/LPB<\/p>\n<p class=\" wall-content\">La premi\u00e8re phase des travaux, qui vient de s\u2019achever, comprend la construction de ce b\u00e2timent neuf d\u00e9di\u00e9 \u00e0 la fili\u00e8re m\u00e9canique. Deux autres tranches sont d\u00e9j\u00e0 programm\u00e9es : la r\u00e9habilitation des b\u00e2timents d\u2019enseignement et de l\u2019internat, puis la r\u00e9novation compl\u00e8te du reste du campus et la cr\u00e9ation d\u2019\u00e9quipements sportifs. \u00c0 terme, la totalit\u00e9 du site sera modernis\u00e9e d\u2019ici 2032.<\/p>\n<p>Votre r\u00e9gion, votre actu !<\/p>\n<p>Recevez chaque jour les infos qui comptent pour vous.<\/p>\n<p>\t<a href=\"https:\/\/actu.fr\/newsletter\" class=\"ac-btn ac-btn--corner ac-btn--medium ac-btn--blue800\" target=\"_blank\" rel=\"noopener\">S&rsquo;incrire<\/a><\/p>\n<p class=\" wall-content\">En tout, la R\u00e9gion consacre 138,7 millions d\u2019euros \u00e0 cette transformation, un effort financier consid\u00e9rable dans le cadre de son plan de r\u00e9novation des lyc\u00e9es. \u00a0\u00bb Nous faisons un milliard d\u2019euros de travaux chaque ann\u00e9e dans les lyc\u00e9es franciliens, rappelle Val\u00e9rie P\u00e9cresse. C\u2019est un investissement sans pr\u00e9c\u00e9dent pour redonner leur dignit\u00e9 aux \u00e9tablissements et aux \u00e9l\u00e8ves. \u00a0\u00bb\u00a0<\/p>\n<p>L\u2019automobile, une tradition<\/p>\n<p class=\" wall-content\">\u00c0 Coulommiers, la m\u00e9canique est bien plus qu\u2019une sp\u00e9cialit\u00e9 : c\u2019est une tradition. Le lyc\u00e9e abrite l\u2019une des cinq formations fran\u00e7aises de m\u00e9caniciens de comp\u00e9tition. Dans le nouvel atelier, les \u00e9tudiants travaillent sur des voitures de course, des mod\u00e8les historiques et des ch\u00e2ssis de Formule Renault.<\/p>\n<p>    <img   decoding=\"async\" loading=\"lazy\" class=\"size-large\" src=\"https:\/\/www.europesays.com\/fr\/wp-content\/uploads\/2025\/10\/2486b34e15e861886b34e15e8eb86bv-960x640.jpeg\" alt=\"\u00c0 Coulommiers, la m\u00e9canique est bien plus qu'une sp\u00e9cialit\u00e9 : c'est une tradition.\" width=\"960\" height=\"640\"\/><br \/>\n    \u00c0 Coulommiers, la m\u00e9canique est bien plus qu\u2019une sp\u00e9cialit\u00e9 : c\u2019est une tradition. \u00a9VA\/LPB<\/p>\n<p class=\" wall-content\">\u00ab\u00a0L\u2019objectif, c\u2019est de rapprocher la formation de la r\u00e9alit\u00e9 du terrain, explique le responsable des professeurs. Les \u00e9l\u00e8ves apprennent \u00e0 r\u00e9parer, \u00e0 entretenir, \u00e0 restaurer. Certains v\u00e9hicules appartiennent \u00e0 des mus\u00e9es, d\u2019autres sont destin\u00e9s \u00e0 la comp\u00e9tition. \u00a0\u00bb L\u2019enseignant souligne \u00e9galement l\u2019investissement consenti pour l\u2019\u00e9quipement int\u00e9rieur : \u00a0\u00bb Rien qu\u2019en mobilier technique, c\u2019est 250 000 euros. On a voulu un espace qui ressemble \u00e0 un vrai stand d\u2019\u00e9curie, avec des boxes par voiture. \u00a0\u00bb\u00a0<\/p>\n<p class=\" wall-content\">Les \u00e9l\u00e8ves, eux, appr\u00e9cient ces nouvelles conditions. Antoine, venu d\u2019Orl\u00e9ans pour suivre la formation en m\u00e9canique de comp\u00e9tition, salue \u00a0\u00bb un b\u00e2timent spacieux et bien agenc\u00e9 \u00ab\u00a0. S\u2019il note encore \u00a0\u00bb quelques probl\u00e8mes techniques\u00a0\u00bb, comme l\u2019aspiration des gaz \u00e0 l\u2019\u00e9chappement, il reconna\u00eet que \u00a0\u00bb tout est plus propre, plus moderne, plus agr\u00e9able \u00ab\u00a0.<\/p>\n<p>Une r\u00e9novation jusqu\u2019en 2032<\/p>\n<p class=\" wall-content\">En visite dans les ateliers, Val\u00e9rie P\u00e9cresse a rappel\u00e9 que ce chantier s\u2019inscrivait dans une strat\u00e9gie plus large de transformation du paysage \u00e9ducatif francilien. \u00a0\u00bb Notre objectif est de faire de Coulommiers une petite capitale de l\u2019\u00cele-de-France, un campus o\u00f9 les jeunes pourront \u00e9tudier du Bac -3 au Bac +3 sans avoir \u00e0 se d\u00e9placer trop loin, a-t-elle d\u00e9clar\u00e9. Nous voulons offrir aux \u00e9l\u00e8ves les m\u00eames chances qu\u2019\u00e0 Paris. \u00a0\u00bb\u00a0<\/p>\n<p class=\" wall-content\">Pour la pr\u00e9sidente de R\u00e9gion, la r\u00e9novation du lyc\u00e9e symbolise aussi la reconnaissance de l\u2019enseignement professionnel. \u00a0\u00bb Commencer par la fili\u00e8re automobile, c\u2019\u00e9tait un choix fort. Nous voulons donner ses lettres de noblesse \u00e0 la formation technique et industrielle. Un beau b\u00e2timent, c\u2019est plus qu\u2019un outil : c\u2019est un signe de respect et de confiance envers les jeunes. \u00a0\u00bb\u00a0<\/p>\n<p class=\" wall-content\">La maire de Coulommiers, Laurence Picard, partage ce sentiment. \u00a0\u00bb Ce lyc\u00e9e est un sujet de longue haleine, confie-t-elle. Nous nous sommes battus pendant des ann\u00e9es pour que ce dossier avance. Aujourd\u2019hui, c\u2019est chose faite. La r\u00e9novation globale va se poursuivre en trois phases jusqu\u2019en 2032, mais nous sommes sur la bonne voie. \u00a0\u00bb\u00a0<\/p>\n<p>Un \u00e9tablissement tourn\u00e9 vers l\u2019avenir<\/p>\n<p class=\" wall-content\">Au-del\u00e0 des discours, l\u2019inauguration marque le d\u00e9but d\u2019une nouvelle \u00e8re pour le campus. L\u2019atelier flambant neuf accueille d\u00e9j\u00e0 les \u00e9l\u00e8ves de bac professionnel, de BTS et de FCIL sp\u00e9cialis\u00e9s en m\u00e9canique de comp\u00e9tition. La R\u00e9gion pr\u00e9voit \u00e9galement d\u2019y d\u00e9velopper de nouveaux enseignements li\u00e9s aux technologies \u00e9lectriques et hybrides, un domaine en pleine expansion. \u00a0\u00bb Vous \u00eates pionniers dans la formation aux technologies \u00e9lectriques, a insist\u00e9 Val\u00e9rie P\u00e9cresse devant les \u00e9tudiants. En 2030, un v\u00e9hicule sur cinq sera \u00e9lectrique en France. Vous vous formez aujourd\u2019hui \u00e0 des m\u00e9tiers d\u2019avenir. \u00a0\u00bb\u00a0<\/p>\n<p class=\" wall-content\">Personnalisez votre actualit\u00e9 en ajoutant vos villes et m\u00e9dias en favori avec <a href=\"https:\/\/moncompte.actu.fr\" title=\"D\u00e9couvez Mon Actu\" rel=\"nofollow noopener\" data-trk=\"{&quot;cta&quot;:{&quot;action&quot;:&quot;https:\\\/\\\/moncompte.actu.fr&quot;,&quot;category&quot;:&quot;mon compte&quot;,&quot;from&quot;:&quot;article footer&quot;,&quot;name&quot;:&quot;Mon actu&quot;,&quot;type&quot;:&quot;cta&quot;}}\" target=\"_blank\">Mon Actu<\/a>.<\/p>\n","protected":false},"excerpt":{"rendered":"Par Vanessa Aspe Publi\u00e9 le 7 oct. 2025 \u00e0 16h09 Le campus de Coulommiers a inaugur\u00e9 ce mardi&hellip;\n","protected":false},"author":2,"featured_media":445451,"comment_status":"","ping_status":"","sticky":false,"template":"","format":"standard","meta":{"footnotes":""},"categories":[1592],"tags":[1111,11,1057,1777,674,1011,27,662,12,626,25,104],"class_list":{"0":"post-445450","1":"post","2":"type-post","3":"status-publish","4":"format-standard","5":"has-post-thumbnail","7":"category-ile-de-france","8":"tag-actu","9":"tag-actualites","10":"tag-education","11":"tag-eu","12":"tag-europe","13":"tag-fr","14":"tag-france","15":"tag-ile-de-france","16":"tag-news","17":"tag-paris","18":"tag-republique-francaise","19":"tag-societe"},"share_on_mastodon":{"url":"https:\/\/pubeurope.com\/@fr\/115333851537761902","error":""},"_links":{"self":[{"href":"https:\/\/www.europesays.com\/fr\/wp-json\/wp\/v2\/posts\/445450","targetHints":{"allow":["GET"]}}],"collection":[{"href":"https:\/\/www.europesays.com\/fr\/wp-json\/wp\/v2\/posts"}],"about":[{"href":"https:\/\/www.europesays.com\/fr\/wp-json\/wp\/v2\/types\/post"}],"author":[{"embeddable":true,"href":"https:\/\/www.europesays.com\/fr\/wp-json\/wp\/v2\/users\/2"}],"replies":[{"embeddable":true,"href":"https:\/\/www.europesays.com\/fr\/wp-json\/wp\/v2\/comments?post=445450"}],"version-history":[{"count":0,"href":"https:\/\/www.europesays.com\/fr\/wp-json\/wp\/v2\/posts\/445450\/revisions"}],"wp:featuredmedia":[{"embeddable":true,"href":"https:\/\/www.europesays.com\/fr\/wp-json\/wp\/v2\/media\/445451"}],"wp:attachment":[{"href":"https:\/\/www.europesays.com\/fr\/wp-json\/wp\/v2\/media?parent=445450"}],"wp:term":[{"taxonomy":"category","embeddable":true,"href":"https:\/\/www.europesays.com\/fr\/wp-json\/wp\/v2\/categories?post=445450"},{"taxonomy":"post_tag","embeddable":true,"href":"https:\/\/www.europesays.com\/fr\/wp-json\/wp\/v2\/tags?post=445450"}],"curies":[{"name":"wp","href":"https:\/\/api.w.org\/{rel}","templated":true}]}}