{"id":445464,"date":"2025-10-07T16:40:10","date_gmt":"2025-10-07T16:40:10","guid":{"rendered":"https:\/\/www.europesays.com\/fr\/445464\/"},"modified":"2025-10-07T16:40:10","modified_gmt":"2025-10-07T16:40:10","slug":"citadel-refroidit-lambiance-sur-lor-par-john-plassard-07-10","status":"publish","type":"post","link":"https:\/\/www.europesays.com\/fr\/445464\/","title":{"rendered":"Citadel refroidit l&rsquo;ambiance sur l&rsquo;or, par John Plassard \u2013 07\/10"},"content":{"rendered":"<p>Ce mardi 7 octobre, Estelle M\u00e9nard, directrice des investissements chez LCL, et Wilfrid Galand, directeur Strat\u00e9giste chez Montpensier Arbevel, \u00e9taient les invit\u00e9s de l&rsquo;\u00e9mission BFM Bourse pr\u00e9sent\u00e9e par Guillaume Sommerer. BFM Bourse est \u00e0 voir ou \u00e9couter du lundi au vendredi sur BFM Business.<\/p>\n<p>Ce mardi 7 octobre, John Plassard, associ\u00e9 et responsable de la strat\u00e9gie d\u2019investissement de Cit\u00e9 Gestion ; Aymeric Diday, directeur de la gestion chez Pergam ; Julie Cohen-Heurton, journaliste, BFM Business ; Alexandre Tixier, analyste pour le site BFM Bourse ; Rapha\u00ebl Lucet, analyste-g\u00e9rant chez Moneta AM ; Paul Chollet, chef \u00e9conomiste chez CM Ark\u00e9a et membre du comit\u00e9 strat\u00e9gique de BSI Economics ; Fr\u00e9d\u00e9ric Guignard, g\u00e9rant Actions chez Ecofi ; Sabrina Sadgui, journaliste \u00e0 BFM Business ; L\u00e9a Dunand-Chatellet, responsable de l&rsquo;investissement responsable chez DNCA Finance ; Antoine Larigaudrie, journalist \u00e0 BFM Business ; Wilfrid Galand, directeur strat\u00e9giste chez Montpensier Arbevel ; Estelle M\u00e9nard, directrice des investissements chez LCL ; Andrea Tueni, sales trader chez Saxo Banque et Arnaud Girod, responsable de la Strat\u00e9gie Kepler Chevreux, \u00e9taient les invit\u00e9s de l&rsquo;\u00e9mission BFM Bourse pr\u00e9sent\u00e9e par Guillaume Sommerer. BFM Bourse est \u00e0 voir ou \u00e9couter du lundi au vendredi sur BFM Business.<\/p>\n<p>Ce mardi 7 octobre, Antoine Larigaudrie, journalist \u00e0 BFM Business ; Wilfrid Galand, directeur strat\u00e9giste chez Montpensier Arbevel ; Estelle M\u00e9nard, directrice des investissements chez LCL ; Andrea Tueni, sales trader chez Saxo Banque et Arnaud Girod, responsable de la Strat\u00e9gie Kepler Chevreux, \u00e9taient les invit\u00e9s de l&rsquo;\u00e9mission BFM Bourse pr\u00e9sent\u00e9e par Guillaume Sommerer. BFM Bourse est \u00e0 voir ou \u00e9couter du lundi au vendredi sur BFM Business.<\/p>\n<p>Ce mardi 7 octobre, Arnaud Girod, responsable de la Strat\u00e9gie Kepler Cheuvreux, a d\u00e9brief\u00e9 la s\u00e9ance du jour, dans l&rsquo;\u00e9mission BFM Bourse pr\u00e9sent\u00e9e par Guillaume Sommerer. BFM Bourse est \u00e0 voir ou \u00e9couter du lundi au vendredi sur BFM Business.<\/p>\n<p>Ce mardi 7 octobre, Wilfrid Galand, directeur strat\u00e9giste de Montpensier-Arbevel, et Estelle M\u00e9nard, directrice des investissements chez LCL, \u00e9taient les invit\u00e9s de l&rsquo;\u00e9mission BFM Bourse pr\u00e9sent\u00e9e par Guillaume Sommerer. BFM Bourse est \u00e0 voir ou \u00e9couter du lundi au vendredi sur BFM Business.<\/p>\n<p>Ce mardi 7 octobre, Antoine Larigaudrie, journaliste BFM Business, Arnaud Girod, responsable de la Strat\u00e9gie Kepler Cheuvreux, Rapha\u00ebl Lucet, analyste-g\u00e9rant chez Moneta AM, Paul Chollet, chef \u00e9conomiste chez CM Ark\u00e9a, Fr\u00e9d\u00e9ric Guignard, g\u00e9rant actions chez Ecofi, Sabrina Sadgui, journaliste BFM Business, Andrea Tueni, sales trader chez Saxo Banque, et L\u00e9a Dunand-Chatellet, responsable de l&rsquo;investissement responsable chez DNCA Finance, \u00e9taient les invit\u00e9s de l&rsquo;\u00e9mission BFM Bourse pr\u00e9sent\u00e9e par Guillaume Sommerer. BFM Bourse est \u00e0 voir ou \u00e9couter du lundi au vendredi sur BFM Business.<\/p>\n<p>Bullshitom\u00e8tre : \u00ab\u00a0Le \u00ab\u00a0tout \u00e9colo\u00a0\u00bb m\u00e8ne \u00e0 la banqueroute\u00a0\u00bb<\/p>\n<p>Ce mardi 7 octobre, Andrea Tueni, sales trader chez Saxo Banque, ont abord\u00e9 le dynamique graphique de l&rsquo;once d&rsquo;or, le potentiel technique du CAC 40, et la perspective d&rsquo;une tension sur les taux, dans Le plan de trading dans l&rsquo;\u00e9mission BFM Bourse pr\u00e9sent\u00e9e par Guillaume Sommerer. BFM Bourse est \u00e0 voir ou \u00e9couter du lundi au vendredi sur BFM Business.<\/p>\n<p>Ce mardi 7 octobre, Fr\u00e9d\u00e9ric Guignard, g\u00e9rant actions chez Ecofi, s&rsquo;est pench\u00e9 sur les fronti\u00e8res de la th\u00e9matique verte dans l&rsquo;investissement, l&rsquo;aube d&rsquo;un renouveau pour l&rsquo;\u00e9conomie verte, la diff\u00e9rence entre fonds de transition et fonds de solution, l&rsquo;impact de l&rsquo;\u00e9volution des taux sur le vert, et les valeurs \u00e0 suivre de l&rsquo;\u00e9conomie verte, dans l&rsquo;\u00e9mission BFM Bourse pr\u00e9sent\u00e9e par Guillaume Sommerer. BFM Bourse est \u00e0 voir ou \u00e9couter du lundi au vendredi sur BFM Business.<\/p>\n<p>Ce mardi 7 octobre, Paul Chollet, chef \u00e9conomiste chez CM Ark\u00e9a, membre du comit\u00e9 strat\u00e9gique de BSI Economics, a abord\u00e9 la stabilit\u00e9 du spread de la France avec l&rsquo;Allemagne malgr\u00e9 l&rsquo;instabilit\u00e9 politique, et l&rsquo;impact de la poursuite du paralysie budg\u00e9taire aux \u00c9tats-Unis sur le march\u00e9, dans l&rsquo;\u00e9mission BFM Bourse pr\u00e9sent\u00e9e par Guillaume Sommerer. BFM Bourse est \u00e0 voir ou \u00e9couter du lundi au vendredi sur BFM Business.<\/p>\n","protected":false},"excerpt":{"rendered":"Ce mardi 7 octobre, Estelle M\u00e9nard, directrice des investissements chez LCL, et Wilfrid Galand, directeur Strat\u00e9giste chez Montpensier&hellip;\n","protected":false},"author":2,"featured_media":17731,"comment_status":"","ping_status":"","sticky":false,"template":"","format":"standard","meta":{"footnotes":""},"categories":[1589],"tags":[11,73,1866,12,1864,1865,1863,308],"class_list":{"0":"post-445464","1":"post","2":"type-post","3":"status-publish","4":"format-standard","5":"has-post-thumbnail","7":"category-etats-unis","8":"tag-actualites","9":"tag-etats-unis","10":"tag-etats-unis-damerique","11":"tag-news","12":"tag-united-states","13":"tag-united-states-of-america","14":"tag-us","15":"tag-usa"},"share_on_mastodon":{"url":"https:\/\/pubeurope.com\/@fr\/115333878800780477","error":""},"_links":{"self":[{"href":"https:\/\/www.europesays.com\/fr\/wp-json\/wp\/v2\/posts\/445464","targetHints":{"allow":["GET"]}}],"collection":[{"href":"https:\/\/www.europesays.com\/fr\/wp-json\/wp\/v2\/posts"}],"about":[{"href":"https:\/\/www.europesays.com\/fr\/wp-json\/wp\/v2\/types\/post"}],"author":[{"embeddable":true,"href":"https:\/\/www.europesays.com\/fr\/wp-json\/wp\/v2\/users\/2"}],"replies":[{"embeddable":true,"href":"https:\/\/www.europesays.com\/fr\/wp-json\/wp\/v2\/comments?post=445464"}],"version-history":[{"count":0,"href":"https:\/\/www.europesays.com\/fr\/wp-json\/wp\/v2\/posts\/445464\/revisions"}],"wp:featuredmedia":[{"embeddable":true,"href":"https:\/\/www.europesays.com\/fr\/wp-json\/wp\/v2\/media\/17731"}],"wp:attachment":[{"href":"https:\/\/www.europesays.com\/fr\/wp-json\/wp\/v2\/media?parent=445464"}],"wp:term":[{"taxonomy":"category","embeddable":true,"href":"https:\/\/www.europesays.com\/fr\/wp-json\/wp\/v2\/categories?post=445464"},{"taxonomy":"post_tag","embeddable":true,"href":"https:\/\/www.europesays.com\/fr\/wp-json\/wp\/v2\/tags?post=445464"}],"curies":[{"name":"wp","href":"https:\/\/api.w.org\/{rel}","templated":true}]}}