{"id":445507,"date":"2025-10-07T17:11:22","date_gmt":"2025-10-07T17:11:22","guid":{"rendered":"https:\/\/www.europesays.com\/fr\/445507\/"},"modified":"2025-10-07T17:11:22","modified_gmt":"2025-10-07T17:11:22","slug":"saint-etienne-un-supermarche-discount-tres-connu-ouvre-en-plein-coeur-de-ce-quartier","status":"publish","type":"post","link":"https:\/\/www.europesays.com\/fr\/445507\/","title":{"rendered":"Saint-\u00c9tienne. Un supermarch\u00e9 discount tr\u00e8s connu ouvre en plein c\u0153ur de ce quartier"},"content":{"rendered":"<p>            Par<br \/>\n        <strong><br \/>\n            <a href=\"https:\/\/actu.fr\/auteur\/julien-sournies\" title=\"Consulter tous les articles de Julien Sournies\" rel=\"nofollow noopener\" target=\"_blank\">Julien Sournies<\/a><br \/>\n        <\/strong><\/p>\n<p>        Publi\u00e9 le<\/p>\n<p>            7 oct. 2025 \u00e0 18h05        <\/p>\n<p>Un nouveau commerce s\u2019appr\u00eate \u00e0 ouvrir ses portes \u00e0 <a href=\"https:\/\/actu.fr\/saint-etienne\/\" rel=\"nofollow noopener\" target=\"_blank\">Saint-\u00c9tienne<\/a> (<a href=\"https:\/\/actu.fr\/auvergne-rhone-alpes\/loire_42\" rel=\"nofollow noopener\" target=\"_blank\">Loire<\/a>) au terme de huit mois de travaux. Apr\u00e8s le magasin install\u00e9 dans la rue Marcel-F\u00e9guide, en p\u00e9riph\u00e9rie st\u00e9phanoise, un deuxi\u00e8me supermarch\u00e9 de l\u2019enseigne de hard-discount<strong> Netto<\/strong> du groupe Les Mousquetaires\/Intermarch\u00e9 accueillera ses premiers clients \u00e0 compter de ce mercredi 8\u00a0octobre 2025 dans la capitale de la Loire. Ce qu\u2019il faut savoir.<\/p>\n<p class=\" wall-content\">Cette nouvelle offre de proximit\u00e9 \u00e0 Saint-\u00c9tienne, qui dispose par ailleurs d\u2019un parking de <strong>60 places<\/strong>, est tr\u00e8s exactement situ\u00e9e au 41 rue Tiblier-Verne, en plein c\u0153ur du quartier du Soleil, lequel fait l\u2019objet d\u2019une importante transformation ces derni\u00e8res ann\u00e9es.<\/p>\n<p>1\u2009000 m\u00b2 de surface de vente<\/p>\n<p class=\" wall-content\">Dans le d\u00e9tail, sa nouvelle adresse st\u00e9phanoise s\u2019\u00e9tendra sur quelque <strong>1\u2009400\u00a0m2, dont pr\u00e8s de 1\u2009000<\/strong> rien qu\u2019en surface de vente. En attendant son ouverture, l\u2019enseigne, qui propose pr\u00e8s de \u00ab\u200985\u2009% de produits en marque propre\u2009\u00bb, fait en tout cas la promesse de \u00ab\u20091\u2009000 produits \u00e0 prix imbattables chaque semaine\u2009\u00bb.<\/p>\n<blockquote class=\"ac-article-quote wall-content\">\n<p>Avec plus de 4 000 r\u00e9f\u00e9rences alimentaires, les points de vente Netto offrent l\u2019essentiel. Chaque gamme est r\u00e9duite pour simplifier l\u2019approvisionnement, limiter les co\u00fbts et ainsi proposer des produits de qualit\u00e9 aux prix les plus bas.<\/p>\n<p>    <strong>Netto<\/strong>\n            <\/p><\/blockquote>\n<p class=\" wall-content\">\u00c0 cela, pas moins de <strong>11 employ\u00e9s<\/strong> ont par ailleurs \u00e9t\u00e9 recrut\u00e9s pour faire tourner le supermarch\u00e9.<\/p>\n<p>    <a href=\"https:\/\/www.google.com\/maps\/embed?pb=!1m18!1m12!1m3!1d2008.1594683381961!2d4.398199274796425!3d45.44901713445378!2m3!1f0!2f0!3f0!3m2!1i1024!2i768!4f13.1!3m3!1m2!1s0x47f5abf9ed9fefa1%3A0x56703b0647339f4c!2s41%20Rue%20Tiblier%20Verne%2C%2042000%20Saint-%C3%89tienne!5e1!3m2!1sfr!2sfr!4v1759852657486!5m2!1sfr!2sfr\" title=\"Ouvrie le lien\" rel=\"nofollow noopener\" target=\"_blank\">Cliquez ici pour visualiser le contenu<\/a><\/p>\n<p><strong>Horaires d\u2019ouverture\u2009:<\/strong><br \/>Le supermarch\u00e9 sera ouvert du lundi au samedi de 8h30 \u00e0 19h15 ainsi que le dimanche de 8h30 \u00e0 12h15.<\/p>\n<p class=\" wall-content\">Personnalisez votre actualit\u00e9 en ajoutant vos villes et m\u00e9dias en favori avec <a href=\"https:\/\/moncompte.actu.fr\" title=\"D\u00e9couvez Mon Actu\" rel=\"nofollow noopener\" data-trk=\"{&quot;cta&quot;:{&quot;action&quot;:&quot;https:\\\/\\\/moncompte.actu.fr&quot;,&quot;category&quot;:&quot;mon compte&quot;,&quot;from&quot;:&quot;article footer&quot;,&quot;name&quot;:&quot;Mon actu&quot;,&quot;type&quot;:&quot;cta&quot;}}\" target=\"_blank\">Mon Actu<\/a>.<\/p>\n","protected":false},"excerpt":{"rendered":"Par Julien Sournies Publi\u00e9 le 7 oct. 2025 \u00e0 18h05 Un nouveau commerce s\u2019appr\u00eate \u00e0 ouvrir ses portes&hellip;\n","protected":false},"author":2,"featured_media":445508,"comment_status":"","ping_status":"","sticky":false,"template":"","format":"standard","meta":{"footnotes":""},"categories":[9653],"tags":[1111,11,2430,215,33,1777,674,1011,27,32679,12,3147,25,4001],"class_list":{"0":"post-445507","1":"post","2":"type-post","3":"status-publish","4":"format-standard","5":"has-post-thumbnail","7":"category-saint-etienne","8":"tag-actu","9":"tag-actualites","10":"tag-auvergne-rhone-alpes","11":"tag-commerce","12":"tag-economie","13":"tag-eu","14":"tag-europe","15":"tag-fr","16":"tag-france","17":"tag-netto","18":"tag-news","19":"tag-nouveaux-commerces","20":"tag-republique-francaise","21":"tag-saint-etienne"},"share_on_mastodon":{"url":"https:\/\/pubeurope.com\/@fr\/115334000391419860","error":""},"_links":{"self":[{"href":"https:\/\/www.europesays.com\/fr\/wp-json\/wp\/v2\/posts\/445507","targetHints":{"allow":["GET"]}}],"collection":[{"href":"https:\/\/www.europesays.com\/fr\/wp-json\/wp\/v2\/posts"}],"about":[{"href":"https:\/\/www.europesays.com\/fr\/wp-json\/wp\/v2\/types\/post"}],"author":[{"embeddable":true,"href":"https:\/\/www.europesays.com\/fr\/wp-json\/wp\/v2\/users\/2"}],"replies":[{"embeddable":true,"href":"https:\/\/www.europesays.com\/fr\/wp-json\/wp\/v2\/comments?post=445507"}],"version-history":[{"count":0,"href":"https:\/\/www.europesays.com\/fr\/wp-json\/wp\/v2\/posts\/445507\/revisions"}],"wp:featuredmedia":[{"embeddable":true,"href":"https:\/\/www.europesays.com\/fr\/wp-json\/wp\/v2\/media\/445508"}],"wp:attachment":[{"href":"https:\/\/www.europesays.com\/fr\/wp-json\/wp\/v2\/media?parent=445507"}],"wp:term":[{"taxonomy":"category","embeddable":true,"href":"https:\/\/www.europesays.com\/fr\/wp-json\/wp\/v2\/categories?post=445507"},{"taxonomy":"post_tag","embeddable":true,"href":"https:\/\/www.europesays.com\/fr\/wp-json\/wp\/v2\/tags?post=445507"}],"curies":[{"name":"wp","href":"https:\/\/api.w.org\/{rel}","templated":true}]}}