{"id":445509,"date":"2025-10-07T17:12:17","date_gmt":"2025-10-07T17:12:17","guid":{"rendered":"https:\/\/www.europesays.com\/fr\/445509\/"},"modified":"2025-10-07T17:12:17","modified_gmt":"2025-10-07T17:12:17","slug":"saint-etienne-de-saint-geoirs-on-a-tourne-la-page-aux-apprets","status":"publish","type":"post","link":"https:\/\/www.europesays.com\/fr\/445509\/","title":{"rendered":"Saint-\u00c9tienne-de-Saint-Geoirs. On a tourn\u00e9 la page aux Appr\u00eats"},"content":{"rendered":"<p>Ce week-end, le char r\u00e9alis\u00e9 par le groupe de personnes du quartier des Appr\u00eats a connu ses derni\u00e8res heures. \u201cL\u2019\u00e9lixir de Mandrin\u201d d\u00e9mantel\u00e9 a \u00e9t\u00e9 une nouvelle fois l\u2019occasion d\u2019un rendez-vous convivial autour d\u2019un casse-cro\u00fbte partag\u00e9 en \u00e9voquant les souvenirs des belles journ\u00e9es v\u00e9cues.<\/p>\n<p>Pour toute l\u2019\u00e9quipe, autour de Val\u00e9rie et Liliane, on attendra 2030 pour proposer le th\u00e8me des futures Mandrinades. Le parfum de l\u2019\u00e9lixir continuera de chatouiller les narines et de sensibiliser les papilles\u00a0!<\/p>\n","protected":false},"excerpt":{"rendered":"Ce week-end, le char r\u00e9alis\u00e9 par le groupe de personnes du quartier des Appr\u00eats a connu ses derni\u00e8res&hellip;\n","protected":false},"author":2,"featured_media":445510,"comment_status":"","ping_status":"","sticky":false,"template":"","format":"standard","meta":{"footnotes":""},"categories":[9653],"tags":[1111,11,2430,1687,114,1777,674,1011,27,12,25,4001,44850,27908],"class_list":{"0":"post-445509","1":"post","2":"type-post","3":"status-publish","4":"format-standard","5":"has-post-thumbnail","7":"category-saint-etienne","8":"tag-actu","9":"tag-actualites","10":"tag-auvergne-rhone-alpes","11":"tag-culture-loisirs","12":"tag-edition-voiron-saint-marcellin","13":"tag-eu","14":"tag-europe","15":"tag-fr","16":"tag-france","17":"tag-news","18":"tag-republique-francaise","19":"tag-saint-etienne","20":"tag-saint-etienne-de-saint-geoirs","21":"tag-saint-geoirs-et-autour"},"share_on_mastodon":{"url":"https:\/\/pubeurope.com\/@fr\/115334004241790239","error":""},"_links":{"self":[{"href":"https:\/\/www.europesays.com\/fr\/wp-json\/wp\/v2\/posts\/445509","targetHints":{"allow":["GET"]}}],"collection":[{"href":"https:\/\/www.europesays.com\/fr\/wp-json\/wp\/v2\/posts"}],"about":[{"href":"https:\/\/www.europesays.com\/fr\/wp-json\/wp\/v2\/types\/post"}],"author":[{"embeddable":true,"href":"https:\/\/www.europesays.com\/fr\/wp-json\/wp\/v2\/users\/2"}],"replies":[{"embeddable":true,"href":"https:\/\/www.europesays.com\/fr\/wp-json\/wp\/v2\/comments?post=445509"}],"version-history":[{"count":0,"href":"https:\/\/www.europesays.com\/fr\/wp-json\/wp\/v2\/posts\/445509\/revisions"}],"wp:featuredmedia":[{"embeddable":true,"href":"https:\/\/www.europesays.com\/fr\/wp-json\/wp\/v2\/media\/445510"}],"wp:attachment":[{"href":"https:\/\/www.europesays.com\/fr\/wp-json\/wp\/v2\/media?parent=445509"}],"wp:term":[{"taxonomy":"category","embeddable":true,"href":"https:\/\/www.europesays.com\/fr\/wp-json\/wp\/v2\/categories?post=445509"},{"taxonomy":"post_tag","embeddable":true,"href":"https:\/\/www.europesays.com\/fr\/wp-json\/wp\/v2\/tags?post=445509"}],"curies":[{"name":"wp","href":"https:\/\/api.w.org\/{rel}","templated":true}]}}