{"id":445523,"date":"2025-10-07T17:21:13","date_gmt":"2025-10-07T17:21:13","guid":{"rendered":"https:\/\/www.europesays.com\/fr\/445523\/"},"modified":"2025-10-07T17:21:13","modified_gmt":"2025-10-07T17:21:13","slug":"pres-de-rouen-un-chien-seme-le-trouble-dans-le-village","status":"publish","type":"post","link":"https:\/\/www.europesays.com\/fr\/445523\/","title":{"rendered":"pr\u00e8s de Rouen, un chien s\u00e8me le trouble dans le village"},"content":{"rendered":"<p>            Par<br \/>\n        <strong><br \/>\n            <a href=\"https:\/\/actu.fr\/auteur\/aurelien-delavaud\" title=\"Consulter tous les articles de Aur\u00e9lien Delavaud\" target=\"_blank\" rel=\"noopener\">Aur\u00e9lien Delavaud<\/a><br \/>\n        <\/strong><\/p>\n<p>        Publi\u00e9 le<\/p>\n<p>            7 oct. 2025 \u00e0 18h36        <\/p>\n<p>\u00ab\u00a0Maintenant, ma compagne a peur de sortir les <b>chiens<\/b> toute seule et moi je r\u00e9fl\u00e9chis aux chemins que je prends, pour ne pas tomber sur lui.\u00a0\u00bb Quand il est venu s\u2019installer, il y a un peu plus d\u2019un an, \u00e0 <a href=\"https:\/\/actu.fr\/normandie\/freneuse_76282\" target=\"_blank\" rel=\"noopener\">Freneuse (Seine-Maritime)<\/a>, Pierre Loust ne pensait pas conna\u00eetre une telle situation. Depuis des mois, dans cette <b>petite commune<\/b> paisible des bords de Seine, \u00e0 c\u00f4t\u00e9 d\u2019Elbeuf, un habitant et son chien causent des sueurs froides \u00e0 plusieurs riverains. \u00ab\u00a0Avec mes chiens, j\u2019ai d\u00e9j\u00e0 subi <b>deux attaques<\/b>. On attend quoi, qu\u2019il morde des enfants ?\u00a0\u00bb, s\u2019insurge Pierre Loust.<\/p>\n<p>Provocations et morsures<\/p>\n<p class=\" wall-content\">Le fond du probl\u00e8me, c\u2019est l\u2019obligation pour tous les ma\u00eetres de <b>tenir leurs chiens en laisse<\/b> dans l\u2019espace public. M\u00eame s\u2019il est tentant de les laisser gambader et se d\u00e9fouler en libert\u00e9 dans un cadre agr\u00e9able et verdoyant, comme c\u2019est le cas autour du stade de Freneuse.<\/p>\n<blockquote class=\"ac-article-quote wall-content\">\n<p>L\u00e0, on parle d\u2019un gros chien, je crois que c\u2019est un crois\u00e9 dogue argentin. Le monsieur ne le ma\u00eetrise pas du tout. Pire encore, quand on lui en parle, il minimise et il dit qu\u2019il n\u2019y a rien de grave.<\/p>\n<p>Pierre Loust, habitant de Freneuse<\/p><\/blockquote>\n<p class=\" wall-content\">Lui-m\u00eame poss\u00e8de un samoy\u00e8de et un chien-loup tch\u00e8que. Lors de la premi\u00e8re altercation, l\u2019un de ses chiens a termin\u00e9 chez le v\u00e9t\u00e9rinaire apr\u00e8s avoir \u00e9t\u00e9 <b>mordu<\/b>. Son ma\u00eetre a lui aussi \u00e9t\u00e9 l\u00e9g\u00e8rement touch\u00e9, en tentant de s\u00e9parer les chiens. \u00ab\u00a0Ca va, parce que \u00e7a a juste rip\u00e9 sur la main. Mais le plus emb\u00eatant, c\u2019est que depuis ce moment, mon chien est devenu craintif. Il a peur de croiser d\u2019autres chiens\u00a0\u00bb, poursuit Pierre Loust.<\/p>\n<p class=\" wall-content\">La deuxi\u00e8me fois, son chien a une nouvelle fois \u00e9t\u00e9 mordu, moins gravement. Sans que cela n\u2019affecte l\u2019autre propri\u00e9taire, selon le jeune homme : \u00ab\u00a0Il est provocateur, on dirait presque qu\u2019il cherche ces altercations et, quand \u00e7a arrive, il n\u2019intervient pas.\u00a0\u00bb Pour faire fuir l\u2019assaillant, le Freneusien s\u2019est surpris lui-m\u00eame.<\/p>\n<blockquote class=\"ac-article-quote wall-content\">\n<p>J\u2019ai fait semblant d\u2019aboyer, en allant vers lui. J\u2019ai fait \u00e7a sans r\u00e9fl\u00e9chir, \u00e0 l\u2019adr\u00e9naline\u2026<\/p>\n<p>Pierre Loust<\/p><\/blockquote>\n<p class=\" wall-content\">Toujours est-il que \u00e7a a fonctionn\u00e9. C\u2019est ce jour-l\u00e0, d\u00e9but septembre 2025, que Pierre Loust a d\u00e9cid\u00e9 de poster une lettre ouverte sur les r\u00e9seaux sociaux pour faire conna\u00eetre sa col\u00e8re.<\/p>\n<p>Votre r\u00e9gion, votre actu !<\/p>\n<p>Recevez chaque jour les infos qui comptent pour vous.<\/p>\n<p>\t<a href=\"https:\/\/actu.fr\/newsletter\" class=\"ac-btn ac-btn--corner ac-btn--medium ac-btn--blue800\" target=\"_blank\" rel=\"noopener\">S&rsquo;incrire<\/a><br \/>\nUn dossier transmis au procureur<\/p>\n<p class=\" wall-content\">Selon diff\u00e9rents t\u00e9moignages recueillis dans le village, le cas de cet habitant et de sa compagne n\u2019est pas isol\u00e9. D\u2019autres promeneurs et leurs compagnons \u00e0 quatre pattes ont d\u00e9j\u00e0 eu des probl\u00e8mes avec ce chien et son ma\u00eetre.<\/p>\n<p class=\" wall-content\">\u00ab\u00a0Ca fait longtemps que \u00e7a dure, il n\u2019y a pas moyen de le faire fl\u00e9chir, soupire <b>Pascal Baron<\/b>, le maire de Freneuse. Jusqu\u2019\u00e0 maintenant, on a fait tout ce que l\u2019on pouvait \u00e0 notre niveau : on a essay\u00e9 de dialoguer, on a repris un arr\u00eat\u00e9 municipal pour obliger les ma\u00eetres \u00e0 tenir leurs chiens en laisse, on a mis un panneau pour le rappeler sur l\u2019\u00eele\u2026\u00a0\u00bb\u00a0<\/p>\n<p class=\" wall-content\">Par le pass\u00e9, l\u2019\u00e9lu a bien tent\u00e9 d\u2019alerter la <b>police nationale<\/b>. Sans succ\u00e8s. Alors, il y a quelques mois, il a d\u00e9cid\u00e9 de monter d\u2019un cran.<\/p>\n<blockquote class=\"ac-article-quote wall-content\">\n<p>On a rassembl\u00e9 des \u00e9l\u00e9ments et des t\u00e9moignages et on a envoy\u00e9 un dossier au procureur de la R\u00e9publique. Je suis oblig\u00e9 d\u2019appliquer strictement la loi, comme il n\u2019y a pas moyen de n\u00e9gocier.<\/p>\n<p>Pascal Baron, maire de Freneuse<\/p><\/blockquote>\n<p class=\" wall-content\">Maintenant, le dossier est entre les mains du procureur, \u00e0 Rouen. Impossible, pour le moment, de savoir si et quand la proc\u00e9dure va aboutir \u00e0 quelque chose.<\/p>\n<p class=\" wall-content\">En tout cas, le maire de Freneuse esp\u00e8re un coup de pouce dans ce dossier \u00e9pineux : \u00ab\u00a0Moi, je ne peux pas faire plus. J\u2019esp\u00e8re que le procureur aura conscience de la difficult\u00e9 que rencontrent les petites communes face \u00e0 ce genre d\u2019<b>incivilit\u00e9s<\/b> !\u00a0\u00bb<\/p>\n<p>Pas si facile de porter plainte<\/p>\n<p class=\" wall-content\">Depuis l\u2019envoi de ce dossier, le 10 juillet, d\u2019autres altercations comme celles subies par Pierre Loust ont eu lieu. Alors Pascal Baron \u00ab\u00a0encourage les habitants \u00e0 continuer \u00e0 aller <b>porter plainte<\/b>, pour enrichir le dossier\u00a0\u00bb.<\/p>\n<p class=\" wall-content\">Le probl\u00e8me, c\u2019est que ces plaintes ne sont pas toujours possibles. \u00ab\u00a0Quand j\u2019ai voulu aller porter plainte, \u00e0 Elbeuf, le policier a refus\u00e9 en disant que \u00e7a ne rel\u00e8ve pas du p\u00e9nal, car les animaux sont consid\u00e9r\u00e9s par la loi comme des choses. Ce n\u2019est pas vrai !\u00a0\u00bb, d\u00e9nonce Pierre Loust.<\/p>\n<p class=\" wall-content\">En col\u00e8re contre la police \u00ab\u00a0qui ne fait rien\u00a0\u00bb et ce propri\u00e9taire de chien, le Freneusien est oblig\u00e9 de prendre son mal en patience. Et les balades avec ses compagnons, qui pourraient \u00eatre des moments de d\u00e9tente, dans le cadre tranquille des bords de Seine \u00e0 Freneuse, restent une source de stress.<\/p>\n<p class=\" wall-content\">\u00ab\u00a0Mettre les chiens dans la voiture pour aller se promener ailleurs ? Ce n\u2019est pas pour \u00e7a qu\u2019on a quitt\u00e9 la ville pour un village. A un moment donn\u00e9, la r\u00e8gle doit s\u2019appliquer \u00e0 tous et il doit attacher son chien\u00a0\u00bb, mart\u00e8le Pierre Loust.<\/p>\n<p class=\" wall-content\">Personnalisez votre actualit\u00e9 en ajoutant vos villes et m\u00e9dias en favori avec <a href=\"https:\/\/moncompte.actu.fr\" title=\"D\u00e9couvez Mon Actu\" rel=\"nofollow noopener\" data-trk=\"{&quot;cta&quot;:{&quot;action&quot;:&quot;https:\\\/\\\/moncompte.actu.fr&quot;,&quot;category&quot;:&quot;mon compte&quot;,&quot;from&quot;:&quot;article footer&quot;,&quot;name&quot;:&quot;Mon actu&quot;,&quot;type&quot;:&quot;cta&quot;}}\" target=\"_blank\">Mon Actu<\/a>.<\/p>\n","protected":false},"excerpt":{"rendered":"Par Aur\u00e9lien Delavaud Publi\u00e9 le 7 oct. 2025 \u00e0 18h36 \u00ab\u00a0Maintenant, ma compagne a peur de sortir les&hellip;\n","protected":false},"author":2,"featured_media":445524,"comment_status":"","ping_status":"","sticky":false,"template":"","format":"standard","meta":{"footnotes":""},"categories":[9587],"tags":[1111,11,1867,4850,1777,674,1011,27,303,12,5161,25,9590,104],"class_list":{"0":"post-445523","1":"post","2":"type-post","3":"status-publish","4":"format-standard","5":"has-post-thumbnail","7":"category-rouen","8":"tag-actu","9":"tag-actualites","10":"tag-animaux","11":"tag-chien","12":"tag-eu","13":"tag-europe","14":"tag-fr","15":"tag-france","16":"tag-justice","17":"tag-news","18":"tag-normandie","19":"tag-republique-francaise","20":"tag-rouen","21":"tag-societe"},"share_on_mastodon":{"url":"https:\/\/pubeurope.com\/@fr\/115334039666051904","error":""},"_links":{"self":[{"href":"https:\/\/www.europesays.com\/fr\/wp-json\/wp\/v2\/posts\/445523","targetHints":{"allow":["GET"]}}],"collection":[{"href":"https:\/\/www.europesays.com\/fr\/wp-json\/wp\/v2\/posts"}],"about":[{"href":"https:\/\/www.europesays.com\/fr\/wp-json\/wp\/v2\/types\/post"}],"author":[{"embeddable":true,"href":"https:\/\/www.europesays.com\/fr\/wp-json\/wp\/v2\/users\/2"}],"replies":[{"embeddable":true,"href":"https:\/\/www.europesays.com\/fr\/wp-json\/wp\/v2\/comments?post=445523"}],"version-history":[{"count":0,"href":"https:\/\/www.europesays.com\/fr\/wp-json\/wp\/v2\/posts\/445523\/revisions"}],"wp:featuredmedia":[{"embeddable":true,"href":"https:\/\/www.europesays.com\/fr\/wp-json\/wp\/v2\/media\/445524"}],"wp:attachment":[{"href":"https:\/\/www.europesays.com\/fr\/wp-json\/wp\/v2\/media?parent=445523"}],"wp:term":[{"taxonomy":"category","embeddable":true,"href":"https:\/\/www.europesays.com\/fr\/wp-json\/wp\/v2\/categories?post=445523"},{"taxonomy":"post_tag","embeddable":true,"href":"https:\/\/www.europesays.com\/fr\/wp-json\/wp\/v2\/tags?post=445523"}],"curies":[{"name":"wp","href":"https:\/\/api.w.org\/{rel}","templated":true}]}}