{"id":445529,"date":"2025-10-07T17:24:10","date_gmt":"2025-10-07T17:24:10","guid":{"rendered":"https:\/\/www.europesays.com\/fr\/445529\/"},"modified":"2025-10-07T17:24:10","modified_gmt":"2025-10-07T17:24:10","slug":"de-retour-en-france-la-deputee-marie-mesmeur-denonce-des-violences-par-israel","status":"publish","type":"post","link":"https:\/\/www.europesays.com\/fr\/445529\/","title":{"rendered":"de retour en France, la d\u00e9put\u00e9e Marie Mesmeur d\u00e9nonce des \u00ab\u00a0violences\u00a0\u00bb par Isra\u00ebl"},"content":{"rendered":"<p>            Par<br \/>\n        <strong><br \/>\n            <a href=\"https:\/\/actu.fr\/auteur\/clemence-pays02-actu-fr\" title=\"Consulter tous les articles de Cl\u00e9mence Pays\" target=\"_blank\" rel=\"noopener\">Cl\u00e9mence Pays<\/a><br \/>\n        <\/strong><\/p>\n<p>        Publi\u00e9 le<\/p>\n<p>            7 oct. 2025 \u00e0 19h02        <\/p>\n<p>C\u2019est <strong>\u00e0 14h,<\/strong> mardi 7 octobre 2025, que les ressortissants fran\u00e7ais, expuls\u00e9s d\u2019Isra\u00ebl, ont atterri \u00e0 l\u2019a\u00e9roport de Paris-Orly. Parmi eux, les quatre d\u00e9put\u00e9s et eurod\u00e9put\u00e9es fran\u00e7ais, dont <a href=\"https:\/\/actu.fr\/bretagne\/rennes_35238\/rennes-legislatives-2024-marie-mesmeur-elue-deputee-dans-la-1re-circonscription-d-ille-et-vilaine_61308741.html\" target=\"_blank\" rel=\"noopener\">Marie Mesmeur<\/a>.\u00a0<\/p>\n<p class=\" wall-content\">La d\u00e9put\u00e9e de la 1re circonscription d\u2019Ille-et-Vilaine avait \u00e9t\u00e9 <a href=\"https:\/\/actu.fr\/bretagne\/rennes_35238\/flottille-pour-gaza-cette-deputee-de-rennes-en-prison-en-israel-on-ne-sait-pas-quand-elle-sera-liberee_63248150.html\" target=\"_blank\" rel=\"noopener\">captur\u00e9e et emprisonn\u00e9e par l\u2019arm\u00e9e isra\u00e9lienne alors qu\u2019elle se trouvait \u00e0 bord d\u2019un navire de la Flottille pour Gaza<\/a>, mercredi 1er octobre.\u00a0<\/p>\n<p>Des conditions de d\u00e9tention difficiles<\/p>\n<p class=\" wall-content\">Lundi 6 octobre, <a href=\"https:\/\/actu.fr\/bretagne\/rennes_35238\/flottille-pour-gaza-la-deputee-de-rennes-marie-mesmeur-est-libre-elle-va-bien_63264392.html\" target=\"_blank\" rel=\"noopener\">cette derni\u00e8re a \u00e9t\u00e9 lib\u00e9r\u00e9e puis expuls\u00e9e en Gr\u00e8ce<\/a>. Son entourage avait alors eu <strong>peu de nouvelles,<\/strong> notamment sur les conditions de d\u00e9tention de Marie Mesmeur.\u00a0<\/p>\n<p class=\" wall-content\">Ce mardi, Cassandre Bliot, directrice de cabinet de l\u2019\u00e9lue LFI, a annonc\u00e9 que \u00ab\u00a0la d\u00e9put\u00e9e confirme <strong>des violences, s\u00e9vices et humiliations de la part des autorit\u00e9s isra\u00e9liennes<\/strong> contre elle et de nombreux autres d\u00e9tenus\u00a0\u00bb.\u00a0<\/p>\n<blockquote class=\"ac-article-quote wall-content\">\n<p>Cependant, ces agressions sont sans commune mesure avec la souffrance du peuple palestinien et notamment les violences perp\u00e9tr\u00e9es contre les prisonniers palestiniens en Isra\u00ebl.<\/p>\n<p>    <strong>Marie Mesmeur<\/strong><br \/>\n        Par la voix de Cassandre Bliot, sa directrice de cabinet    <\/p><\/blockquote>\n<p>Un rassemblement annonc\u00e9<\/p>\n<p class=\" wall-content\">Quelques heures apr\u00e8s son rapatriement en France, Marie Mesmeur a \u00e9galement fait part de sa volont\u00e9 de participer \u00e0 la mobilisation \u00ab\u00a0Stop g\u00e9nocide\u00a0\u00bb annonc\u00e9e \u00e0 Paris, mercredi 8 octobre, place de la R\u00e9publique.\u00a0<\/p>\n<p>Votre r\u00e9gion, votre actu !<\/p>\n<p>Recevez chaque jour les infos qui comptent pour vous.<\/p>\n<p>\t<a href=\"https:\/\/actu.fr\/newsletter\" class=\"ac-btn ac-btn--corner ac-btn--medium ac-btn--blue800\" target=\"_blank\" rel=\"noopener\">S&rsquo;incrire<\/a><\/p>\n<p class=\" wall-content\">La d\u00e9put\u00e9e appelle \u00e9galement \u00e0 <strong>un rassemblement, jeudi 9 octobre, \u00e0 18h30,<\/strong> place de la R\u00e9publique, \u00e0 Rennes. <strong>\u00ab\u00a0Elle y sera pr\u00e9sente et prendra la parole\u00a0\u00bb,<\/strong> pr\u00e9cise Cassandre Bliot.\u00a0<\/p>\n<p class=\" wall-content\">Personnalisez votre actualit\u00e9 en ajoutant vos villes et m\u00e9dias en favori avec <a href=\"https:\/\/moncompte.actu.fr\" title=\"D\u00e9couvez Mon Actu\" rel=\"nofollow noopener\" data-trk=\"{&quot;cta&quot;:{&quot;action&quot;:&quot;https:\\\/\\\/moncompte.actu.fr&quot;,&quot;category&quot;:&quot;mon compte&quot;,&quot;from&quot;:&quot;article footer&quot;,&quot;name&quot;:&quot;Mon actu&quot;,&quot;type&quot;:&quot;cta&quot;}}\" target=\"_blank\">Mon Actu<\/a>.<\/p>\n","protected":false},"excerpt":{"rendered":"Par Cl\u00e9mence Pays Publi\u00e9 le 7 oct. 2025 \u00e0 19h02 C\u2019est \u00e0 14h, mardi 7 octobre 2025, que&hellip;\n","protected":false},"author":2,"featured_media":445530,"comment_status":"","ping_status":"","sticky":false,"template":"","format":"standard","meta":{"footnotes":""},"categories":[2821],"tags":[1111,11,829,1777,674,1011,27,665,5643,12,316,584,25],"class_list":{"0":"post-445529","1":"post","2":"type-post","3":"status-publish","4":"format-standard","5":"has-post-thumbnail","7":"category-rennes","8":"tag-actu","9":"tag-actualites","10":"tag-bretagne","11":"tag-eu","12":"tag-europe","13":"tag-fr","14":"tag-france","15":"tag-gaza","16":"tag-guerre-israel-hamas","17":"tag-news","18":"tag-politique","19":"tag-rennes","20":"tag-republique-francaise"},"share_on_mastodon":{"url":"https:\/\/pubeurope.com\/@fr\/115334051904934029","error":""},"_links":{"self":[{"href":"https:\/\/www.europesays.com\/fr\/wp-json\/wp\/v2\/posts\/445529","targetHints":{"allow":["GET"]}}],"collection":[{"href":"https:\/\/www.europesays.com\/fr\/wp-json\/wp\/v2\/posts"}],"about":[{"href":"https:\/\/www.europesays.com\/fr\/wp-json\/wp\/v2\/types\/post"}],"author":[{"embeddable":true,"href":"https:\/\/www.europesays.com\/fr\/wp-json\/wp\/v2\/users\/2"}],"replies":[{"embeddable":true,"href":"https:\/\/www.europesays.com\/fr\/wp-json\/wp\/v2\/comments?post=445529"}],"version-history":[{"count":0,"href":"https:\/\/www.europesays.com\/fr\/wp-json\/wp\/v2\/posts\/445529\/revisions"}],"wp:featuredmedia":[{"embeddable":true,"href":"https:\/\/www.europesays.com\/fr\/wp-json\/wp\/v2\/media\/445530"}],"wp:attachment":[{"href":"https:\/\/www.europesays.com\/fr\/wp-json\/wp\/v2\/media?parent=445529"}],"wp:term":[{"taxonomy":"category","embeddable":true,"href":"https:\/\/www.europesays.com\/fr\/wp-json\/wp\/v2\/categories?post=445529"},{"taxonomy":"post_tag","embeddable":true,"href":"https:\/\/www.europesays.com\/fr\/wp-json\/wp\/v2\/tags?post=445529"}],"curies":[{"name":"wp","href":"https:\/\/api.w.org\/{rel}","templated":true}]}}