{"id":445531,"date":"2025-10-07T17:25:12","date_gmt":"2025-10-07T17:25:12","guid":{"rendered":"https:\/\/www.europesays.com\/fr\/445531\/"},"modified":"2025-10-07T17:25:12","modified_gmt":"2025-10-07T17:25:12","slug":"rennes-metropole-lance-le-cybermois-2025-un-mois-pour-renforcer-la-confiance-numerique","status":"publish","type":"post","link":"https:\/\/www.europesays.com\/fr\/445531\/","title":{"rendered":"Rennes M\u00e9tropole lance le Cybermois 2025, un mois pour renforcer la confiance num\u00e9rique"},"content":{"rendered":"<p>            <a href=\"https:\/\/unidivers.fr\/wp-content\/uploads\/2025\/10\/cybermois-rennes.jpg\" data-caption=\"\" rel=\"nofollow noopener\" target=\"_blank\"><img decoding=\"async\" loading=\"eager\" fetchpriority=\"high\" width=\"696\" height=\"378\" class=\"entry-thumb td-modal-image\" src=\"https:\/\/www.europesays.com\/fr\/wp-content\/uploads\/2025\/10\/cybermois-rennes-696x378.jpg\"   alt=\"cybermois rennes\" title=\"cybermois rennes\" data-eio=\"p\"\/><\/a><\/p>\n<p><strong>Jeudi 9 octobre 2025<\/strong>, Rennes M\u00e9tropole donne le coup d\u2019envoi de la 3e \u00e9dition du <strong>Cybermois<\/strong>, une campagne nationale de sensibilisation \u00e0 la cybers\u00e9curit\u00e9, port\u00e9e localement par le <strong>Club Cybermois<\/strong> \u2014 collectif co-anim\u00e9 par les associations <strong>We Ker<\/strong> et <strong>Cybermyne<\/strong>. <\/p>\n<p><strong>Durant tout le mois d\u2019octobre, ateliers, conf\u00e9rences et rencontres professionnelles inviteront le grand public, les entreprises et les collectivit\u00e9s \u00e0 mieux comprendre les enjeux de s\u00e9curit\u00e9 num\u00e9rique et \u00e0 adopter les bons r\u00e9flexes.<\/strong><\/p>\n<p>Un mois de mobilisation pour un num\u00e9rique plus s\u00fbr<\/p>\n<p>Cr\u00e9\u00e9 par We Ker dans le cadre de sa mission \u00ab Gestion Pr\u00e9visionnelle des Emplois et des Comp\u00e9tences Territoriale \u00bb (GPECT) sur la fili\u00e8re cybers\u00e9curit\u00e9, le Club Cybermois s\u2019inscrit dans une d\u00e9marche partenariale financ\u00e9e par <strong>l\u2019\u00c9tat, la R\u00e9gion Bretagne, Rennes M\u00e9tropole<\/strong> et <strong>le Fonds Social Europ\u00e9en<\/strong>. L\u2019objectif : f\u00e9d\u00e9rer acteurs publics, priv\u00e9s et associatifs pour renforcer la culture cyber sur le bassin rennais, haut lieu fran\u00e7ais de la cybers\u00e9curit\u00e9.<\/p>\n<p>Jeudi 9 octobre : lancement \u00e0 l\u2019H\u00f4tel de Rennes M\u00e9tropole<\/p>\n<p>De <strong>13h30 \u00e0 18h<\/strong>, l\u2019\u00e9v\u00e9nement \u00ab Ma confiance dans le num\u00e9rique \u00bb ouvrira les festivit\u00e9s \u00e0 l\u2019H\u00f4tel de Rennes M\u00e9tropole. Une apr\u00e8s-midi conviviale, gratuite et ouverte \u00e0 tous, pour apprendre \u00e0 d\u00e9jouer les arnaques en ligne et \u00e0 prot\u00e9ger ses donn\u00e9es personnelles.<\/p>\n<p>Apr\u00e8s une conf\u00e9rence introductive de <strong>Yann Huaum\u00e9<\/strong>, vice-pr\u00e9sident en charge du num\u00e9rique \u00e0 Rennes M\u00e9tropole, l\u2019agence <strong>IPcyb<\/strong> proposera une immersion dans le cyberespace des hackeurs. Suivront des <strong>ateliers de sensibilisation<\/strong> anim\u00e9s par des professionnels et les conseillers num\u00e9riques de la M\u00e9tropole : accompagnement des enfants dans l\u2019usage du t\u00e9l\u00e9phone, compr\u00e9hension des pratiques num\u00e9riques adolescentes, bonnes pratiques de s\u00e9curit\u00e9, jeux de plateau et quiz th\u00e9matiques. <\/p>\n<p><a href=\"https:\/\/www.linscription.com\/pro\/activite.php?P1=223272\" target=\"_blank\" rel=\"nofollow noopener\">\u2192 Inscription et programme complet du lancement<\/a><\/p>\n<p>Un programme vari\u00e9 dans toute la m\u00e9tropole<\/p>\n<p>Tout au long d\u2019octobre, <strong>plus d\u2019une vingtaine d\u2019ateliers gratuits<\/strong> seront propos\u00e9s dans les communes de Rennes M\u00e9tropole \u2014 de Betton \u00e0 Vern-sur-Seiche, en passant par Le Rheu, Acign\u00e9 ou Cintr\u00e9 \u2014 pour apprendre \u00e0 reconna\u00eetre les arnaques, s\u00e9curiser ses donn\u00e9es et adopter des usages responsables du num\u00e9rique. <\/p>\n<p>Des <strong>modules pratiques anim\u00e9s par Orange<\/strong> auront \u00e9galement lieu \u00e0 Cesson-S\u00e9vign\u00e9 : \u00ab S\u00e9curiser son smartphone \u00bb, \u00ab \u00c9viter les arnaques en ligne \u00bb ou encore \u00ab Mieux comprendre la vie num\u00e9rique des ados \u00bb. Deux op\u00e9rations de sensibilisation sans inscription sont pr\u00e9vues dans le m\u00e9tro rennais \u2014 le 14 octobre \u00e0 R\u00e9publique et le 17 octobre \u00e0 la Gare \u2014 pour rappeler les bons r\u00e9flexes en mobilit\u00e9.<\/p>\n<p>Les rendez-vous emploi et formation<\/p>\n<p>Parce que la cybers\u00e9curit\u00e9 est aussi un secteur d\u2019avenir, le Cybermois consacre plusieurs temps forts \u00e0 l\u2019orientation et \u00e0 la formation :<\/p>\n<ul class=\"wp-block-list\">\n<li><strong>10 octobre<\/strong> \u2013 Webinaire APEC (12h-13h30) : panorama des comp\u00e9tences, formations et emplois cyber \u00e0 Rennes, avec la participation de Thales, Glimps, Secure-IC, Whallix ou la DGA-MI.<\/li>\n<li><strong>21 octobre<\/strong> \u2013 Forum \u00ab Construisez votre avenir dans la cybers\u00e9curit\u00e9 \u00bb au <strong>Poool Cyber Place<\/strong> (Cesson-S\u00e9vign\u00e9, 15h-19h30) : table ronde, stands d\u2019entreprises, mini-conf\u00e9rences, espace game, bar \u00e0 CV\u2026<\/li>\n<li><strong>30 octobre<\/strong> \u2013 Panorama des m\u00e9tiers du num\u00e9rique \u00e0 <strong>L\u2019Exploratoire<\/strong> (Rennes, 10h-13h).<\/li>\n<\/ul>\n<p><a href=\"https:\/\/www.linscription.com\/pro\/activite-223277\" target=\"_blank\" rel=\"nofollow noopener\">\u2192 S\u2019inscrire au forum du 21 octobre<\/a><\/p>\n<p>Des ateliers pour les professionnels<\/p>\n<p>Les entreprises ne sont pas oubli\u00e9es : le <strong>7 octobre<\/strong> \u00e0 L\u2019Exploratoire, un atelier sensibilisation \u00ab cyber \u00bb r\u00e9unira le r\u00e9seau des Femmes chefs d\u2019entreprise 35 et la CPME 35. Le <strong>16 octobre<\/strong>, la CyberPlace accueillera un \u00e9v\u00e9nement exceptionnel c\u00e9l\u00e9brant les <strong>20 ans de la norme ISO 27001<\/strong>, r\u00e9f\u00e9rence mondiale de la s\u00e9curit\u00e9 de l\u2019information.<\/p>\n<p>Un mois pour agir collectivement<\/p>\n<p>Dans une m\u00e9tropole o\u00f9 l\u2019\u00e9cosyst\u00e8me num\u00e9rique est dynamique, le Cybermois vise \u00e0 f\u00e9d\u00e9rer citoyens, institutions, entreprises et acteurs de la formation autour d\u2019un enjeu commun : la <strong>confiance num\u00e9rique<\/strong>. Une d\u00e9marche participative et ludique, mais surtout essentielle \u00e0 l\u2019heure o\u00f9 les menaces en ligne se multiplient.<\/p>\n<p>Cybermois 2025 \u00e0 Rennes M\u00e9tropole : quelques dates \u00e0 retenir d\u00e8s \u00e0 pr\u00e9sent !<\/p>\n<p>Ateliers de sensibilisation aux bonnes pratiques en s\u00e9curit\u00e9 num\u00e9rique<br \/>Gratuits, ouverts \u00e0 toutes et tous<\/p>\n<p><strong>9 octobre \u2013 13h30 \u00e0 18h \u2013 H\u00f4tel de Rennes M\u00e9tropole<\/strong><br \/>2e \u00e9dition \u201cMa confiance dans le num\u00e9rique\u201d \u2013 Apprenez \u00e0 d\u00e9jouer les arnaques et \u00e0 prot\u00e9ger vos donn\u00e9es. \u00c9v\u00e9nement ouvert \u00e0 tous avec de nombreux ateliers anim\u00e9s par les conseillers num\u00e9riques de Rennes M\u00e9tropole. <a href=\"https:\/\/www.linscription.com\/pro\/activite.php?P1=223272&amp;P2=0&amp;P3=0&amp;P4=auto\" target=\"_blank\" rel=\"nofollow noopener\">\u2192 S\u2019inscrire ici<\/a><\/p>\n<ul class=\"wp-block-list\">\n<li><strong>15h\u201316h<\/strong> : Atelier \u00ab Accompagner son enfant dans l\u2019usage de son t\u00e9l\u00e9phone \u00bb <a href=\"https:\/\/inscription.orange.fr\/ateliersnumeriques\/accompagner-son-enfant-atelier-en-physique\" target=\"_blank\" rel=\"nofollow noopener\">Inscription Orange<\/a><\/li>\n<li><strong>16h\u201317h<\/strong> : Atelier \u00ab Mieux comprendre la vie num\u00e9rique des ados \u00bb <a href=\"https:\/\/inscription.orange.fr\/ateliersnumeriques\/mieux-comprendre-atelier-en-physique\" target=\"_blank\" rel=\"nofollow noopener\">Inscription Orange<\/a><\/li>\n<\/ul>\n<p><strong>Ateliers Orange (Cesson-S\u00e9vign\u00e9, 4 rue du Clos Courtel \u2013 m\u00e9tro Atalante)<\/strong><br \/>S\u00e9ances d\u20191h ouvertes \u00e0 tous sur inscription :<\/p>\n<ul class=\"wp-block-list\">\n<li>S\u00e9curiser ses donn\u00e9es personnelles : 9\/10 et 21\/10 \u2013 16h \u00e0 17h <a href=\"https:\/\/inscription.orange.fr\/ateliersnumeriques\/securiser-ses-donnees-personnelles-atelier-en-physique\" target=\"_blank\" rel=\"nofollow noopener\">S\u2019inscrire<\/a><\/li>\n<li>S\u00e9curiser son smartphone : 16\/10 \u2013 11h \u00e0 12h et 23\/10 \u2013 16h \u00e0 17h <a href=\"https:\/\/inscription.orange.fr\/ateliersnumeriques\/securiser-son-smartphone-atelier-en-physique\" target=\"_blank\" rel=\"nofollow noopener\">S\u2019inscrire<\/a><\/li>\n<li>\u00c9viter les arnaques en ligne : 9\/10 \u2013 11h \u00e0 12h et 21\/10 \u2013 9h30 \u00e0 10h30 <a href=\"https:\/\/inscription.orange.fr\/ateliersnumeriques\/eviter-les-arnaques-en-ligne-atelier-en-physique\" target=\"_blank\" rel=\"nofollow noopener\">S\u2019inscrire<\/a><\/li>\n<\/ul>\n<p><strong>14 et 17 octobre \u2013 15h30 \u00e0 18h<\/strong><br \/>Stations de m\u00e9tro R\u00e9publique et Gare (avec Keolis) \u2192 Atelier sur les bonnes pratiques en mode nomade \u2013 sans inscription, ouvert \u00e0 tous.<\/p>\n<p><strong>15 octobre \u2013 14h \u2013 Espace France Services, Saint-M\u00e9en-le-Grand<\/strong><br \/>Atelier \u00ab Reconna\u00eetre les risques sur Internet \u00bb (15 \u00e0 18 places) Inscription : <a href=\"https:\/\/unidivers.fr\/rennes-cybermois-securite-numerique\/mailto:lucas.guillet@stmeen-montauban.fr\" rel=\"nofollow noopener\" target=\"_blank\">lucas.guillet@stmeen-montauban.fr<\/a><\/p>\n<p>Calendrier des ateliers Cybermois dans la m\u00e9tropole rennaise<\/p>\n<ul class=\"wp-block-list\">\n<li><strong>1er oct.<\/strong> \u2013 14h-16h : Les arnaques en ligne \u2013 CCAS Bruz \u2013 02 99 57 12 47<\/li>\n<li><strong>4 oct.<\/strong> \u2013 10h-12h : Intelligence artificielle \u2013 M\u00e9diath\u00e8que Betton \u2013 02 23 27 41 02<\/li>\n<li><strong>8 oct.<\/strong> \u2013 10h-12h : Les arnaques en ligne \u2013 Mairie La Chapelle-Thouarault \u2013 02 99 07 61 41<\/li>\n<li><strong>9 oct.<\/strong> \u2013 10h-12h : Cybers\u00e9curit\u00e9 \u2013 PAE Betton \u2013 02 99 55 10 10<\/li>\n<li><strong>9 oct.<\/strong> \u2013 14h-16h : Arnaques \/ Donn\u00e9es personnelles \u2013 Mairie Acign\u00e9 \u2013 02 99 04 30 00<\/li>\n<li><strong>10 oct.<\/strong> \u2013 14h-16h : Les arnaques en ligne \u2013 M\u00e9diath\u00e8que Le Rheu \u2013 02 23 42 39 60<\/li>\n<li><strong>14 oct.<\/strong> \u2013 18h-20h : Table ronde Arnaques en ligne (avec un gendarme) \u2013 Vern-sur-Seiche \u2013 02 99 62 86 96<\/li>\n<li><strong>17 oct.<\/strong> \u2013 14h-16h : Les arnaques en ligne \u2013 Vern-sur-Seiche \u2013 02 99 62 86 96<\/li>\n<li><strong>18 oct.<\/strong> \u2013 10h-12h : Les arnaques \u00e0 l\u2019intelligence artificielle \u2013 Vern-sur-Seiche \u2013 02 99 62 86 96<\/li>\n<li><strong>23 oct.<\/strong> \u2013 10h-12h : Les arnaques en ligne \u2013 Mairie Le Verger \u2013 02 99 07 92 15<\/li>\n<li><strong>29 oct.<\/strong> \u2013 14h-16h : Les arnaques en ligne \u2013 Mairie Cintr\u00e9 \u2013 02 99 64 16 31<\/li>\n<li><strong>30 oct.<\/strong> \u2013 14h-16h : Les arnaques en ligne \u2013 Mairie Mordelles \u2013 02 99 85 13 85<\/li>\n<li><strong>31 oct.<\/strong> \u2013 14h-16h : Les arnaques en ligne \u2013 M\u00e9diath\u00e8que L\u2019Hermitage \u2013 02 99 64 01 86<\/li>\n<\/ul>\n<p>\u00c9v\u00e9nements m\u00e9tiers, formations et emplois<\/p>\n<ul class=\"wp-block-list\">\n<li><strong>10 octobre<\/strong> \u2013 12h-13h30 : Webinaire APEC \u2013 Panorama des emplois et comp\u00e9tences en cybers\u00e9curit\u00e9. Employeurs invit\u00e9s : DGA-MI, Glimps, Secure-IC, Thales, Whallix. Infos : <a href=\"https:\/\/unidivers.fr\/rennes-cybermois-securite-numerique\/mailto:bretagne-cadre@apec.fr\" rel=\"nofollow noopener\" target=\"_blank\">bretagne-cadre@apec.fr<\/a><\/li>\n<li><strong>21 octobre<\/strong> \u2013 15h-19h30 : Forum \u201cConstruisez votre avenir dans la cybers\u00e9curit\u00e9\u201d \u2013 Le Poool CyberPlace, Cesson-S\u00e9vign\u00e9 (m\u00e9tro B ViaSilva). Avec escape game, mini-conf\u00e9rences, stands entreprises et formations. <a href=\"https:\/\/www.linscription.com\/pro\/activite-223277\" target=\"_blank\" rel=\"nofollow noopener\">\u2192 S\u2019inscrire ici<\/a><\/li>\n<li><strong>30 octobre<\/strong> \u2013 10h-13h : Panorama des m\u00e9tiers du num\u00e9rique \u2013 L\u2019Exploratoire (4 cours des Alli\u00e9s, m\u00e9tro Charles-de-Gaulle). <a href=\"https:\/\/www.exploratoire.com\/l-exploratoire\/\" target=\"_blank\" rel=\"nofollow noopener\">\u2192 Inscription sur exploratoire.com<\/a><\/li>\n<\/ul>\n<p>Ateliers r\u00e9serv\u00e9s aux professionnel\u00b7le\u00b7s<\/p>\n<ul class=\"wp-block-list\">\n<li><strong>7 octobre<\/strong> \u2013 18h30-20h : Atelier sensibilisation \u201ccyber\u201d \u2013 L\u2019Exploratoire, m\u00e9tro Charles-de-Gaulle. Destin\u00e9 au r\u00e9seau des Femmes Chefs d\u2019Entreprises 35 et aux adh\u00e9rents CPME 35. <a href=\"https:\/\/forms.office.com\/e\/1UswJ1STkf\" target=\"_blank\" rel=\"nofollow noopener\">\u2192 Inscription obligatoire<\/a><\/li>\n<li><strong>16 octobre<\/strong> \u2013 17h30-21h : \u00c9v\u00e9nement \u201cISO 27001 : 20 ans d\u00e9j\u00e0 !\u201d \u2013 CyberPlace, Cesson-S\u00e9vign\u00e9. Ouvert \u00e0 tous les niveaux : consultants, auditeurs, impl\u00e9menteurs ou curieux. <a href=\"https:\/\/www.club-27001.fr\/page\/3490555-anniversaire-des-20-ans\" target=\"_blank\" rel=\"nofollow noopener\">\u2192 Inscription sur club-27001.fr<\/a><\/li>\n<li\/>\n<\/ul>\n<p>\u00c9v\u00e9nements initi\u00e9s par Rennes M\u00e9tropole et le Club Cybermois, en partenariat avec We Ker et Cybermyne.<\/p>\n<p>Retrouvez l\u2019int\u00e9gralit\u00e9 du programme sur le site de l\u2019Exploratoire : <a href=\"https:\/\/www.exploratoire.com\/fr\/l-exploratoire\/programmationactualites\/cyber-mois-2025\/\" target=\"_blank\" rel=\"nofollow noopener\">exploratoire.com\/cyber-mois-2025<\/a><\/p>\n","protected":false},"excerpt":{"rendered":"Jeudi 9 octobre 2025, Rennes M\u00e9tropole donne le coup d\u2019envoi de la 3e \u00e9dition du Cybermois, une campagne&hellip;\n","protected":false},"author":2,"featured_media":445532,"comment_status":"","ping_status":"","sticky":false,"template":"","format":"standard","meta":{"footnotes":""},"categories":[2821],"tags":[1111,11,829,1777,674,1011,27,12,584,25],"class_list":{"0":"post-445531","1":"post","2":"type-post","3":"status-publish","4":"format-standard","5":"has-post-thumbnail","7":"category-rennes","8":"tag-actu","9":"tag-actualites","10":"tag-bretagne","11":"tag-eu","12":"tag-europe","13":"tag-fr","14":"tag-france","15":"tag-news","16":"tag-rennes","17":"tag-republique-francaise"},"share_on_mastodon":{"url":"https:\/\/pubeurope.com\/@fr\/115334056115030241","error":""},"_links":{"self":[{"href":"https:\/\/www.europesays.com\/fr\/wp-json\/wp\/v2\/posts\/445531","targetHints":{"allow":["GET"]}}],"collection":[{"href":"https:\/\/www.europesays.com\/fr\/wp-json\/wp\/v2\/posts"}],"about":[{"href":"https:\/\/www.europesays.com\/fr\/wp-json\/wp\/v2\/types\/post"}],"author":[{"embeddable":true,"href":"https:\/\/www.europesays.com\/fr\/wp-json\/wp\/v2\/users\/2"}],"replies":[{"embeddable":true,"href":"https:\/\/www.europesays.com\/fr\/wp-json\/wp\/v2\/comments?post=445531"}],"version-history":[{"count":0,"href":"https:\/\/www.europesays.com\/fr\/wp-json\/wp\/v2\/posts\/445531\/revisions"}],"wp:featuredmedia":[{"embeddable":true,"href":"https:\/\/www.europesays.com\/fr\/wp-json\/wp\/v2\/media\/445532"}],"wp:attachment":[{"href":"https:\/\/www.europesays.com\/fr\/wp-json\/wp\/v2\/media?parent=445531"}],"wp:term":[{"taxonomy":"category","embeddable":true,"href":"https:\/\/www.europesays.com\/fr\/wp-json\/wp\/v2\/categories?post=445531"},{"taxonomy":"post_tag","embeddable":true,"href":"https:\/\/www.europesays.com\/fr\/wp-json\/wp\/v2\/tags?post=445531"}],"curies":[{"name":"wp","href":"https:\/\/api.w.org\/{rel}","templated":true}]}}