{"id":445537,"date":"2025-10-07T17:28:10","date_gmt":"2025-10-07T17:28:10","guid":{"rendered":"https:\/\/www.europesays.com\/fr\/445537\/"},"modified":"2025-10-07T17:28:10","modified_gmt":"2025-10-07T17:28:10","slug":"le-top-10-version-cote-dazur-des-choses-qui-durent-plus-longtemps-que-le-gouvernement-lecornu","status":"publish","type":"post","link":"https:\/\/www.europesays.com\/fr\/445537\/","title":{"rendered":"Le top 10\u00a0version C\u00f4te d\u2019Azur des choses qui durent plus longtemps que le gouvernement Lecornu"},"content":{"rendered":"<p class=\"fs-5 \">Difficile de battre la bri\u00e8vet\u00e9 d\u2019un gouvernement ayant tenu 14\u00a0heures, <a href=\"https:\/\/www.nicematin.com\/societe\/politique\/demission-de-sebastien-lecornu-le-rn-appelle-emmanuel-macron-a-dissoudre-l-assemblee-suivez-les-dernieres-informations-en-direct-10651065\" rel=\"nofollow noopener\" target=\"_blank\">\u00e0 l\u2019image de celui de S\u00e9bastien Lecornu<\/a>, Premier ministre d\u00e9missionnaire.<\/p>\n<p class=\"fs-5 \"><a href=\"https:\/\/www.facebook.com\/lesechos\/photos\/%EF%B8%8F-s%C3%A9bastien-lecornu-devient-officiellement-le-premier-ministre-le-plus-%C3%A9ph%C3%A9m%C3%A8re-\/1235034228665338\/\" target=\"_blank\" rel=\"nofollow noopener\">Sur une id\u00e9e des \u00c9chos<\/a>, qui a sorti le lundi 6\u00a0octobre une jolie infographie des Dix choses qui durent plus longtemps que le gouvernement Lecornu, Nice-Matin a d\u00e9clin\u00e9 en article une version C\u00f4te d\u2019Azur de ce petit graphique l\u00e9g\u00e8rement moqueur.<\/p>\n<p class=\"fs-5 \">Dans les Alpes-Maritimes et le Var, certains \u00e9v\u00e9nements, records locaux ou exp\u00e9riences typiques durent largement plus longtemps. Petit tour d\u2019horizon&#8230;<\/p>\n<p>                                                                                Carnaval, randonn\u00e9e, vagues de chaleur&#8230;<\/p>\n<p class=\"fs-5 \">&#8211; <a href=\"https:\/\/www.youtube.com\/watch?v=d0xEDHKhGDw\" target=\"_blank\" rel=\"nofollow noopener\">Le Carnaval de Nice<\/a>\u00a0: entre l\u2019ouverture et la cl\u00f4ture, ce sont <strong>plus de 15 jours<\/strong> de festivit\u00e9s, d\u00e9fil\u00e9s et soir\u00e9es. C\u2019est deux fois moins que S\u00e9bastien Lecornu, avec ses 27\u00a0jours de pr\u00e9sence \u00e0 Matignon (il avait \u00e9t\u00e9 nomm\u00e9 le 9\u00a0septembre), mais <strong>26\u00a0fois plus long<\/strong> que ce gouvernement \u00e9ph\u00e9m\u00e8re.<\/p>\n<p class=\"fs-5 \">&#8211; L\u2019attente d\u2019une place de parking \u00e0 Saint-Tropez en plein \u00e9t\u00e9\u00a0: <a href=\"https:\/\/www.nicematin.com\/societe\/transports\/le-parking-de-saint-tropez-va-se-doter-d-un-systeme-innovant-d-ici-cet-ete-829323\" rel=\"nofollow noopener\" target=\"_blank\">parfois <strong>plus de 16 heures<\/strong> <\/a>cumul\u00e9es sur la semaine, pour un spot r\u00eav\u00e9 face au port. Rester coinc\u00e9 dans sa voiture <strong>plus longtemps que la dur\u00e9e de vie du gouvernement<\/strong> fran\u00e7ais, une certaine id\u00e9e de l\u2019enfer&#8230;<\/p>\n<p class=\"fs-5 \">&#8211; Les nuits tropicales cons\u00e9cutives de l\u2019\u00e9t\u00e9 2025 \u00e0 Nice\u00a0: <a href=\"https:\/\/www.nicematin.com\/meteo\/record-du-nombre-de-nuits-tropicales-a-nice-plus-de-40-degres-dans-le-sud-meteo-france-fait-le-bilan-de-la-canicule-et-qualifie-l-ete-2025-comme-un-episode-exceptionnel-998846\" rel=\"nofollow noopener\" target=\"_blank\"><strong>onze nuits d\u2019affil\u00e9e<\/strong> sans temp\u00e9rature sous les 20\u202f\u00b0C <\/a>\u2014 soit <strong>264 heures de chaleur<\/strong> nocturne non-stop. Pendant ce laps de temps, le Premier ministre d\u00e9missionnaire aurait pu former <strong>quasiment 19\u00a0gouvernements,<\/strong> avant de d\u00e9missionner autant de fois.<\/p>\n<p class=\"fs-5 \">&#8211; Les <a href=\"https:\/\/www.nicematin.com\/meteo\/canicule-ou-en-est-on-par-rapport-a-l-episode-historique-de-2003-dans-le-var-et-les-alpes-maritimes-997765\" rel=\"nofollow noopener\" target=\"_blank\">27 jours de canicule cumul\u00e9s ce m\u00eame \u00e9t\u00e9<\/a> dans tout le d\u00e9partement\u00a0: <strong>plus de 648 heures de vigilance chaleur<\/strong> pour les habitants et vacanciers. Soit le nombre exact de jours de pr\u00e9sence de Lecornu \u00e0 son poste.<\/p>\n<p class=\"fs-5 \">&#8211; <a href=\"https:\/\/www.nicematin.com\/culture\/theatre\/trois-spots-pour-s-evader-le-temps-d-un-bivouac-dans-la-region-nicoise-993151\" rel=\"nofollow noopener\" target=\"_blank\">Une randonn\u00e9e de deux jours dans le Mercantour<\/a>, bivouac inclus\u00a0: <strong>48 heures d\u2019immersion nature <\/strong>pour atteindre les lacs de Vens ou la cime du G\u00e9las. Bon plan\u00a0: sans r\u00e9seau, vous n\u2019auriez jamais su que<strong> <\/strong><a href=\"https:\/\/www.nicematin.com\/societe\/crise-politique-quel-impact-dans-votre-vie-quotidienne-racontez-nous-10651323\" rel=\"nofollow noopener\" target=\"_blank\"><strong>la crise politique fran\u00e7aise<\/strong> la plus grave<\/a> de notre histoire contemporaine se poursuivait.<\/p>\n<p>                                                                                Retour avort\u00e9 pour Bruno Le Maire<\/p>\n<p class=\"fs-5 \">&#8211; La traditionnelle <a href=\"https:\/\/www.nicematin.com\/loisirs\/festivites\/fetedescitrons\/\" rel=\"nofollow noopener\" target=\"_blank\">F\u00eate du citron \u00e0 Menton<\/a>\u00a0: trois week-ends de corsos et d\u2019expositions, <strong>soit 18 jours de c\u00e9l\u00e9brations. <\/strong>C\u2019est deux week-ends de plus que le retour avort\u00e9 de Bruno Le Maire.<\/p>\n<p class=\"fs-5 \">&#8211; Un s\u00e9jour d\u2019exploration des \u00eeles de L\u00e9rins, avec nuit\u00e9e sur l\u2019\u00eele Saint-Honorat\u00a0: <strong>24 heures hors du monde<\/strong>, sans voiture ni bruit, juste la M\u00e9diterran\u00e9e. Une digital detox id\u00e9ale pour louper l\u2019arriv\u00e9e et le d\u00e9part express des petits nouveaux, Roland Lescure, \u00c9ric Woerth, Na\u00efma Moutchou, Marina Ferrari et Mathieu Lef\u00e8vre. Par ailleurs, ces derniers <a href=\"https:\/\/www.nicematin.com\/societe\/politique\/gouvernement-lecornu-les-ministres-qui-sont-restes-14-heures-en-poste-vont-ils-toucher-des-indemnites-10651334\" rel=\"nofollow noopener\" target=\"_blank\">ne toucheront pas leurs indemnit\u00e9s<\/a> de 28.000\u00a0euros.<\/p>\n<p class=\"fs-5 \">&#8211; <a href=\"https:\/\/www.nicematin.com\/societe\/politique\/vacances-au-fort-de-bregancon-emmanuel-et-brigitte-macron-sont-arrives-dans-le-var-995878\" rel=\"nofollow noopener\" target=\"_blank\">Les vacances estivales d\u2019Emmanuel et Brigitte Macron<\/a> au fort de Br\u00e9gan\u00e7on saison 2025\u00a0: <strong>trois belles semaines<\/strong> dans ce joyau du Var, o\u00f9 le pr\u00e9sident aimerait \u00e0 coup s\u00fbr se cacher en ce moment.<\/p>\n<p class=\"fs-5 \">&#8211; <a href=\"https:\/\/www.nicematin.com\/loisirs\/festivites\/\" rel=\"nofollow noopener\" target=\"_blank\">Les traditionnelles f\u00eates patronales<\/a> (Bravade \u00e0 Saint-Tropez, f\u00eate de la Saint-Pierre \u00e0 Nice)\u00a0: sur 2 \u00e0 7 jours chacune, elles rythment les agendas estivaux varois et ni\u00e7ois avec une r\u00e9gularit\u00e9 de m\u00e9tronome.<\/p>\n<p class=\"fs-5 \">&#8211; La vie du groupe Nice-Matin, <a href=\"https:\/\/www.nicematin.com\/culture\/1945-2025-nice-matin-celebre-ses-80-ans-971907\" rel=\"nofollow noopener\" target=\"_blank\">qui f\u00eate cette ann\u00e9e ses <strong>80\u00a0ans.<\/strong><\/a><strong> <\/strong>C\u2019est 13\u00a0ans de plus que la Ve R\u00e9publique.<\/p>\n","protected":false},"excerpt":{"rendered":"Difficile de battre la bri\u00e8vet\u00e9 d\u2019un gouvernement ayant tenu 14\u00a0heures, \u00e0 l\u2019image de celui de S\u00e9bastien Lecornu, Premier&hellip;\n","protected":false},"author":2,"featured_media":445538,"comment_status":"","ping_status":"","sticky":false,"template":"","format":"standard","meta":{"footnotes":""},"categories":[2819],"tags":[1111,11,1777,674,1011,27,12,2401,882,25],"class_list":{"0":"post-445537","1":"post","2":"type-post","3":"status-publish","4":"format-standard","5":"has-post-thumbnail","7":"category-nice","8":"tag-actu","9":"tag-actualites","10":"tag-eu","11":"tag-europe","12":"tag-fr","13":"tag-france","14":"tag-news","15":"tag-nice","16":"tag-provence-alpes-cote-dazur","17":"tag-republique-francaise"},"share_on_mastodon":{"url":"https:\/\/pubeurope.com\/@fr\/115334067258133954","error":""},"_links":{"self":[{"href":"https:\/\/www.europesays.com\/fr\/wp-json\/wp\/v2\/posts\/445537","targetHints":{"allow":["GET"]}}],"collection":[{"href":"https:\/\/www.europesays.com\/fr\/wp-json\/wp\/v2\/posts"}],"about":[{"href":"https:\/\/www.europesays.com\/fr\/wp-json\/wp\/v2\/types\/post"}],"author":[{"embeddable":true,"href":"https:\/\/www.europesays.com\/fr\/wp-json\/wp\/v2\/users\/2"}],"replies":[{"embeddable":true,"href":"https:\/\/www.europesays.com\/fr\/wp-json\/wp\/v2\/comments?post=445537"}],"version-history":[{"count":0,"href":"https:\/\/www.europesays.com\/fr\/wp-json\/wp\/v2\/posts\/445537\/revisions"}],"wp:featuredmedia":[{"embeddable":true,"href":"https:\/\/www.europesays.com\/fr\/wp-json\/wp\/v2\/media\/445538"}],"wp:attachment":[{"href":"https:\/\/www.europesays.com\/fr\/wp-json\/wp\/v2\/media?parent=445537"}],"wp:term":[{"taxonomy":"category","embeddable":true,"href":"https:\/\/www.europesays.com\/fr\/wp-json\/wp\/v2\/categories?post=445537"},{"taxonomy":"post_tag","embeddable":true,"href":"https:\/\/www.europesays.com\/fr\/wp-json\/wp\/v2\/tags?post=445537"}],"curies":[{"name":"wp","href":"https:\/\/api.w.org\/{rel}","templated":true}]}}