{"id":445543,"date":"2025-10-07T17:32:18","date_gmt":"2025-10-07T17:32:18","guid":{"rendered":"https:\/\/www.europesays.com\/fr\/445543\/"},"modified":"2025-10-07T17:32:18","modified_gmt":"2025-10-07T17:32:18","slug":"un-adolescent-poignarde-pour-avoir-resiste-au-vol-de-son-portable","status":"publish","type":"post","link":"https:\/\/www.europesays.com\/fr\/445543\/","title":{"rendered":"un adolescent poignard\u00e9 pour avoir r\u00e9sist\u00e9 au vol de son portable"},"content":{"rendered":"<p>Un jeune de 16 ans qui cherchait \u00e0 prot\u00e9ger son appareil a \u00e9t\u00e9 bless\u00e9, lundi, apr\u00e8s avoir re\u00e7u plusieurs coups de couteau. Ses jours ne sont pas en danger.<\/p>\n<p class=\"fig-paragraph\">L\u2019agression a \u00e9t\u00e9 aussi rapide que violente. Lundi 6 octobre, aux alentours de 12h30, un adolescent \u00e2g\u00e9 de 16 ans a \u00e9t\u00e9 pris \u00e0 partie par plusieurs individus\u00a0<a href=\"http:\/\/www.lefigaro.fr\/vox\/societe\/alain-bauer-couteaux-battes-de-baseball-machettes-le-grand-retour-des-attaques-a-l-arme-blanche-en-france-20240527\" target=\"_blank\" data-fig-type=\"Article\" rel=\"noopener nofollow\" data-gtm-custom-categorie=\"navigation\" data-gtm-custom-action=\"crossclick\" data-gtm-custom-label=\"Contextuel\" data-gtm-event=\"customEventSPE\" data-fig-domain=\"LEFIGARO\">et poignard\u00e9<\/a>\u00a0\u00e0 l\u2019int\u00e9rieur d\u2019un bus public, sur l\u2019\u00eele\u00a0<a href=\"https:\/\/www.lefigaro.fr\/nantes\" target=\"_blank\" data-fig-type=\"Section\" rel=\"sponsored noopener nofollow\" data-gtm-custom-categorie=\"navigation\" data-gtm-custom-action=\"crossclick\" data-gtm-custom-label=\"Contextuel\" data-gtm-event=\"customEventSPE\" data-fig-domain=\"LEFIGARO\">de Nantes<\/a>\u00a0(Loire-Atlantique). Ses agresseurs, dont le nombre pr\u00e9cis n\u2019a pas encore \u00e9t\u00e9 clairement d\u00e9termin\u00e9, cherchaient \u00e0 s\u2019emparer du t\u00e9l\u00e9phone portable du jeune homme.<\/p>\n<p class=\"fig-paragraph\">La Semitan &#8211; l\u2019op\u00e9rateur des transports en commun de Nantes M\u00e9tropole &#8211; confirme mardi cet incident entre passagers. Le v\u00e9hicule th\u00e9\u00e2tre de l\u2019agression a \u00e9t\u00e9 immobilis\u00e9 deux heures apr\u00e8s les faits, afin de permettre \u00e0 la police judiciaire de proc\u00e9der \u00e0 des pr\u00e9l\u00e8vements, ont constat\u00e9 lundi nos confr\u00e8res\u00a0<a href=\"https:\/\/actu.fr\/pays-de-la-loire\/nantes_44109\/coup-de-couteau-donne-dans-un-bus-a-nantes-un-adolescent-de-16-ans-blesse_63263944.html\" target=\"_blank\" rel=\"sponsored noopener nofollow\" data-gtm-custom-categorie=\"navigation\" data-gtm-custom-action=\"crossclick\" data-gtm-custom-label=\"Contextuel\" data-gtm-event=\"customEventSPE\">d\u2019Actu.fr<\/a>. Les images des cam\u00e9ras du bus devraient \u00e9galement \u00eatre examin\u00e9es par les enqu\u00eateurs. Mardi en milieu d\u2019apr\u00e8s-midi, les agresseurs \u00e9taient toujours activement recherch\u00e9s par les forces de l\u2019ordre.<\/p>\n<p>                                    <a class=\"fig-a11y-skip a11y-hidden\" href=\"#fig-a11y-skip-main-inarticle\"><br \/>\n        Passer la publicit\u00e9<br \/>\n    <\/a><\/p>\n<p class=\"fig-paragraph\">D\u2019apr\u00e8s le quotidien local\u00a0<a href=\"https:\/\/www.ouest-france.fr\/faits-divers\/agression\/un-adolescent-victime-de-plusieurs-coups-de-couteau-dans-un-bus-a-nantes-5503540e-a364-11f0-be69-69357557951a\" target=\"_blank\" rel=\"sponsored noopener nofollow\" data-gtm-custom-categorie=\"navigation\" data-gtm-custom-action=\"crossclick\" data-gtm-custom-label=\"Contextuel\" data-gtm-event=\"customEventSPE\">Ouest France<\/a>, l\u2019adolescent victime de coups de couteau aurait \u00e9t\u00e9 touch\u00e9 au niveau des bras, des jambes et du dos. Son pronostic vital ne serait pas engag\u00e9. \u00abLes d\u00e9linquants semblent de plus en plus fr\u00e9quemment arm\u00e9s \u00e0 l\u2019int\u00e9rieur des transports en commun. On peut aussi supposer que le climat politique particuli\u00e8rement instable encourage ces petites frappes\u00bb, commente pour Le Figaro une source syndicale de la Semitan.<\/p>\n","protected":false},"excerpt":{"rendered":"Un jeune de 16 ans qui cherchait \u00e0 prot\u00e9ger son appareil a \u00e9t\u00e9 bless\u00e9, lundi, apr\u00e8s avoir re\u00e7u&hellip;\n","protected":false},"author":2,"featured_media":445544,"comment_status":"","ping_status":"","sticky":false,"template":"","format":"standard","meta":{"footnotes":""},"categories":[2818],"tags":[1111,11,1120,1777,674,1011,27,766,12,2636,25,1175],"class_list":{"0":"post-445543","1":"post","2":"type-post","3":"status-publish","4":"format-standard","5":"has-post-thumbnail","7":"category-nantes","8":"tag-actu","9":"tag-actualites","10":"tag-agression","11":"tag-eu","12":"tag-europe","13":"tag-fr","14":"tag-france","15":"tag-nantes","16":"tag-news","17":"tag-pays-de-la-loire","18":"tag-republique-francaise","19":"tag-vol"},"share_on_mastodon":{"url":"https:\/\/pubeurope.com\/@fr\/115334083123133369","error":""},"_links":{"self":[{"href":"https:\/\/www.europesays.com\/fr\/wp-json\/wp\/v2\/posts\/445543","targetHints":{"allow":["GET"]}}],"collection":[{"href":"https:\/\/www.europesays.com\/fr\/wp-json\/wp\/v2\/posts"}],"about":[{"href":"https:\/\/www.europesays.com\/fr\/wp-json\/wp\/v2\/types\/post"}],"author":[{"embeddable":true,"href":"https:\/\/www.europesays.com\/fr\/wp-json\/wp\/v2\/users\/2"}],"replies":[{"embeddable":true,"href":"https:\/\/www.europesays.com\/fr\/wp-json\/wp\/v2\/comments?post=445543"}],"version-history":[{"count":0,"href":"https:\/\/www.europesays.com\/fr\/wp-json\/wp\/v2\/posts\/445543\/revisions"}],"wp:featuredmedia":[{"embeddable":true,"href":"https:\/\/www.europesays.com\/fr\/wp-json\/wp\/v2\/media\/445544"}],"wp:attachment":[{"href":"https:\/\/www.europesays.com\/fr\/wp-json\/wp\/v2\/media?parent=445543"}],"wp:term":[{"taxonomy":"category","embeddable":true,"href":"https:\/\/www.europesays.com\/fr\/wp-json\/wp\/v2\/categories?post=445543"},{"taxonomy":"post_tag","embeddable":true,"href":"https:\/\/www.europesays.com\/fr\/wp-json\/wp\/v2\/tags?post=445543"}],"curies":[{"name":"wp","href":"https:\/\/api.w.org\/{rel}","templated":true}]}}