{"id":445549,"date":"2025-10-07T17:35:11","date_gmt":"2025-10-07T17:35:11","guid":{"rendered":"https:\/\/www.europesays.com\/fr\/445549\/"},"modified":"2025-10-07T17:35:11","modified_gmt":"2025-10-07T17:35:11","slug":"la-galerie-art-revise-ses-mathematiques-avec-lartiste-toulousain-jean-pierre-gilly","status":"publish","type":"post","link":"https:\/\/www.europesays.com\/fr\/445549\/","title":{"rendered":"La galerie Art +\u00a0r\u00e9vise ses math\u00e9matiques avec l\u2019artiste toulousain Jean-Pierre Gilly"},"content":{"rendered":"<p data-end=\"1508\" data-start=\"48\">La rentr\u00e9e scolaire est d\u00e9j\u00e0 derri\u00e8re nous, mais la galerie des Carmes continue de r\u00e9viser ses math\u00e9matiques avec une exposition qui fait la part belle aux formes g\u00e9om\u00e9triques. Jean-Pierre Gilly, l\u2019artiste toulousain \u00e0 qui l\u2019association Art +\u00a0consacre ses locaux jusqu\u2019\u00e0 la Toussaint, emprunte les chemins de la peinture abstraite, mais n\u2019en oublie pas pour autant ses racines cart\u00e9siennes. Ce Marseillais d\u2019origine, depuis longtemps converti \u00e0 l\u2019art de vivre de la ville rose et \u00e0 sa religion ovale rouge et noire, a d\u2019abord eu une riche carri\u00e8re universitaire qui l\u2019a conduit ensuite \u00e0 enseigner l\u2019\u00e9conomie \u00e0 la facult\u00e9 du Capitole (Toulouse 1). Totalement focalis\u00e9 sur la peinture depuis une dizaine d\u2019ann\u00e9es, inspir\u00e9 par Pieter De Hooch, Barnett Newlan ou Matisse, Gilly aime jouer sur la dualit\u00e9 entre le caract\u00e8re imaginatif du fond de ses toiles, \u00e9voquant souvent une fen\u00eatre sur le monde, que viennent ensuite consteller des carr\u00e9s ou des rectangles de couleurs d\u2019une froide rigueur g\u00e9om\u00e9trique. L\u2019ensemble donne un m\u00e9lange saisissant, po\u00e9tique et r\u00e9solument original.<br data-end=\"1127\" data-start=\"1124\"\/><br \/>\nApr\u00e8s s\u2019\u00eatre expatri\u00e9es au sein du Carmel, les conf\u00e9rences r\u00e9investissent la rue des Carmes avec le th\u00e8me des \u00ab\u00a0images du temps\u00a0\u00bb, qui sera dirig\u00e9 par Antoine Seel le jeudi 16\u00a0octobre \u00e0 18\u00a0h\u00a030 (r\u00e9servation conseill\u00e9e, voir renseignements ci-dessous).<br data-end=\"1377\" data-start=\"1374\"\/><br \/>\nLa s\u00e9ance cin\u00e9ma du mois, qui aura lieu le 28\u00a0octobre \u00e0 20\u00a0h\u00a020 au Rex, sera consacr\u00e9e \u00e0 \u00ab\u00a0Rembrandt\u00a0\u00bb, film r\u00e9cemment sorti en salles.<\/p>\n<p>Exposition \u00ab\u00a0G\u00e9om\u00e9trie de Couleurs\u00a0\u00bb (Jean-Pierre Gilly).\u00a0Jusqu\u2019au 25\u00a0octobre. Entr\u00e9e gratuite.\u00a0Horaires d\u2019ouverture\u00a0: du mardi au vendredi, de 15\u00a0h \u00e0 18\u00a0h, les samedis de 10\u00a0h \u00e0 12\u00a0h\u00a030. En pr\u00e9sence de l\u2019artiste le 11\u00a0octobre. Visite guid\u00e9e \u00e0 14\u00a0h\u00a030.\u00a0Espace Culturel des Carmes, 19, rue des Carmes \u00e0 Pamiers.\u00a0<a data-end=\"1837\" data-start=\"1820\" href=\"http:\/\/www.lescarmes.art\" rel=\"noopener nofollow\" target=\"_new\">www.lescarmes.art<\/a><br data-end=\"1840\" data-start=\"1837\"\/><br \/>\n<a data-end=\"1863\" data-start=\"1840\" rel=\"noopener\">lescarmes.art@gmail.com.\u00a0<\/a>06\u00a098\u00a075\u00a028\u00a047<\/p>\n","protected":false},"excerpt":{"rendered":"La rentr\u00e9e scolaire est d\u00e9j\u00e0 derri\u00e8re nous, mais la galerie des Carmes continue de r\u00e9viser ses math\u00e9matiques avec&hellip;\n","protected":false},"author":2,"featured_media":445550,"comment_status":"","ping_status":"","sticky":false,"template":"","format":"standard","meta":{"footnotes":""},"categories":[2816],"tags":[1111,11,1777,674,1011,27,12,2680,25,2312],"class_list":{"0":"post-445549","1":"post","2":"type-post","3":"status-publish","4":"format-standard","5":"has-post-thumbnail","7":"category-toulouse","8":"tag-actu","9":"tag-actualites","10":"tag-eu","11":"tag-europe","12":"tag-fr","13":"tag-france","14":"tag-news","15":"tag-occitanie","16":"tag-republique-francaise","17":"tag-toulouse"},"share_on_mastodon":{"url":"https:\/\/pubeurope.com\/@fr\/115334094797443586","error":""},"_links":{"self":[{"href":"https:\/\/www.europesays.com\/fr\/wp-json\/wp\/v2\/posts\/445549","targetHints":{"allow":["GET"]}}],"collection":[{"href":"https:\/\/www.europesays.com\/fr\/wp-json\/wp\/v2\/posts"}],"about":[{"href":"https:\/\/www.europesays.com\/fr\/wp-json\/wp\/v2\/types\/post"}],"author":[{"embeddable":true,"href":"https:\/\/www.europesays.com\/fr\/wp-json\/wp\/v2\/users\/2"}],"replies":[{"embeddable":true,"href":"https:\/\/www.europesays.com\/fr\/wp-json\/wp\/v2\/comments?post=445549"}],"version-history":[{"count":0,"href":"https:\/\/www.europesays.com\/fr\/wp-json\/wp\/v2\/posts\/445549\/revisions"}],"wp:featuredmedia":[{"embeddable":true,"href":"https:\/\/www.europesays.com\/fr\/wp-json\/wp\/v2\/media\/445550"}],"wp:attachment":[{"href":"https:\/\/www.europesays.com\/fr\/wp-json\/wp\/v2\/media?parent=445549"}],"wp:term":[{"taxonomy":"category","embeddable":true,"href":"https:\/\/www.europesays.com\/fr\/wp-json\/wp\/v2\/categories?post=445549"},{"taxonomy":"post_tag","embeddable":true,"href":"https:\/\/www.europesays.com\/fr\/wp-json\/wp\/v2\/tags?post=445549"}],"curies":[{"name":"wp","href":"https:\/\/api.w.org\/{rel}","templated":true}]}}