{"id":445560,"date":"2025-10-07T17:41:12","date_gmt":"2025-10-07T17:41:12","guid":{"rendered":"https:\/\/www.europesays.com\/fr\/445560\/"},"modified":"2025-10-07T17:41:12","modified_gmt":"2025-10-07T17:41:12","slug":"rhone-comment-gregory-doucet-tente-de-renouer-avec-la-communaute-juive-de-lyon","status":"publish","type":"post","link":"https:\/\/www.europesays.com\/fr\/445560\/","title":{"rendered":"Rh\u00f4ne. Comment Gr\u00e9gory Doucet tente de renouer avec la communaut\u00e9 juive de Lyon"},"content":{"rendered":"<p>On ne peut pas ne pas le remarquer. <a href=\"https:\/\/www.leprogres.fr\/p\/gregory-doucet\" target=\"_blank\" rel=\"nofollow noopener\">Gr\u00e9gory Doucet<\/a> multiplie les adresses \u00e0 la communaut\u00e9 juive de Lyon. La derni\u00e8re en date, sur ces r\u00e9seaux, intervient ce 7\u00a0octobre, deux ans apr\u00e8s l\u2019attaque du Hamas, pour ne pas oublier les victimes et les otages. Quelques jours plus t\u00f4t, c\u2019\u00e9tait pour d\u00e9noncer l\u2019attentat devant la synagogue \u00e0 Manchester.<\/p>\n<p>Si pour certains, c\u2019est une mani\u00e8re de renforcer une relation marqu\u00e9e par des frictions, d\u2019autres y voient de l\u2019affichage. Depuis deux ans et demi, et l\u2019affaire Salah Hamouri, les relations sont complexes, entre le maire \u00e9cologiste, les instances&#8230;<\/p>\n","protected":false},"excerpt":{"rendered":"On ne peut pas ne pas le remarquer. Gr\u00e9gory Doucet multiplie les adresses \u00e0 la communaut\u00e9 juive de&hellip;\n","protected":false},"author":2,"featured_media":445561,"comment_status":"","ping_status":"","sticky":false,"template":"","format":"standard","meta":{"footnotes":""},"categories":[1889],"tags":[1111,11,2430,2757,4188,1777,674,107,1011,27,2428,2756,12,316,25,2429],"class_list":{"0":"post-445560","1":"post","2":"type-post","3":"status-publish","4":"format-standard","5":"has-post-thumbnail","7":"category-lyon","8":"tag-actu","9":"tag-actualites","10":"tag-auvergne-rhone-alpes","11":"tag-edition-lyon-villeurbanne","12":"tag-elections-municipales","13":"tag-eu","14":"tag-europe","15":"tag-fil-info","16":"tag-fr","17":"tag-france","18":"tag-lyon","19":"tag-lyon-bassin","20":"tag-news","21":"tag-politique","22":"tag-republique-francaise","23":"tag-rhone"},"share_on_mastodon":{"url":"https:\/\/pubeurope.com\/@fr\/115334118366232987","error":""},"_links":{"self":[{"href":"https:\/\/www.europesays.com\/fr\/wp-json\/wp\/v2\/posts\/445560","targetHints":{"allow":["GET"]}}],"collection":[{"href":"https:\/\/www.europesays.com\/fr\/wp-json\/wp\/v2\/posts"}],"about":[{"href":"https:\/\/www.europesays.com\/fr\/wp-json\/wp\/v2\/types\/post"}],"author":[{"embeddable":true,"href":"https:\/\/www.europesays.com\/fr\/wp-json\/wp\/v2\/users\/2"}],"replies":[{"embeddable":true,"href":"https:\/\/www.europesays.com\/fr\/wp-json\/wp\/v2\/comments?post=445560"}],"version-history":[{"count":0,"href":"https:\/\/www.europesays.com\/fr\/wp-json\/wp\/v2\/posts\/445560\/revisions"}],"wp:featuredmedia":[{"embeddable":true,"href":"https:\/\/www.europesays.com\/fr\/wp-json\/wp\/v2\/media\/445561"}],"wp:attachment":[{"href":"https:\/\/www.europesays.com\/fr\/wp-json\/wp\/v2\/media?parent=445560"}],"wp:term":[{"taxonomy":"category","embeddable":true,"href":"https:\/\/www.europesays.com\/fr\/wp-json\/wp\/v2\/categories?post=445560"},{"taxonomy":"post_tag","embeddable":true,"href":"https:\/\/www.europesays.com\/fr\/wp-json\/wp\/v2\/tags?post=445560"}],"curies":[{"name":"wp","href":"https:\/\/api.w.org\/{rel}","templated":true}]}}