{"id":445566,"date":"2025-10-07T17:45:12","date_gmt":"2025-10-07T17:45:12","guid":{"rendered":"https:\/\/www.europesays.com\/fr\/445566\/"},"modified":"2025-10-07T17:45:12","modified_gmt":"2025-10-07T17:45:12","slug":"le-trafic-des-transiliens-interrompu-entre-paris-montparnasse-et-versailles-apres-un-grave-accident","status":"publish","type":"post","link":"https:\/\/www.europesays.com\/fr\/445566\/","title":{"rendered":"le trafic des transiliens interrompu entre Paris Montparnasse et Versailles apr\u00e8s un grave accident"},"content":{"rendered":"<p>            Par<br \/>\n        <strong><br \/>\n            <a href=\"https:\/\/actu.fr\/auteur\/redaction-paris\" title=\"Consulter tous les articles de R\u00e9daction Paris\" rel=\"nofollow noopener\" target=\"_blank\">R\u00e9daction Paris<\/a><br \/>\n        <\/strong><\/p>\n<p>        Publi\u00e9 le<\/p>\n<p>            7 oct. 2025 \u00e0 19h32        <\/p>\n<p>La soir\u00e9e s\u2019annonce compliqu\u00e9e pour les usagers des lignes N et U. La circulation des trains est totalement interrompue, mardi 7\u00a0octobre 2025, entre <a href=\"https:\/\/actu.fr\/tag\/gare-montparnasse\" rel=\"nofollow noopener\" target=\"_blank\"><strong>la gare Montparnasse<\/strong><\/a> \u00e0 Paris et <a href=\"https:\/\/actu.fr\/ile-de-france\/versailles_78646\/versailles-les-habitants-du-quartier-des-chantiers-sont-uses-par-la-delinquance_61008450.html\" rel=\"nofollow noopener\" target=\"_blank\">Versailles Chantiers<\/a> (Yvelines) dans les deux sens de circulation. Selon la <strong><a href=\"https:\/\/actu.fr\/tag\/sncf\" rel=\"nofollow noopener\" target=\"_blank\">SNCF<\/a><\/strong>, \u00ab\u2009un grave accident de personne\u2009\u00bb s\u2019est produit en gare de <strong>Vanves-Malakoff<\/strong> dans les Hauts-de-Seine.<\/p>\n<p>Reprise \u00e0 21\u00a0heures<\/p>\n<p class=\" wall-content\">L\u2019accident s\u2019est produit peu apr\u00e8s 19\u00a0heures. Depuis, plus aucun train ne circule sur l\u2019axe qui relie Paris aux Yvelines. La reprise du trafic est estim\u00e9e \u00e0 21\u00a0heures.<\/p>\n<p class=\" wall-content\">\n<p class=\" wall-content\">Pour trouver un itin\u00e9raire alternatif, la SNCF conseille aux voyageurs\u00a0de se rendre dans la rubrique \u00ab\u2009recherche itin\u00e9raire\u2009\u00bb de leur site d\u2019information voyageur.<\/p>\n<p class=\" wall-content\">Personnalisez votre actualit\u00e9 en ajoutant vos villes et m\u00e9dias en favori avec <a href=\"https:\/\/moncompte.actu.fr\" title=\"D\u00e9couvez Mon Actu\" rel=\"nofollow noopener\" data-trk=\"{&quot;cta&quot;:{&quot;action&quot;:&quot;https:\\\/\\\/moncompte.actu.fr&quot;,&quot;category&quot;:&quot;mon compte&quot;,&quot;from&quot;:&quot;article footer&quot;,&quot;name&quot;:&quot;Mon actu&quot;,&quot;type&quot;:&quot;cta&quot;}}\" target=\"_blank\">Mon Actu<\/a>.<\/p>\n","protected":false},"excerpt":{"rendered":"Par R\u00e9daction Paris Publi\u00e9 le 7 oct. 2025 \u00e0 19h32 La soir\u00e9e s\u2019annonce compliqu\u00e9e pour les usagers des&hellip;\n","protected":false},"author":2,"featured_media":445567,"comment_status":"","ping_status":"","sticky":false,"template":"","format":"standard","meta":{"footnotes":""},"categories":[1888],"tags":[1111,1928,11,1927,1777,674,1011,27,8037,12,1926,626,1925,25,2215,104,12443],"class_list":{"0":"post-445566","1":"post","2":"type-post","3":"status-publish","4":"format-standard","5":"has-post-thumbnail","7":"category-paris","8":"tag-actu","9":"tag-actu-paris","10":"tag-actualites","11":"tag-actualites-paris","12":"tag-eu","13":"tag-europe","14":"tag-fr","15":"tag-france","16":"tag-gare-montparnasse","17":"tag-news","18":"tag-news-paris","19":"tag-paris","20":"tag-paris-news","21":"tag-republique-francaise","22":"tag-sncf","23":"tag-societe","24":"tag-transilien"},"share_on_mastodon":{"url":"https:\/\/pubeurope.com\/@fr\/115334134190769517","error":""},"_links":{"self":[{"href":"https:\/\/www.europesays.com\/fr\/wp-json\/wp\/v2\/posts\/445566","targetHints":{"allow":["GET"]}}],"collection":[{"href":"https:\/\/www.europesays.com\/fr\/wp-json\/wp\/v2\/posts"}],"about":[{"href":"https:\/\/www.europesays.com\/fr\/wp-json\/wp\/v2\/types\/post"}],"author":[{"embeddable":true,"href":"https:\/\/www.europesays.com\/fr\/wp-json\/wp\/v2\/users\/2"}],"replies":[{"embeddable":true,"href":"https:\/\/www.europesays.com\/fr\/wp-json\/wp\/v2\/comments?post=445566"}],"version-history":[{"count":0,"href":"https:\/\/www.europesays.com\/fr\/wp-json\/wp\/v2\/posts\/445566\/revisions"}],"wp:featuredmedia":[{"embeddable":true,"href":"https:\/\/www.europesays.com\/fr\/wp-json\/wp\/v2\/media\/445567"}],"wp:attachment":[{"href":"https:\/\/www.europesays.com\/fr\/wp-json\/wp\/v2\/media?parent=445566"}],"wp:term":[{"taxonomy":"category","embeddable":true,"href":"https:\/\/www.europesays.com\/fr\/wp-json\/wp\/v2\/categories?post=445566"},{"taxonomy":"post_tag","embeddable":true,"href":"https:\/\/www.europesays.com\/fr\/wp-json\/wp\/v2\/tags?post=445566"}],"curies":[{"name":"wp","href":"https:\/\/api.w.org\/{rel}","templated":true}]}}