{"id":445568,"date":"2025-10-07T17:46:14","date_gmt":"2025-10-07T17:46:14","guid":{"rendered":"https:\/\/www.europesays.com\/fr\/445568\/"},"modified":"2025-10-07T17:46:14","modified_gmt":"2025-10-07T17:46:14","slug":"pourquoi-ca-va-etre-lenfer-de-circuler-a-paris-ce-dimanche","status":"publish","type":"post","link":"https:\/\/www.europesays.com\/fr\/445568\/","title":{"rendered":"Pourquoi \u00e7a va \u00eatre l\u2019enfer de circuler \u00e0 Paris ce dimanche\u00a0?"},"content":{"rendered":"<p>Si vous pensiez pouvoir <strong>vous d\u00e9placer ais\u00e9ment<\/strong> dans la capitale ce week-end, on est au regret de vous annoncer que \u00e7a ne sera pas le cas. Dimanche 12 octobre 2025, <strong>les Vredestein 20 km de Paris <\/strong>vont avoir lieu, rassemblant <strong>30 000 coureur\u00b7euse\u00b7s<\/strong>. Et aussi r\u00e9jouissant que cela puisse para\u00eetre, cette course va <a href=\"https:\/\/www.paris.fr\/pages\/les-perturbations-a-paris-31469\" rel=\"nofollow noopener noreferrer\" target=\"_blank\"><strong>impacter la circulation<\/strong><\/a> dans plusieurs arrondissements parisiens. On fait le point.\u00a0<\/p>\n<p>&#13;<\/p>\n<blockquote class=\"instagram-media\" data-instgrm-permalink=\"https:\/\/www.instagram.com\/reel\/DPBpWFEDLmO\/?utm_source=ig_embed&amp;utm_campaign=loading\" data-instgrm-version=\"14\" style=\"background: #FFF; border: 0; border-radius: 3px; box-shadow: 0 0 1px 0 rgba(0,0,0,0.5),0 1px 10px 0 rgba(0,0,0,0.15); margin: 1px; max-width: 540px; min-width: 326px; padding: 0; width: calc(100% - 2px);\"><p>&#13;<br \/>\n&#13;\n<\/p><\/blockquote>\n<p>&#13;<br \/>\n&#13;<br \/>\n<br \/><strong>La 47e \u00e9dition de cette course<\/strong>&#13;<\/p>\n<p>Comme chaque ann\u00e9e<strong> depuis 1979<\/strong>, les coureur\u00b7euse\u00b7s vont fouler les rues parisiennes \u00e0 l\u2019occasion des 20 km de Paris. Pour <strong>cette 47e \u00e9dition<\/strong>, le rendez-vous sera donn\u00e9 au pont d\u2019I\u00e9na \u00e0 9h pour ensuite arpenter les endroits <strong>les plus mythiques de l\u2019ouest parisien<\/strong> \u2014 Trocad\u00e9ro, Arc de Triomphe, bois de Boulogne, Roland-Garros, Grand Palais\u2026 \u2014 pour terminer <a href=\"https:\/\/www.lebonbon.fr\/paris\/actu\/nouveau-bouillon-champs-mars\/\" rel=\"nofollow noopener\" target=\"_blank\"><strong>au pied de la tour Eiffel<\/strong><\/a>.\u00a0<\/p>\n<p>&#13;<\/p>\n<blockquote class=\"instagram-media\" data-instgrm-permalink=\"https:\/\/www.instagram.com\/p\/DOyiilxjsQU\/?utm_source=ig_embed&amp;utm_campaign=loading\" data-instgrm-version=\"14\" style=\"background: #FFF; border: 0; border-radius: 3px; box-shadow: 0 0 1px 0 rgba(0,0,0,0.5),0 1px 10px 0 rgba(0,0,0,0.15); margin: 1px; max-width: 540px; min-width: 326px; padding: 0; width: calc(100% - 2px);\"><p>&#13;<br \/>\n&#13;\n<\/p><\/blockquote>\n<p>&#13;<br \/>\n&#13;<br \/>\n<br \/><strong>Des restrictions de circulation et de stationnement<\/strong>&#13;<\/p>\n<p><strong>D\u00e8s la fin de semaine<\/strong>, des restrictions de circulation li\u00e9es \u00e0 cette course vont \u00eatre impos\u00e9es. Il sera notamment impossible de circuler et stationner sur<strong> l\u2019avenue Joseph Bouvard<\/strong>, dans le 7e, du vendredi 10 octobre \u00e0 14h au dimanche 12 octobre \u00e0 18h.<\/p>\n<p>&#13;<\/p>\n<p>Le dimanche,<strong> \u00e0 partir du 1h30 du matin<\/strong>, le pont d\u2019I\u00e9na, la place de Varsovie, l\u2019avenue des Nations Unies, le quai Jacques Chirac, le quai Branly, ainsi que le rue Jean Rey et l\u2019avenue de Suffren (en partie), seront ferm\u00e9s \u00e0 la circulation. \u00c0 5h30, <strong>le quai d\u2019Orsay<\/strong> et l\u2019avenue Rapp rejoindront la liste. \u00c0 partir de 7h, <a href=\"https:\/\/www.lebonbon.fr\/paris\/news\/zone-a-trafic-limite-debut-verbalisations-encore-repousse\/\" rel=\"nofollow noopener\" target=\"_blank\"><strong>l\u2019acc\u00e8s au p\u00e9riph\u00e9rique<\/strong><\/a> par les sorties Porte Dauphine, Henri de Vaulx, Porte de Saint-Cloud, Porte Lafond et Porte Molitor sera impossible. Au m\u00eame moment, la circulation <strong>sera interdite<\/strong> pour tous les v\u00e9hicules \u00e0 moteur sur <strong>la voie Georges Pompidou et l\u2019avenue de New-York<\/strong>.<\/p>\n<p>&#13;<br \/>\n<br \/><strong>De nombreux axes ferm\u00e9s au v\u00e9hicules \u00e0 moteur<\/strong>&#13;<\/p>\n<p><strong>\u00c0 partir de 7h30<\/strong>, diff\u00e9rents axes seront compl\u00e8tement bloqu\u00e9s\u00a0: quai Saint-Exup\u00e9ry, souterrain Alma, cours Albert 1er, cours La Reine, souterrain Concorde, quai des Tuileries, quai Aim\u00e9 C\u00e9saire, <strong>pont Royal<\/strong>, promenade Edouard Glissant, promenade des Berges de la Seine-Andr\u00e9 Gorz, <strong>promenade Gis\u00e8le Halimi<\/strong>, place de la R\u00e9sistance.\u00a0<\/p>\n<p>&#13;<\/p>\n<p><strong>D\u00e8s 8h30<\/strong>, d\u2019autres emplacements qui se trouvent sur le parcours de course, s\u2019ajoutent \u00e0 la liste, comme <strong>la place de l\u2019Alma<\/strong>, l\u2019avenue Marceau, la rue de Presbourg, <strong>l\u2019avenue Foch<\/strong>, la place du Mar\u00e9chal de Lattre de Tassigny, la route de la Porte Dauphine \u00e0 la Porte des Sablons, l\u2019all\u00e9e de Longchamp, <strong>l\u2019all\u00e9e de la Reine Marguerite<\/strong>, le boulevard d\u2019Auteuil, la place de la Porte Molitor, le boulevard Murat, <strong>la place de la porte de Saint-Cloud<\/strong>, la rue du G\u00e9n\u00e9ral Niox.<\/p>\n<p>&#13;<\/p>\n<blockquote class=\"instagram-media\" data-instgrm-permalink=\"https:\/\/www.instagram.com\/p\/DMdIvgHNrJF\/?utm_source=ig_embed&amp;utm_campaign=loading\" data-instgrm-version=\"14\" style=\"background: #FFF; border: 0; border-radius: 3px; box-shadow: 0 0 1px 0 rgba(0,0,0,0.5),0 1px 10px 0 rgba(0,0,0,0.15); margin: 1px; max-width: 540px; min-width: 326px; padding: 0; width: calc(100% - 2px);\"><p>&#13;<br \/>\n&#13;\n<\/p><\/blockquote>\n<p>&#13;<br \/>\n<script async src=\"\/\/www.instagram.com\/embed.js\"><\/script><\/p>\n","protected":false},"excerpt":{"rendered":"Si vous pensiez pouvoir vous d\u00e9placer ais\u00e9ment dans la capitale ce week-end, on est au regret de vous&hellip;\n","protected":false},"author":2,"featured_media":445569,"comment_status":"","ping_status":"","sticky":false,"template":"","format":"standard","meta":{"footnotes":""},"categories":[1888],"tags":[1111,1928,11,1927,1777,674,1011,27,12,1926,626,1925,25],"class_list":{"0":"post-445568","1":"post","2":"type-post","3":"status-publish","4":"format-standard","5":"has-post-thumbnail","7":"category-paris","8":"tag-actu","9":"tag-actu-paris","10":"tag-actualites","11":"tag-actualites-paris","12":"tag-eu","13":"tag-europe","14":"tag-fr","15":"tag-france","16":"tag-news","17":"tag-news-paris","18":"tag-paris","19":"tag-paris-news","20":"tag-republique-francaise"},"share_on_mastodon":{"url":"https:\/\/pubeurope.com\/@fr\/115334137990476731","error":""},"_links":{"self":[{"href":"https:\/\/www.europesays.com\/fr\/wp-json\/wp\/v2\/posts\/445568","targetHints":{"allow":["GET"]}}],"collection":[{"href":"https:\/\/www.europesays.com\/fr\/wp-json\/wp\/v2\/posts"}],"about":[{"href":"https:\/\/www.europesays.com\/fr\/wp-json\/wp\/v2\/types\/post"}],"author":[{"embeddable":true,"href":"https:\/\/www.europesays.com\/fr\/wp-json\/wp\/v2\/users\/2"}],"replies":[{"embeddable":true,"href":"https:\/\/www.europesays.com\/fr\/wp-json\/wp\/v2\/comments?post=445568"}],"version-history":[{"count":0,"href":"https:\/\/www.europesays.com\/fr\/wp-json\/wp\/v2\/posts\/445568\/revisions"}],"wp:featuredmedia":[{"embeddable":true,"href":"https:\/\/www.europesays.com\/fr\/wp-json\/wp\/v2\/media\/445569"}],"wp:attachment":[{"href":"https:\/\/www.europesays.com\/fr\/wp-json\/wp\/v2\/media?parent=445568"}],"wp:term":[{"taxonomy":"category","embeddable":true,"href":"https:\/\/www.europesays.com\/fr\/wp-json\/wp\/v2\/categories?post=445568"},{"taxonomy":"post_tag","embeddable":true,"href":"https:\/\/www.europesays.com\/fr\/wp-json\/wp\/v2\/tags?post=445568"}],"curies":[{"name":"wp","href":"https:\/\/api.w.org\/{rel}","templated":true}]}}