{"id":445572,"date":"2025-10-07T17:48:15","date_gmt":"2025-10-07T17:48:15","guid":{"rendered":"https:\/\/www.europesays.com\/fr\/445572\/"},"modified":"2025-10-07T17:48:15","modified_gmt":"2025-10-07T17:48:15","slug":"le-signalement-pour-outrage-a-magistrat-visant-rachida-dati-classe-sans-suite-par-le-parquet-de-paris","status":"publish","type":"post","link":"https:\/\/www.europesays.com\/fr\/445572\/","title":{"rendered":"Le signalement pour outrage \u00e0 magistrat visant Rachida Dati class\u00e9 sans suite par le parquet de Paris"},"content":{"rendered":"<p>La ministre de la Culture d\u00e9missionnaire est encore poursuivie pour corruption et trafic d\u2019influence au c\u00f4t\u00e9 de l\u2019ex-patron de Renault-Nissan Carlos Ghosn.<\/p>\n<p class=\"fig-paragraph\">Le parquet de Paris a class\u00e9 sans suite le 16 septembre un signalement d\u00e9non\u00e7ant un outrage \u00e0 magistrat imput\u00e9 \u00e0\u00a0<a href=\"http:\/\/www.lefigaro.fr\/actualite-france\/affaire-renault-nissan-rachida-dati-fixee-prochainement-sur-les-dates-de-son-proces-pour-corruption-20250929\" data-fig-type=\"NewsFlash\" data-gtm-custom-categorie=\"navigation\" data-gtm-custom-action=\"crossclick\" data-gtm-custom-label=\"Contextuel\" data-gtm-event=\"customEventSPE\" data-fig-domain=\"LEFIGARO\" target=\"_blank\" rel=\"noopener\">Rachida Dati<\/a>, renvoy\u00e9e en correctionnelle dans l&rsquo;affaire Ghosn, a appris mardi l&rsquo;AFP de source proche du dossier, confirmant une information du journal Le Monde. Mi-juillet, deux juges d&rsquo;instruction parisiennes ont renvoy\u00e9 la ministre de la Culture d\u00e9missionnaire devant le tribunal correctionnel de Paris, au c\u00f4t\u00e9 de l&rsquo;ex-patron de Renault-Nissan\u00a0<a href=\"http:\/\/www.lefigaro.fr\/actualite-france\/rachida-dati-et-carlos-ghosn-renvoyes-en-proces-pour-corruption-et-trafic-d-influence-20250722\" data-fig-type=\"NewsFlash\" data-gtm-custom-categorie=\"navigation\" data-gtm-custom-action=\"crossclick\" data-gtm-custom-label=\"Contextuel\" data-gtm-event=\"customEventSPE\" data-fig-domain=\"LEFIGARO\" target=\"_blank\" rel=\"noopener\">Carlos Ghosn<\/a>, pour corruption et trafic d&rsquo;influence.<\/p>\n<p class=\"fig-paragraph\">Apr\u00e8s cette annonce de renvoi, l&rsquo;ex-garde des Sceaux avait vilipend\u00e9 sur LCI les magistrats \u00abqui refusent de faire leur travail conform\u00e9ment \u00e9videmment au code de proc\u00e9dure\u00bb, qui \u00abmarchent\u00bb sur les droits de la d\u00e9fense et perp\u00e9tueraient des \u00abatteintes graves\u00bb \u00e0 ces droits.<\/p>\n<p>                                    <a class=\"fig-a11y-skip a11y-hidden\" href=\"#fig-a11y-skip-main-inarticle\"><br \/>\n        Passer la publicit\u00e9<br \/>\n    <\/a><\/p>\n<p class=\"fig-paragraph\">Le militant \u00e9cologiste anticorruption de Grenoble Raymond Avrillier avait signal\u00e9 au parquet de Paris ces propos qui avaient suscit\u00e9 l&rsquo;indignation des magistrats, le pr\u00e9sident du tribunal judiciaire de Paris Peimane Ghaleh-Marzban d\u00e9non\u00e7ant \u00abl&rsquo;opprobre jet\u00e9 publiquement\u00bb sur leur profession.<\/p>\n<p>Des infractions \u00abpas suffisamment caract\u00e9ris\u00e9es\u00bb<\/p>\n<p class=\"fig-paragraph\">Dans un courrier du 16 septembre, un procureur parisien indique \u00e0 M. Avrillier avoir class\u00e9 sans suite sa d\u00e9nonciation car \u00abapr\u00e8s analyse, les qualifications d&rsquo;outrage \u00e0 magistrat et de discr\u00e9dit portant atteinte \u00e0 l&rsquo;autorit\u00e9 de la justice ou \u00e0 son ind\u00e9pendance n&rsquo;apparaissent pas suffisamment caract\u00e9ris\u00e9es\u00bb. Explication du magistrat: \u00abAucun magistrat n&rsquo;est nomm\u00e9ment vis\u00e9 et les propos incrimin\u00e9s ne (portent) pas de mani\u00e8re g\u00e9n\u00e9rale et ind\u00e9termin\u00e9e (discr\u00e9dit) \u00e0 l&rsquo;autorit\u00e9 judiciaire\u00bb.<\/p>\n<p class=\"fig-paragraph\">Sollicit\u00e9, M. Avrillier a indiqu\u00e9 \u00e0 l&rsquo;AFP que \u00able parquet de Paris ne prend pas en compte les faits r\u00e9els, \u00e0 savoir des propos portant atteinte \u00e0 l&rsquo;ind\u00e9pendance de magistrats nomm\u00e9ment vis\u00e9s\u00bb. Il ajoute qu&rsquo;il \u00abva donc \u00eatre contraint de saisir la hi\u00e9rarchie judiciaire, le procureur g\u00e9n\u00e9ral apr\u00e8s la cour d&rsquo;appel de Paris\u00bb, d&rsquo;un recours contre ce classement sans suite.<\/p>\n<p class=\"fig-paragraph\">Le proc\u00e8s Dati-Ghosn a \u00e9t\u00e9 fix\u00e9 \u00e0 septembre 2026, six mois apr\u00e8s les municipales o\u00f9 la maire LR du VIIe arrondissement de Paris entend conqu\u00e9rir l&rsquo;h\u00f4tel de ville de la capitale. Rachida Dati fait par ailleurs l&rsquo;objet d&rsquo;une enqu\u00eate judiciaire visant l&rsquo;\u00e9ventuelle non-d\u00e9claration de bijoux de luxe \u00e0 la Haute autorit\u00e9 pour la transparence de la vie publique (HATVP). Elle conteste l\u00e0 encore toute irr\u00e9gularit\u00e9. D&rsquo;autres signalements la visent en outre.<\/p>\n","protected":false},"excerpt":{"rendered":"La ministre de la Culture d\u00e9missionnaire est encore poursuivie pour corruption et trafic d\u2019influence au c\u00f4t\u00e9 de l\u2019ex-patron&hellip;\n","protected":false},"author":2,"featured_media":445573,"comment_status":"","ping_status":"","sticky":false,"template":"","format":"standard","meta":{"footnotes":""},"categories":[1888],"tags":[11,1777,674,1011,27,6194,12,626,10857,417,25],"class_list":{"0":"post-445572","1":"post","2":"type-post","3":"status-publish","4":"format-standard","5":"has-post-thumbnail","7":"category-paris","8":"tag-actualites","9":"tag-eu","10":"tag-europe","11":"tag-fr","12":"tag-france","13":"tag-magistrats","14":"tag-news","15":"tag-paris","16":"tag-parquet-de-paris","17":"tag-rachida-dati","18":"tag-republique-francaise"},"share_on_mastodon":{"url":"https:\/\/pubeurope.com\/@fr\/115334145881353773","error":""},"_links":{"self":[{"href":"https:\/\/www.europesays.com\/fr\/wp-json\/wp\/v2\/posts\/445572","targetHints":{"allow":["GET"]}}],"collection":[{"href":"https:\/\/www.europesays.com\/fr\/wp-json\/wp\/v2\/posts"}],"about":[{"href":"https:\/\/www.europesays.com\/fr\/wp-json\/wp\/v2\/types\/post"}],"author":[{"embeddable":true,"href":"https:\/\/www.europesays.com\/fr\/wp-json\/wp\/v2\/users\/2"}],"replies":[{"embeddable":true,"href":"https:\/\/www.europesays.com\/fr\/wp-json\/wp\/v2\/comments?post=445572"}],"version-history":[{"count":0,"href":"https:\/\/www.europesays.com\/fr\/wp-json\/wp\/v2\/posts\/445572\/revisions"}],"wp:featuredmedia":[{"embeddable":true,"href":"https:\/\/www.europesays.com\/fr\/wp-json\/wp\/v2\/media\/445573"}],"wp:attachment":[{"href":"https:\/\/www.europesays.com\/fr\/wp-json\/wp\/v2\/media?parent=445572"}],"wp:term":[{"taxonomy":"category","embeddable":true,"href":"https:\/\/www.europesays.com\/fr\/wp-json\/wp\/v2\/categories?post=445572"},{"taxonomy":"post_tag","embeddable":true,"href":"https:\/\/www.europesays.com\/fr\/wp-json\/wp\/v2\/tags?post=445572"}],"curies":[{"name":"wp","href":"https:\/\/api.w.org\/{rel}","templated":true}]}}