{"id":445601,"date":"2025-10-07T18:10:19","date_gmt":"2025-10-07T18:10:19","guid":{"rendered":"https:\/\/www.europesays.com\/fr\/445601\/"},"modified":"2025-10-07T18:10:19","modified_gmt":"2025-10-07T18:10:19","slug":"livre-avec-caracas-martinelli-agite-les-maracas-envoutantes-du-roman-noir-avec-talent","status":"publish","type":"post","link":"https:\/\/www.europesays.com\/fr\/445601\/","title":{"rendered":"Livre : Avec Caracas, Martinelli agite les maracas envo\u00fbtantes du roman noir avec talent"},"content":{"rendered":"<p class=\"intro\">L\u2019\u00e9crivain S\u00e9tois ne fait pas dans la salsa ou le merengue. Avec son dernier opus qui sort ce mercredi, il explore la veine du nature writing, avec des descriptions au scalpel dans la jungle hostile du Venezuela\u2026 Laissez-vous trimbaler dans cette fiction envo\u00fbtante.<\/p>\n<p><strong>Il fait tout pour garder son surnom d\u2019\u00e9crivain rock.<\/strong> Le S\u00e9tois Olivier Martinelli sera en concert jusqu\u2019\u00e0 jeudi \u00e0 Paris en premi\u00e8re partie des fameux The Woodentops groupe f\u00e9tiche dont il emporta une galette quand, \u00e9tudiant, il s\u2019exila un temps \u00e0 la R\u00e9union pour y terminer ses \u00e9tudes de maths. C\u2019est un grand Petit Poucet, Martinelli. Il vient de sortir un nouveau roman noir qui distille, lui aussi, une tr\u00e8s belle musique comme des notes pos\u00e9es sur un chemin que l\u2019on partage avec bonheur avec lui. Une trajectoire qui se d\u00e9couvre au fil des pages comme si on tra\u00e7ait l\u2019histoire \u00e0 son propre pr\u00e9sent, au fil des pages. Avec des coups de th\u00e9\u00e2tre comme autant de riffes rageurs d\u2019une guitare \u00e9lectrique : Caracas.<\/p>\n<p>C\u2019est un ouvrage envo\u00fbtant, animal m\u00eame<\/p>\n<p>Dans ce roman, on n\u2019est pas pris classiquement par la main avec un d\u00e9but classique, un milieu, une fin. Non, on est charri\u00e9s dans un flux d\u2019\u00e9v\u00e9nements et de pens\u00e9es. C\u2019est un ouvrage envo\u00fbtant, animal m\u00eame, on y ressent une multitude de sentiments, du mirage jusqu\u2019\u00e0 la r\u00e9demption, si l\u2019on se place du c\u00f4t\u00e9 d\u2019un tueur que l\u2019on aime bien\u2026 Le\u00a0premier chapitre existe depuis 15 ans ; il est paru dans un recueil de nouvelles sur le th\u00e8me de l\u2019instinct. \u201cUn jour j\u2019ai appris qu\u2019il existait deux tribus dans la Sierra Nevada et les deux se sont t\u00e9lescop\u00e9s dans ma t\u00eate ; \u00e7a a donn\u00e9 ce livre\u201d, pr\u00e9cise Olivier Martinelli qui a publi\u00e9 ce livre chez Kubik Editions.<\/p>\n<p>\u201cLe visage de Dolor\u00e8s s\u2019est d\u00e9shabill\u00e9 de son inqui\u00e9tude. Il m\u2019a fait l\u2019effet d\u2019un plongeon dans un lac transparent\u201d<br \/>\n<img loading=\"lazy\" decoding=\"async\" class=\"size-medium wp-image-105966\" src=\"https:\/\/www.europesays.com\/fr\/wp-content\/uploads\/2025\/10\/MARTINELLI-169x300.jpg\" alt=\"\" width=\"169\" height=\"300\"  \/>Ph. O.SC.<\/p>\n<p>Dans cet opus, qui se situe au Venezuela, m\u00eame la souffrance y est belle. M\u00eame les morts donnent tout leur sens \u00e0 la vie. Ce n\u2019est pas une \u00e9criture esth\u00e9tisante mais imm\u00e9diatement compr\u00e9hensible. Haletante qui, staccato, imprime la r\u00e9tine d\u2019une urgence sans cesse renouvel\u00e9e. On sent l\u2019haleine dans le cou du \u201ch\u00e9ros\u201d, Arthur, un Fran\u00e7ais dont on ne conna\u00eet l\u2019intrigue \u2013 prouesse ! \u2013 qu\u2019\u00e0 la page 75. De son kidnapping ubuesque \u00e0 la traque dont il est l\u2019objet \u00e0 sa survie, en passant par la description d\u2019\u00e9meutes \u2013 bien r\u00e9elles, elles \u2013 qui secou\u00e8rent ce pays pourtant riche avec son p\u00e9trole Et les intentions d\u2019une Dolor\u00e8s \u2013 qui signifie douleur\u2026 Un peu plus loin : \u201cLe visage de Dolor\u00e8s s\u2019est d\u00e9shabill\u00e9 de son inqui\u00e9tude. Il m\u2019a fait l\u2019effet d\u2019un plongeon dans un lac transparent.\u201d<\/p>\n<p>Comme poursuivi par un cauchemar<\/p>\n<p>Extrait : \u201cDolor\u00e8s ressemblait \u00e0 sa ville, \u00e0 la fois br\u00fblante, avide et prisonni\u00e8re. Je savais peu de choses sur elle. Mais je voulais la retrouver \u00e0 n\u2019importe quel prix. M\u00eame si le prix \u00e0 payer \u00e9tait ma propre vie. Jusqu\u2019\u00e0 aujourd\u2019hui, rien, dans mon existence, ne m\u2019\u00e9tait apparu avec une telle \u00e9vidence, une telle clart\u00e9. Depuis tant d\u2019ann\u00e9es d\u00e9j\u00e0, j\u2019\u00e9tais comme absent de moi-m\u00eame, encha\u00eenant les missions \u00e0 l\u2019\u00e9tranger. Ma vie affective \u00e9tait un d\u00e9sert.\u201d\u00a0On a tous le souvenir douloureux \u2013 dont le r\u00e9veil nous d\u00e9livre enfin ! \u2013 d\u2019un cauchemar o\u00f9 il faut \u00e9chapper \u00e0 un \u00e9v\u00e9nement morbide. Eh bien, il y a de cela dans le dernier opus de Martinelli : une urgence. Les Farc, des tueurs, une jungle hostile, des morts, un pays bouff\u00e9 par la corruption ; le poporo ; les chamans ; le chupacabra\u2026<\/p>\n<p>Mise en abymes d\u2019une souffrance qui souffre<\/p>\n<p>Olivier Martinelli a produit un roman \u00e0 vivre et dans lequel on est trimbal\u00e9s comme des brimborions heureux d\u2019\u00eatre aux avant-postes ; il y fait tomber des \u201cpluies de larmes\u201d ; nous fait voyager dans un univers o\u00f9 \u201cle fleuve est un rapace aux serres ac\u00e9r\u00e9es\u201d. Ce livre, il faut le lire d\u2019une traite. Il y a du 24-Heures Chrono mais aussi du No country for old Men des fr\u00e8res Coen tant son \u00e9criture cin\u00e9matographique se pare d\u2019un sc\u00e9nario \u00e9voquant une puissante et universelle histoire d\u2019amour contrari\u00e9e. C\u2019est m\u00eame une mise en abymes d\u2019une souffrance qui souffre.<\/p>\n<p>\u201cJe n\u2019aime pas les personnages immobiles\u201d, d\u00e9crypte Olivier Martinelli. Du roman noir, il en a d\u00e9j\u00e0 produit. \u201cJ\u2019ai voulu avec Caracas explorer une veine, le nature writing comme disent les anglais, confie l\u2019auteur. C\u2019est \u00e0 dire des intrigues qui se situent dans la nature ; dans des bicoques avec des alambics au fond du jardin. C\u2019est une litt\u00e9rature que j\u2019appr\u00e9cie beaucoup. La plupart de mes livres auparavant \u00e9taient urbains. L\u00e0, j\u2019ai voulu explorer ce genre de situation. J\u2019ai d\u00e9couvert un auteur canadien d\u2019origine indienne, Richard Wagames. Sa sp\u00e9cialit\u00e9, c\u2019est tout ce que je croyais d\u00e9tester : la description de paysages, notamment. A chaque fois, qu\u2019il d\u00e9crit un coucher de soleil, il me met les larmes aux yeux\u2026\u201d<\/p>\n<p>\u201cLe sentiment d\u2019\u00e9ternit\u00e9 vit un chaos<\/p>\n<p>Caracas, c\u2019est aussi et surtout une petite musique qui colle \u00e0 la peau. Cela peut \u00eatre celle de Nat King Cole, choisie par l\u2019auteur, qui se laisse surprendre dans son processus de cr\u00e9ation : (\u2026) \u201cDes larmes ont creus\u00e9 un chemin jusqu\u2019\u00e0 ma bouche, \u00e9crit-il. Elles \u00e9taient sal\u00e9es. Elles avaient le go\u00fbt de la peau de Dolor\u00e8s. J\u2019ai pass\u00e9 ma langue sur mes l\u00e8vres. Je me sentais \u00e0 la fois si vide et si plein d\u2019elle. T\u2019ai tourn\u00e9 mon visage vers le hublot et j\u2019ai souri \u00e0 son absence.\u201d Vivement la pr\u00e9sence d\u2019un prochain livre o\u00f9 \u201cle sentiment d\u2019\u00e9ternit\u00e9 vit un chaos\u201d.<\/p>\n<p style=\"text-align: right;\"><strong>Olivier SCHLAMA<\/strong><\/p>\n<p>Martinelli, on le suit !<\/p>\n<blockquote class=\"wp-embedded-content\" data-secret=\"QpuJXrwXub\">\n<p><a href=\"https:\/\/dis-leur.fr\/livre-dans-la-vie-devoree-olivier-martinelli-propose-une-poesie-de-lesperance\/\" rel=\"nofollow noopener\" target=\"_blank\">Livre : Dans la Vie D\u00e9vor\u00e9e, Olivier Martinelli propose une po\u00e9sie de l\u2019esp\u00e9rance<\/a><\/p>\n<\/blockquote>\n<p>\u00c0 lire aussi notre chronique litt\u00e9raire<\/p>\n<blockquote class=\"wp-embedded-content\" data-secret=\"WzjefCwTYb\">\n<p><a href=\"https:\/\/dis-leur.fr\/chronique-litteraire-comment-armer-sa-bibliotheque-pour-que-vive-le-reve-democratique\/\" rel=\"nofollow noopener\" target=\"_blank\">Chronique litt\u00e9raire : Comment armer sa biblioth\u00e8que pour que vive le r\u00eave d\u00e9mocratique<\/a><\/p>\n<\/blockquote>\n<p>\u00a0<\/p>\n","protected":false},"excerpt":{"rendered":"L\u2019\u00e9crivain S\u00e9tois ne fait pas dans la salsa ou le merengue. Avec son dernier opus qui sort ce&hellip;\n","protected":false},"author":2,"featured_media":445602,"comment_status":"","ping_status":"","sticky":false,"template":"","format":"standard","meta":{"footnotes":""},"categories":[1357],"tags":[1379,58,59,1011,27,1380],"class_list":{"0":"post-445601","1":"post","2":"type-post","3":"status-publish","4":"format-standard","5":"has-post-thumbnail","7":"category-livres","8":"tag-books","9":"tag-divertissement","10":"tag-entertainment","11":"tag-fr","12":"tag-france","13":"tag-livres"},"share_on_mastodon":{"url":"https:\/\/pubeurope.com\/@fr\/115334232855317659","error":""},"_links":{"self":[{"href":"https:\/\/www.europesays.com\/fr\/wp-json\/wp\/v2\/posts\/445601","targetHints":{"allow":["GET"]}}],"collection":[{"href":"https:\/\/www.europesays.com\/fr\/wp-json\/wp\/v2\/posts"}],"about":[{"href":"https:\/\/www.europesays.com\/fr\/wp-json\/wp\/v2\/types\/post"}],"author":[{"embeddable":true,"href":"https:\/\/www.europesays.com\/fr\/wp-json\/wp\/v2\/users\/2"}],"replies":[{"embeddable":true,"href":"https:\/\/www.europesays.com\/fr\/wp-json\/wp\/v2\/comments?post=445601"}],"version-history":[{"count":0,"href":"https:\/\/www.europesays.com\/fr\/wp-json\/wp\/v2\/posts\/445601\/revisions"}],"wp:featuredmedia":[{"embeddable":true,"href":"https:\/\/www.europesays.com\/fr\/wp-json\/wp\/v2\/media\/445602"}],"wp:attachment":[{"href":"https:\/\/www.europesays.com\/fr\/wp-json\/wp\/v2\/media?parent=445601"}],"wp:term":[{"taxonomy":"category","embeddable":true,"href":"https:\/\/www.europesays.com\/fr\/wp-json\/wp\/v2\/categories?post=445601"},{"taxonomy":"post_tag","embeddable":true,"href":"https:\/\/www.europesays.com\/fr\/wp-json\/wp\/v2\/tags?post=445601"}],"curies":[{"name":"wp","href":"https:\/\/api.w.org\/{rel}","templated":true}]}}