{"id":445613,"date":"2025-10-07T18:19:12","date_gmt":"2025-10-07T18:19:12","guid":{"rendered":"https:\/\/www.europesays.com\/fr\/445613\/"},"modified":"2025-10-07T18:19:12","modified_gmt":"2025-10-07T18:19:12","slug":"les-14-francais-expulses-disrael-dont-rima-hassan-sont-rentres","status":"publish","type":"post","link":"https:\/\/www.europesays.com\/fr\/445613\/","title":{"rendered":"Les 14 Fran\u00e7ais expuls\u00e9s d\u2019Isra\u00ebl, dont Rima Hassan, sont rentr\u00e9s"},"content":{"rendered":"<p>Ils avaient \u00e9t\u00e9 arraisonn\u00e9s en mer et expuls\u00e9s <a href=\"https:\/\/www.20minutes.fr\/monde\/israel\/\" class=\"c-link c-link--is-underlined\" target=\"_blank\" rel=\"noopener\">d\u2019Isra\u00ebl<\/a>. Quatorze Fran\u00e7ais qui avaient embarqu\u00e9 \u00e0 bord de la flottille pour <a href=\"https:\/\/www.20minutes.fr\/monde\/gaza\/\" class=\"c-link c-link--is-underlined\" target=\"_blank\" rel=\"noopener\">Gaza<\/a>, dont l\u2019eurod\u00e9put\u00e9e <a href=\"https:\/\/www.20minutes.fr\/politique\/rima-hassan\/\" class=\"c-link c-link--is-underlined\" target=\"_blank\" rel=\"noopener\">Rima Hassan<\/a>, ont atterri mardi \u00e0 l\u2019a\u00e9roport d\u2019Orly, dans le Val-de-Marne. \u00ab\u00a0On a \u00e9t\u00e9 trait\u00e9s comme des animaux\u00a0\u00bb, a d\u00e9nonc\u00e9 \u00e0 son arriv\u00e9e Yacine Haffaf, chirurgien et pr\u00e9sident du comit\u00e9 de pilotage fran\u00e7ais de la Global Sumud Flotilla, partie d\u00e9but septembre de Barcelone en Espagne.<\/p>\n<p>Il faisait partie des 14 ressortissants fran\u00e7ais qui ont atterri \u00e0 14h07 \u00e0 l\u2019a\u00e9roport d\u2019Orly en provenance d\u2019Ath\u00e8nes, o\u00f9 ils ont fait escale apr\u00e8s avoir \u00e9t\u00e9 expuls\u00e9s lundi d\u2019Isra\u00ebl. \u00ab\u00a0On avait tr\u00e8s peu d\u2019espoir de livrer cette aide humanitaire car on savait qu\u2019on serait arraisonn\u00e9s\u00a0\u00bb, a-t-il r\u00e9sum\u00e9. \u00ab\u00a0Le but \u00e9tait de diffuser l\u2019information au maximum pour r\u00e9veiller.\u00a0\u00bb<\/p>\n<p>\u00ab\u00a0Free Palestine\u00a0\u00bb<\/p>\n<p>A l\u2019a\u00e9roport d\u2019Orly, des drapeaux palestiniens et une cinquantaine de soutiens agitant keffiehs et scandant \u00ab\u00a0Free Palestine\u00a0\u00bb l\u2019ont accueilli, lui et 13 autres Fran\u00e7ais dont l\u2019\u00e9lue franco-palestinienne de La France insoumise (LFI) Rima Hassan. \u00ab\u00a0\u00c7a a \u00e9t\u00e9 in\u00e9dit, ce qu\u2019il s\u2019est pass\u00e9 avec la flottille\u00a0\u00bb, a d\u00e9clar\u00e9 \u00e0 la presse Rima Hassan. L\u2019\u00e9lue avait affirm\u00e9 la veille \u00e0 Ath\u00e8nes <a href=\"https:\/\/www.20minutes.fr\/monde\/espagne\/4177456-20251006-flottille-gaza-frappes-retour-espagnols-racontent-avoir-maltraites-israel\" class=\"c-link c-link--is-underlined\" target=\"_blank\" rel=\"noopener\">avoir \u00e9t\u00e9 \u00ab\u00a0battue\u00a0\u00bb au moment de son arrestation<\/a> par la police isra\u00e9lienne.<\/p>\n<p>Professeure en droit international et membre de la flottille, Lyna Dabal affirme elle aussi <a href=\"https:\/\/www.20minutes.fr\/monde\/4177569-20251006-flottille-gaza-rima-hassan-affirme-avoir-battue-policiers-israeliens\" class=\"c-link c-link--is-underlined\" target=\"_blank\" rel=\"noopener\">avoir subi des traitements violents<\/a>. En prison, \u00ab\u00a0nous avons \u00e9t\u00e9 priv\u00e9s de notre sommeil. Les gardiens frappaient \u00e0 nos portes pour nous compter et nous recompter\u00a0\u00bb, a-t-elle relat\u00e9.<\/p>\n<\/p>\n<p>La flottille Global Sumud est partie de Barcelone dans l\u2019objectif de rompre le blocus impos\u00e9 par Isra\u00ebl \u00e0 la bande de Gaza et de livrer de l\u2019aide humanitaire au territoire palestinien. La cinquantaine de bateaux qui la constituait a \u00e9t\u00e9 arraisonn\u00e9e au large de l\u2019Egypte et de la bande de Gaza entre mercredi et vendredi, de fa\u00e7on ill\u00e9gale selon les organisateurs et l\u2019ONG de d\u00e9fense des droits humains Amnesty International.<\/p>\n<p>470 personnes arr\u00eat\u00e9es<\/p>\n<p>Isra\u00ebl, qui accuse la flottille d\u2019\u00eatre une \u00e9manation du Hamas, le mouvement islamiste palestinien avec lequel il est en guerre depuis deux ans dans la bande de Gaza, affirme que les bateaux ont viol\u00e9 une zone interdite. Selon la police isra\u00e9lienne, plus de 470 personnes \u00e0 bord de ces bateaux ont \u00e9t\u00e9 arr\u00eat\u00e9es. <a href=\"https:\/\/www.20minutes.fr\/monde\/4177215-20251005-flottille-gaza-pres-moitie-49-espagnols-bord-devraient-quitter-israel-dimanche\" class=\"c-link c-link--is-underlined\" target=\"_blank\" rel=\"noopener\">Les expulsions ont commenc\u00e9 jeudi<\/a>.<\/p>\n<p>La guerre a \u00e9t\u00e9 d\u00e9clench\u00e9e \u00e0 Gaza par Isra\u00ebl en repr\u00e9sailles \u00e0 l\u2019attaque sans pr\u00e9c\u00e9dent du mouvement islamiste palestinien Hamas sur le sol isra\u00e9lien <a href=\"https:\/\/www.20minutes.fr\/monde\/israel\/4177726-20251007-guerre-israel-hamas-attentat-7-octobre-reponse-historique-occupation-affirme-hamas\" class=\"c-link c-link--is-underlined\" target=\"_blank\" rel=\"noopener\">il y a tout juste deux ans, le 7\u00a0octobre 2023.<\/a><\/p>\n","protected":false},"excerpt":{"rendered":"Ils avaient \u00e9t\u00e9 arraisonn\u00e9s en mer et expuls\u00e9s d\u2019Isra\u00ebl. Quatorze Fran\u00e7ais qui avaient embarqu\u00e9 \u00e0 bord de la&hellip;\n","protected":false},"author":2,"featured_media":445614,"comment_status":"","ping_status":"","sticky":false,"template":"","format":"standard","meta":{"footnotes":""},"categories":[5],"tags":[47,11,659,3259,1011,27,665,14,664,74,12,15442,28],"class_list":{"0":"post-445613","1":"post","2":"type-post","3":"status-publish","4":"format-standard","5":"has-post-thumbnail","7":"category-international","8":"tag-actualite","9":"tag-actualites","10":"tag-aeroport-dorly","11":"tag-conflit-israelo-palestinien","12":"tag-fr","13":"tag-france","14":"tag-gaza","15":"tag-international","16":"tag-israel","17":"tag-monde","18":"tag-news","19":"tag-rima-hassan","20":"tag-world"},"share_on_mastodon":{"url":"https:\/\/pubeurope.com\/@fr\/115334267852684300","error":""},"_links":{"self":[{"href":"https:\/\/www.europesays.com\/fr\/wp-json\/wp\/v2\/posts\/445613","targetHints":{"allow":["GET"]}}],"collection":[{"href":"https:\/\/www.europesays.com\/fr\/wp-json\/wp\/v2\/posts"}],"about":[{"href":"https:\/\/www.europesays.com\/fr\/wp-json\/wp\/v2\/types\/post"}],"author":[{"embeddable":true,"href":"https:\/\/www.europesays.com\/fr\/wp-json\/wp\/v2\/users\/2"}],"replies":[{"embeddable":true,"href":"https:\/\/www.europesays.com\/fr\/wp-json\/wp\/v2\/comments?post=445613"}],"version-history":[{"count":0,"href":"https:\/\/www.europesays.com\/fr\/wp-json\/wp\/v2\/posts\/445613\/revisions"}],"wp:featuredmedia":[{"embeddable":true,"href":"https:\/\/www.europesays.com\/fr\/wp-json\/wp\/v2\/media\/445614"}],"wp:attachment":[{"href":"https:\/\/www.europesays.com\/fr\/wp-json\/wp\/v2\/media?parent=445613"}],"wp:term":[{"taxonomy":"category","embeddable":true,"href":"https:\/\/www.europesays.com\/fr\/wp-json\/wp\/v2\/categories?post=445613"},{"taxonomy":"post_tag","embeddable":true,"href":"https:\/\/www.europesays.com\/fr\/wp-json\/wp\/v2\/tags?post=445613"}],"curies":[{"name":"wp","href":"https:\/\/api.w.org\/{rel}","templated":true}]}}