{"id":445618,"date":"2025-10-07T18:22:39","date_gmt":"2025-10-07T18:22:39","guid":{"rendered":"https:\/\/www.europesays.com\/fr\/445618\/"},"modified":"2025-10-07T18:22:39","modified_gmt":"2025-10-07T18:22:39","slug":"deux-amis-malgaches-en-visite-dans-la-commune","status":"publish","type":"post","link":"https:\/\/www.europesays.com\/fr\/445618\/","title":{"rendered":"deux amis malgaches en visite dans la commune"},"content":{"rendered":"<p>Maximin et Sylvain, deux habitants de l\u2019\u00eele malgache de Sainte-Marie, viennent de passer quelques jours \u00e0 Saint-Priest-en-Jarez.<\/p>\n<p>L\u2019\u00eele de Sainte-Marie est situ\u00e9e \u00e0 7\u00a0km au nord-est de la grande \u00eele malgache. C\u2019est \u00e0 la fois une commune et une pr\u00e9fecture de 32\u00a0000 habitants. \u00ab\u00a0La population vit surtout de l\u2019agriculture et de la p\u00eache\u00a0\u00bb, explique Sylvain, qui estime que le jumelage est tr\u00e8s b\u00e9n\u00e9fique. \u00ab\u00a0Je suis un&#8230;<\/p>\n","protected":false},"excerpt":{"rendered":"Maximin et Sylvain, deux habitants de l\u2019\u00eele malgache de Sainte-Marie, viennent de passer quelques jours \u00e0 Saint-Priest-en-Jarez. L\u2019\u00eele&hellip;\n","protected":false},"author":2,"featured_media":445619,"comment_status":"","ping_status":"","sticky":false,"template":"","format":"standard","meta":{"footnotes":""},"categories":[9653],"tags":[1111,11,2430,7539,1777,674,1011,27,12,25,4001,9664,15696,104,1631],"class_list":{"0":"post-445618","1":"post","2":"type-post","3":"status-publish","4":"format-standard","5":"has-post-thumbnail","7":"category-saint-etienne","8":"tag-actu","9":"tag-actualites","10":"tag-auvergne-rhone-alpes","11":"tag-edition-loire-sud","12":"tag-eu","13":"tag-europe","14":"tag-fr","15":"tag-france","16":"tag-news","17":"tag-republique-francaise","18":"tag-saint-etienne","19":"tag-saint-etienne-bassin","20":"tag-saint-priest-en-jarez","21":"tag-societe","22":"tag-vie-associative"},"share_on_mastodon":{"url":"https:\/\/pubeurope.com\/@fr\/115334279572937606","error":""},"_links":{"self":[{"href":"https:\/\/www.europesays.com\/fr\/wp-json\/wp\/v2\/posts\/445618","targetHints":{"allow":["GET"]}}],"collection":[{"href":"https:\/\/www.europesays.com\/fr\/wp-json\/wp\/v2\/posts"}],"about":[{"href":"https:\/\/www.europesays.com\/fr\/wp-json\/wp\/v2\/types\/post"}],"author":[{"embeddable":true,"href":"https:\/\/www.europesays.com\/fr\/wp-json\/wp\/v2\/users\/2"}],"replies":[{"embeddable":true,"href":"https:\/\/www.europesays.com\/fr\/wp-json\/wp\/v2\/comments?post=445618"}],"version-history":[{"count":0,"href":"https:\/\/www.europesays.com\/fr\/wp-json\/wp\/v2\/posts\/445618\/revisions"}],"wp:featuredmedia":[{"embeddable":true,"href":"https:\/\/www.europesays.com\/fr\/wp-json\/wp\/v2\/media\/445619"}],"wp:attachment":[{"href":"https:\/\/www.europesays.com\/fr\/wp-json\/wp\/v2\/media?parent=445618"}],"wp:term":[{"taxonomy":"category","embeddable":true,"href":"https:\/\/www.europesays.com\/fr\/wp-json\/wp\/v2\/categories?post=445618"},{"taxonomy":"post_tag","embeddable":true,"href":"https:\/\/www.europesays.com\/fr\/wp-json\/wp\/v2\/tags?post=445618"}],"curies":[{"name":"wp","href":"https:\/\/api.w.org\/{rel}","templated":true}]}}